{"id":231473,"date":"2025-02-26T08:31:37","date_gmt":"2025-02-26T08:31:37","guid":{"rendered":"https:\/\/priceless-carson.188-95-114-7.plesk.page\/visite-de-la-commission-des-transports-et-du-tourisme-du-parlement-europeen\/"},"modified":"2026-04-15T12:35:39","modified_gmt":"2026-04-15T12:35:39","slug":"visite-de-la-commission-des-transports-et-du-tourisme-du-parlement-europeen","status":"publish","type":"post","link":"https:\/\/distracted-northcutt.31-24-154-105.plesk.page\/fr\/visite-de-la-commission-des-transports-et-du-tourisme-du-parlement-europeen\/","title":{"rendered":"Visite de la commission des transports et du tourisme du Parlement europ\u00e9en"},"content":{"rendered":"<p>[et_pb_section fb_built=\u00a0\u00bb1&Prime; admin_label=\u00a0\u00bbsection\u00a0\u00bb _builder_version=\u00a0\u00bb4.16&Prime; custom_padding=\u00a0\u00bb9px|||||\u00a0\u00bb global_colors_info=\u00a0\u00bb{}\u00a0\u00bb][et_pb_row admin_label=\u00a0\u00bbrang\u00e9e\u00a0\u00bb _builder_version=\u00a0\u00bb4.16&Prime; background_size=\u00a0\u00bbinitial\u00a0\u00bb background_position=\u00a0\u00bbtop_left\u00a0\u00bb background_repeat=\u00a0\u00bbrepeat\u00a0\u00bb custom_padding=\u00a0\u00bb11px|||||\u00a0\u00bb global_colors_info=\u00a0\u00bb{}\u00a0\u00bb][et_pb_column type=\u00a0\u00bb4_4&Prime; _builder_version=\u00a0\u00bb4.16&Prime; custom_padding=\u00a0\u00bb|||\u00a0\u00bb global_colors_info=\u00a0\u00bb{}\u00a0\u00bb custom_padding__hover=\u00a0\u00bb|||\u00a0\u00bb][et_pb_text _builder_version=\u00a0\u00bb4.27.4&Prime; _module_preset=\u00a0\u00bbdefault\u00a0\u00bb global_colors_info=\u00a0\u00bb{}\u00a0\u00bb]Une d\u00e9l\u00e9gation de d\u00e9put\u00e9s europ\u00e9ens de la commission des transports et du tourisme (TRAN) du Parlement europ\u00e9en s&rsquo;est rendue en Aragon du 24 au 27 f\u00e9vrier pour rencontrer les autorit\u00e9s nationales, r\u00e9gionales et locales, ainsi que divers repr\u00e9sentants du secteur des transports et de la soci\u00e9t\u00e9 civile, afin d&rsquo;\u00e9valuer le potentiel de la r\u00e9gion en tant que plaque tournante de la logistique dans le sud de l&rsquo;Europe.  <\/p>\n<p>Le directeur g\u00e9n\u00e9ral de la Fondation transpyr\u00e9n\u00e9enne a particip\u00e9 aux visites de la d\u00e9l\u00e9gation \u00e0 Saragosse et \u00e0 Canfranc. Dans ce contexte, l&rsquo;impact des r\u00e9seaux europ\u00e9ens de transport en Aragon a \u00e9t\u00e9 analys\u00e9, en particulier dans le cadre des connexions transfrontali\u00e8res. Dans ce contexte, le gouvernement d&rsquo;Aragon a insist\u00e9 sur la promotion de la Travers\u00e9e Centrale des Pyr\u00e9n\u00e9es (TCP) en tant que corridor ferroviaire strat\u00e9gique qui renforcerait le d\u00e9veloppement logistique du continent et son syst\u00e8me de d\u00e9fense, ainsi que sur la n\u00e9cessit\u00e9 de r\u00e9tablir le trafic de la ligne ferroviaire internationale Saragosse-Canfranc-Pau et du corridor Cantabrique-M\u00e9diterran\u00e9e.[\/et_pb_text][et_pb_image src=\u00a0\u00bbhttps:\/\/distracted-northcutt.31-24-154-105.plesk.page\/wp-content\/uploads\/2025\/11\/Visita-Comision-Transportes-y-Turismo-2.jpg\u00a0\u00bb title_text=\u00a0\u00bbVisit-Commission-Transport-et-Tourisme-2&Prime; _builder_version=\u00a0\u00bb4.27.4&Prime; _module_preset=\u00a0\u00bbdefault\u00a0\u00bb global_colors_info=\u00a0\u00bb{}\u00a0\u00bb][\/et_pb_image][\/et_pb_column][\/et_pb_row][\/et_pb_section]<\/p>\n","protected":false},"excerpt":{"rendered":"<p>Une d\u00e9l\u00e9gation de d\u00e9put\u00e9s europ\u00e9ens de la commission des transports et du tourisme (TRAN) du Parlement europ\u00e9en s&rsquo;est rendue en Aragon du 24 au 27 [&hellip;]<\/p>\n","protected":false},"author":2,"featured_media":231475,"comment_status":"open","ping_status":"open","sticky":false,"template":"","format":"standard","meta":{"_et_pb_use_builder":"on","_et_pb_old_content":"","_et_gb_content_width":"","footnotes":""},"categories":[10],"tags":[],"class_list":["post-231473","post","type-post","status-publish","format-standard","has-post-thumbnail","hentry","category-non-classe"],"yoast_head":"<!-- This site is optimized with the Yoast SEO plugin v27.4 - https:\/\/yoast.com\/product\/yoast-seo-wordpress\/ -->\n<title>Visite de la commission des transports et du tourisme du Parlement europ\u00e9en - Transpirenaica<\/title>\n<meta name=\"robots\" content=\"noindex, follow, max-snippet:-1, max-image-preview:large, max-video-preview:-1\" \/>\n<meta property=\"og:locale\" content=\"fr_FR\" \/>\n<meta property=\"og:type\" content=\"article\" \/>\n<meta property=\"og:title\" content=\"Visite de la commission des transports et du tourisme du Parlement europ\u00e9en - Transpirenaica\" \/>\n<meta property=\"og:description\" content=\"Une d\u00e9l\u00e9gation de d\u00e9put\u00e9s europ\u00e9ens de la commission des transports et du tourisme (TRAN) du Parlement europ\u00e9en s&#039;est rendue en Aragon du 24 au 27 [&hellip;]\" \/>\n<meta property=\"og:url\" content=\"https:\/\/distracted-northcutt.31-24-154-105.plesk.page\/fr\/visite-de-la-commission-des-transports-et-du-tourisme-du-parlement-europeen\/\" \/>\n<meta property=\"og:site_name\" content=\"Transpirenaica\" \/>\n<meta property=\"article:published_time\" content=\"2025-02-26T08:31:37+00:00\" \/>\n<meta property=\"article:modified_time\" content=\"2026-04-15T12:35:39+00:00\" \/>\n<meta property=\"og:image\" content=\"https:\/\/priceless-carson.188-95-114-7.plesk.page\/wp-content\/uploads\/2025\/11\/Visita-Comision-Transportes-y-Turismo-1.jpg\" \/>\n\t<meta property=\"og:image:width\" content=\"795\" \/>\n\t<meta property=\"og:image:height\" content=\"552\" \/>\n\t<meta property=\"og:image:type\" content=\"image\/jpeg\" \/>\n<meta name=\"author\" content=\"Transpirinaica\" \/>\n<meta name=\"twitter:card\" content=\"summary_large_image\" \/>\n<meta name=\"twitter:label1\" content=\"\u00c9crit par\" \/>\n\t<meta name=\"twitter:data1\" content=\"Transpirinaica\" \/>\n\t<meta name=\"twitter:label2\" content=\"Dur\u00e9e de lecture estim\u00e9e\" \/>\n\t<meta name=\"twitter:data2\" content=\"1 minute\" \/>\n<script type=\"application\/ld+json\" class=\"yoast-schema-graph\">{\"@context\":\"https:\\\/\\\/schema.org\",\"@graph\":[{\"@type\":\"Article\",\"@id\":\"https:\\\/\\\/distracted-northcutt.31-24-154-105.plesk.page\\\/fr\\\/visite-de-la-commission-des-transports-et-du-tourisme-du-parlement-europeen\\\/#article\",\"isPartOf\":{\"@id\":\"https:\\\/\\\/distracted-northcutt.31-24-154-105.plesk.page\\\/fr\\\/visite-de-la-commission-des-transports-et-du-tourisme-du-parlement-europeen\\\/\"},\"author\":{\"name\":\"Transpirinaica\",\"@id\":\"https:\\\/\\\/distracted-northcutt.31-24-154-105.plesk.page\\\/fr\\\/#\\\/schema\\\/person\\\/bed177a72fa56765778e748fb312d115\"},\"headline\":\"Visite de la commission des transports et du tourisme du Parlement europ\u00e9en\",\"datePublished\":\"2025-02-26T08:31:37+00:00\",\"dateModified\":\"2026-04-15T12:35:39+00:00\",\"mainEntityOfPage\":{\"@id\":\"https:\\\/\\\/distracted-northcutt.31-24-154-105.plesk.page\\\/fr\\\/visite-de-la-commission-des-transports-et-du-tourisme-du-parlement-europeen\\\/\"},\"wordCount\":316,\"commentCount\":0,\"image\":{\"@id\":\"https:\\\/\\\/distracted-northcutt.31-24-154-105.plesk.page\\\/fr\\\/visite-de-la-commission-des-transports-et-du-tourisme-du-parlement-europeen\\\/#primaryimage\"},\"thumbnailUrl\":\"https:\\\/\\\/distracted-northcutt.31-24-154-105.plesk.page\\\/wp-content\\\/uploads\\\/2025\\\/11\\\/Visita-Comision-Transportes-y-Turismo-1.jpg\",\"inLanguage\":\"fr-FR\",\"potentialAction\":[{\"@type\":\"CommentAction\",\"name\":\"Comment\",\"target\":[\"https:\\\/\\\/distracted-northcutt.31-24-154-105.plesk.page\\\/fr\\\/visite-de-la-commission-des-transports-et-du-tourisme-du-parlement-europeen\\\/#respond\"]}]},{\"@type\":\"WebPage\",\"@id\":\"https:\\\/\\\/distracted-northcutt.31-24-154-105.plesk.page\\\/fr\\\/visite-de-la-commission-des-transports-et-du-tourisme-du-parlement-europeen\\\/\",\"url\":\"https:\\\/\\\/distracted-northcutt.31-24-154-105.plesk.page\\\/fr\\\/visite-de-la-commission-des-transports-et-du-tourisme-du-parlement-europeen\\\/\",\"name\":\"Visite de la commission des transports et du tourisme du Parlement europ\u00e9en - Transpirenaica\",\"isPartOf\":{\"@id\":\"https:\\\/\\\/distracted-northcutt.31-24-154-105.plesk.page\\\/fr\\\/#website\"},\"primaryImageOfPage\":{\"@id\":\"https:\\\/\\\/distracted-northcutt.31-24-154-105.plesk.page\\\/fr\\\/visite-de-la-commission-des-transports-et-du-tourisme-du-parlement-europeen\\\/#primaryimage\"},\"image\":{\"@id\":\"https:\\\/\\\/distracted-northcutt.31-24-154-105.plesk.page\\\/fr\\\/visite-de-la-commission-des-transports-et-du-tourisme-du-parlement-europeen\\\/#primaryimage\"},\"thumbnailUrl\":\"https:\\\/\\\/distracted-northcutt.31-24-154-105.plesk.page\\\/wp-content\\\/uploads\\\/2025\\\/11\\\/Visita-Comision-Transportes-y-Turismo-1.jpg\",\"datePublished\":\"2025-02-26T08:31:37+00:00\",\"dateModified\":\"2026-04-15T12:35:39+00:00\",\"author\":{\"@id\":\"https:\\\/\\\/distracted-northcutt.31-24-154-105.plesk.page\\\/fr\\\/#\\\/schema\\\/person\\\/bed177a72fa56765778e748fb312d115\"},\"breadcrumb\":{\"@id\":\"https:\\\/\\\/distracted-northcutt.31-24-154-105.plesk.page\\\/fr\\\/visite-de-la-commission-des-transports-et-du-tourisme-du-parlement-europeen\\\/#breadcrumb\"},\"inLanguage\":\"fr-FR\",\"potentialAction\":[{\"@type\":\"ReadAction\",\"target\":[\"https:\\\/\\\/distracted-northcutt.31-24-154-105.plesk.page\\\/fr\\\/visite-de-la-commission-des-transports-et-du-tourisme-du-parlement-europeen\\\/\"]}]},{\"@type\":\"ImageObject\",\"inLanguage\":\"fr-FR\",\"@id\":\"https:\\\/\\\/distracted-northcutt.31-24-154-105.plesk.page\\\/fr\\\/visite-de-la-commission-des-transports-et-du-tourisme-du-parlement-europeen\\\/#primaryimage\",\"url\":\"https:\\\/\\\/distracted-northcutt.31-24-154-105.plesk.page\\\/wp-content\\\/uploads\\\/2025\\\/11\\\/Visita-Comision-Transportes-y-Turismo-1.jpg\",\"contentUrl\":\"https:\\\/\\\/distracted-northcutt.31-24-154-105.plesk.page\\\/wp-content\\\/uploads\\\/2025\\\/11\\\/Visita-Comision-Transportes-y-Turismo-1.jpg\",\"width\":795,\"height\":552},{\"@type\":\"BreadcrumbList\",\"@id\":\"https:\\\/\\\/distracted-northcutt.31-24-154-105.plesk.page\\\/fr\\\/visite-de-la-commission-des-transports-et-du-tourisme-du-parlement-europeen\\\/#breadcrumb\",\"itemListElement\":[{\"@type\":\"ListItem\",\"position\":1,\"name\":\"Portada\",\"item\":\"https:\\\/\\\/distracted-northcutt.31-24-154-105.plesk.page\\\/fr\\\/\"},{\"@type\":\"ListItem\",\"position\":2,\"name\":\"Visite de la commission des transports et du tourisme du Parlement europ\u00e9en\"}]},{\"@type\":\"WebSite\",\"@id\":\"https:\\\/\\\/distracted-northcutt.31-24-154-105.plesk.page\\\/fr\\\/#website\",\"url\":\"https:\\\/\\\/distracted-northcutt.31-24-154-105.plesk.page\\\/fr\\\/\",\"name\":\"Transpirenaica\",\"description\":\"Cooperaci\u00f3n y desarrollo sostenible  en Arag\u00f3n\",\"potentialAction\":[{\"@type\":\"SearchAction\",\"target\":{\"@type\":\"EntryPoint\",\"urlTemplate\":\"https:\\\/\\\/distracted-northcutt.31-24-154-105.plesk.page\\\/fr\\\/?s={search_term_string}\"},\"query-input\":{\"@type\":\"PropertyValueSpecification\",\"valueRequired\":true,\"valueName\":\"search_term_string\"}}],\"inLanguage\":\"fr-FR\"},{\"@type\":\"Person\",\"@id\":\"https:\\\/\\\/distracted-northcutt.31-24-154-105.plesk.page\\\/fr\\\/#\\\/schema\\\/person\\\/bed177a72fa56765778e748fb312d115\",\"name\":\"Transpirinaica\",\"image\":{\"@type\":\"ImageObject\",\"inLanguage\":\"fr-FR\",\"@id\":\"https:\\\/\\\/secure.gravatar.com\\\/avatar\\\/fe35d32b21526b39d15dea6c5d2aa09c1db6c901548f987afe7ac21cea36d758?s=96&d=mm&r=g\",\"url\":\"https:\\\/\\\/secure.gravatar.com\\\/avatar\\\/fe35d32b21526b39d15dea6c5d2aa09c1db6c901548f987afe7ac21cea36d758?s=96&d=mm&r=g\",\"contentUrl\":\"https:\\\/\\\/secure.gravatar.com\\\/avatar\\\/fe35d32b21526b39d15dea6c5d2aa09c1db6c901548f987afe7ac21cea36d758?s=96&d=mm&r=g\",\"caption\":\"Transpirinaica\"},\"url\":\"https:\\\/\\\/distracted-northcutt.31-24-154-105.plesk.page\\\/fr\\\/author\\\/o10mediab\\\/\"}]}<\/script>\n<!-- \/ Yoast SEO plugin. -->","yoast_head_json":{"title":"Visite de la commission des transports et du tourisme du Parlement europ\u00e9en - Transpirenaica","robots":{"index":"noindex","follow":"follow","max-snippet":"max-snippet:-1","max-image-preview":"max-image-preview:large","max-video-preview":"max-video-preview:-1"},"og_locale":"fr_FR","og_type":"article","og_title":"Visite de la commission des transports et du tourisme du Parlement europ\u00e9en - Transpirenaica","og_description":"Une d\u00e9l\u00e9gation de d\u00e9put\u00e9s europ\u00e9ens de la commission des transports et du tourisme (TRAN) du Parlement europ\u00e9en s'est rendue en Aragon du 24 au 27 [&hellip;]","og_url":"https:\/\/distracted-northcutt.31-24-154-105.plesk.page\/fr\/visite-de-la-commission-des-transports-et-du-tourisme-du-parlement-europeen\/","og_site_name":"Transpirenaica","article_published_time":"2025-02-26T08:31:37+00:00","article_modified_time":"2026-04-15T12:35:39+00:00","og_image":[{"width":795,"height":552,"url":"https:\/\/priceless-carson.188-95-114-7.plesk.page\/wp-content\/uploads\/2025\/11\/Visita-Comision-Transportes-y-Turismo-1.jpg","type":"image\/jpeg"}],"author":"Transpirinaica","twitter_card":"summary_large_image","twitter_misc":{"\u00c9crit par":"Transpirinaica","Dur\u00e9e de lecture estim\u00e9e":"1 minute"},"schema":{"@context":"https:\/\/schema.org","@graph":[{"@type":"Article","@id":"https:\/\/distracted-northcutt.31-24-154-105.plesk.page\/fr\/visite-de-la-commission-des-transports-et-du-tourisme-du-parlement-europeen\/#article","isPartOf":{"@id":"https:\/\/distracted-northcutt.31-24-154-105.plesk.page\/fr\/visite-de-la-commission-des-transports-et-du-tourisme-du-parlement-europeen\/"},"author":{"name":"Transpirinaica","@id":"https:\/\/distracted-northcutt.31-24-154-105.plesk.page\/fr\/#\/schema\/person\/bed177a72fa56765778e748fb312d115"},"headline":"Visite de la commission des transports et du tourisme du Parlement europ\u00e9en","datePublished":"2025-02-26T08:31:37+00:00","dateModified":"2026-04-15T12:35:39+00:00","mainEntityOfPage":{"@id":"https:\/\/distracted-northcutt.31-24-154-105.plesk.page\/fr\/visite-de-la-commission-des-transports-et-du-tourisme-du-parlement-europeen\/"},"wordCount":316,"commentCount":0,"image":{"@id":"https:\/\/distracted-northcutt.31-24-154-105.plesk.page\/fr\/visite-de-la-commission-des-transports-et-du-tourisme-du-parlement-europeen\/#primaryimage"},"thumbnailUrl":"https:\/\/distracted-northcutt.31-24-154-105.plesk.page\/wp-content\/uploads\/2025\/11\/Visita-Comision-Transportes-y-Turismo-1.jpg","inLanguage":"fr-FR","potentialAction":[{"@type":"CommentAction","name":"Comment","target":["https:\/\/distracted-northcutt.31-24-154-105.plesk.page\/fr\/visite-de-la-commission-des-transports-et-du-tourisme-du-parlement-europeen\/#respond"]}]},{"@type":"WebPage","@id":"https:\/\/distracted-northcutt.31-24-154-105.plesk.page\/fr\/visite-de-la-commission-des-transports-et-du-tourisme-du-parlement-europeen\/","url":"https:\/\/distracted-northcutt.31-24-154-105.plesk.page\/fr\/visite-de-la-commission-des-transports-et-du-tourisme-du-parlement-europeen\/","name":"Visite de la commission des transports et du tourisme du Parlement europ\u00e9en - Transpirenaica","isPartOf":{"@id":"https:\/\/distracted-northcutt.31-24-154-105.plesk.page\/fr\/#website"},"primaryImageOfPage":{"@id":"https:\/\/distracted-northcutt.31-24-154-105.plesk.page\/fr\/visite-de-la-commission-des-transports-et-du-tourisme-du-parlement-europeen\/#primaryimage"},"image":{"@id":"https:\/\/distracted-northcutt.31-24-154-105.plesk.page\/fr\/visite-de-la-commission-des-transports-et-du-tourisme-du-parlement-europeen\/#primaryimage"},"thumbnailUrl":"https:\/\/distracted-northcutt.31-24-154-105.plesk.page\/wp-content\/uploads\/2025\/11\/Visita-Comision-Transportes-y-Turismo-1.jpg","datePublished":"2025-02-26T08:31:37+00:00","dateModified":"2026-04-15T12:35:39+00:00","author":{"@id":"https:\/\/distracted-northcutt.31-24-154-105.plesk.page\/fr\/#\/schema\/person\/bed177a72fa56765778e748fb312d115"},"breadcrumb":{"@id":"https:\/\/distracted-northcutt.31-24-154-105.plesk.page\/fr\/visite-de-la-commission-des-transports-et-du-tourisme-du-parlement-europeen\/#breadcrumb"},"inLanguage":"fr-FR","potentialAction":[{"@type":"ReadAction","target":["https:\/\/distracted-northcutt.31-24-154-105.plesk.page\/fr\/visite-de-la-commission-des-transports-et-du-tourisme-du-parlement-europeen\/"]}]},{"@type":"ImageObject","inLanguage":"fr-FR","@id":"https:\/\/distracted-northcutt.31-24-154-105.plesk.page\/fr\/visite-de-la-commission-des-transports-et-du-tourisme-du-parlement-europeen\/#primaryimage","url":"https:\/\/distracted-northcutt.31-24-154-105.plesk.page\/wp-content\/uploads\/2025\/11\/Visita-Comision-Transportes-y-Turismo-1.jpg","contentUrl":"https:\/\/distracted-northcutt.31-24-154-105.plesk.page\/wp-content\/uploads\/2025\/11\/Visita-Comision-Transportes-y-Turismo-1.jpg","width":795,"height":552},{"@type":"BreadcrumbList","@id":"https:\/\/distracted-northcutt.31-24-154-105.plesk.page\/fr\/visite-de-la-commission-des-transports-et-du-tourisme-du-parlement-europeen\/#breadcrumb","itemListElement":[{"@type":"ListItem","position":1,"name":"Portada","item":"https:\/\/distracted-northcutt.31-24-154-105.plesk.page\/fr\/"},{"@type":"ListItem","position":2,"name":"Visite de la commission des transports et du tourisme du Parlement europ\u00e9en"}]},{"@type":"WebSite","@id":"https:\/\/distracted-northcutt.31-24-154-105.plesk.page\/fr\/#website","url":"https:\/\/distracted-northcutt.31-24-154-105.plesk.page\/fr\/","name":"Transpirenaica","description":"Cooperaci\u00f3n y desarrollo sostenible  en Arag\u00f3n","potentialAction":[{"@type":"SearchAction","target":{"@type":"EntryPoint","urlTemplate":"https:\/\/distracted-northcutt.31-24-154-105.plesk.page\/fr\/?s={search_term_string}"},"query-input":{"@type":"PropertyValueSpecification","valueRequired":true,"valueName":"search_term_string"}}],"inLanguage":"fr-FR"},{"@type":"Person","@id":"https:\/\/distracted-northcutt.31-24-154-105.plesk.page\/fr\/#\/schema\/person\/bed177a72fa56765778e748fb312d115","name":"Transpirinaica","image":{"@type":"ImageObject","inLanguage":"fr-FR","@id":"https:\/\/secure.gravatar.com\/avatar\/fe35d32b21526b39d15dea6c5d2aa09c1db6c901548f987afe7ac21cea36d758?s=96&d=mm&r=g","url":"https:\/\/secure.gravatar.com\/avatar\/fe35d32b21526b39d15dea6c5d2aa09c1db6c901548f987afe7ac21cea36d758?s=96&d=mm&r=g","contentUrl":"https:\/\/secure.gravatar.com\/avatar\/fe35d32b21526b39d15dea6c5d2aa09c1db6c901548f987afe7ac21cea36d758?s=96&d=mm&r=g","caption":"Transpirinaica"},"url":"https:\/\/distracted-northcutt.31-24-154-105.plesk.page\/fr\/author\/o10mediab\/"}]}},"_links":{"self":[{"href":"https:\/\/distracted-northcutt.31-24-154-105.plesk.page\/fr\/wp-json\/wp\/v2\/posts\/231473","targetHints":{"allow":["GET"]}}],"collection":[{"href":"https:\/\/distracted-northcutt.31-24-154-105.plesk.page\/fr\/wp-json\/wp\/v2\/posts"}],"about":[{"href":"https:\/\/distracted-northcutt.31-24-154-105.plesk.page\/fr\/wp-json\/wp\/v2\/types\/post"}],"author":[{"embeddable":true,"href":"https:\/\/distracted-northcutt.31-24-154-105.plesk.page\/fr\/wp-json\/wp\/v2\/users\/2"}],"replies":[{"embeddable":true,"href":"https:\/\/distracted-northcutt.31-24-154-105.plesk.page\/fr\/wp-json\/wp\/v2\/comments?post=231473"}],"version-history":[{"count":1,"href":"https:\/\/distracted-northcutt.31-24-154-105.plesk.page\/fr\/wp-json\/wp\/v2\/posts\/231473\/revisions"}],"predecessor-version":[{"id":231484,"href":"https:\/\/distracted-northcutt.31-24-154-105.plesk.page\/fr\/wp-json\/wp\/v2\/posts\/231473\/revisions\/231484"}],"wp:featuredmedia":[{"embeddable":true,"href":"https:\/\/distracted-northcutt.31-24-154-105.plesk.page\/fr\/wp-json\/wp\/v2\/media\/231475"}],"wp:attachment":[{"href":"https:\/\/distracted-northcutt.31-24-154-105.plesk.page\/fr\/wp-json\/wp\/v2\/media?parent=231473"}],"wp:term":[{"taxonomy":"category","embeddable":true,"href":"https:\/\/distracted-northcutt.31-24-154-105.plesk.page\/fr\/wp-json\/wp\/v2\/categories?post=231473"},{"taxonomy":"post_tag","embeddable":true,"href":"https:\/\/distracted-northcutt.31-24-154-105.plesk.page\/fr\/wp-json\/wp\/v2\/tags?post=231473"}],"curies":[{"name":"wp","href":"https:\/\/api.w.org\/{rel}","templated":true}]}}