{"id":231452,"date":"2025-04-02T08:28:45","date_gmt":"2025-04-02T08:28:45","guid":{"rendered":"https:\/\/priceless-carson.188-95-114-7.plesk.page\/signature-dun-protocole-entre-le-gouvernement-daragon-et-lautorite-portuaire-de-valence-valencia\/"},"modified":"2026-04-15T12:35:39","modified_gmt":"2026-04-15T12:35:39","slug":"signature-dun-protocole-entre-le-gouvernement-daragon-et-lautorite-portuaire-de-valence-valencia","status":"publish","type":"post","link":"https:\/\/distracted-northcutt.31-24-154-105.plesk.page\/fr\/signature-dun-protocole-entre-le-gouvernement-daragon-et-lautorite-portuaire-de-valence-valencia\/","title":{"rendered":"Signature d&rsquo;un protocole entre le gouvernement d&rsquo;Aragon et l&rsquo;autorit\u00e9 portuaire de Valence (Valencia)"},"content":{"rendered":"<p>[et_pb_section fb_built=\u00a0\u00bb1&Prime; admin_label=\u00a0\u00bbsection\u00a0\u00bb _builder_version=\u00a0\u00bb4.16&Prime; custom_padding=\u00a0\u00bb9px|||||\u00a0\u00bb global_colors_info=\u00a0\u00bb{}\u00a0\u00bb][et_pb_row admin_label=\u00a0\u00bbrang\u00e9e\u00a0\u00bb _builder_version=\u00a0\u00bb4.16&Prime; background_size=\u00a0\u00bbinitial\u00a0\u00bb background_position=\u00a0\u00bbtop_left\u00a0\u00bb background_repeat=\u00a0\u00bbrepeat\u00a0\u00bb custom_padding=\u00a0\u00bb11px|||||\u00a0\u00bb global_colors_info=\u00a0\u00bb{}\u00a0\u00bb][et_pb_column type=\u00a0\u00bb4_4&Prime; _builder_version=\u00a0\u00bb4.16&Prime; custom_padding=\u00a0\u00bb|||\u00a0\u00bb global_colors_info=\u00a0\u00bb{}\u00a0\u00bb custom_padding__hover=\u00a0\u00bb|||\u00a0\u00bb][et_pb_text _builder_version=\u00a0\u00bb4.27.4&Prime; _module_preset=\u00a0\u00bbdefault\u00a0\u00bb header_2_line_height=\u00a0\u00bb1.3em\u00a0\u00bb hover_enabled=\u00a0\u00bb0&Prime; global_colors_info=\u00a0\u00bb{}\u00a0\u00bb sticky_enabled=\u00a0\u00bb0&Prime;]Le ministre r\u00e9gional du D\u00e9veloppement, du Logement, de la Logistique et de la Coh\u00e9sion territoriale, Octavio L\u00f3pez, et le pr\u00e9sident du port de Valence, Mar Chao, ont sign\u00e9 un protocole pour le d\u00e9veloppement intermodal d&rsquo;un terrain de la plate-forme de Saragosse et du terminal ferroviaire de Teruel. Ce protocole pr\u00e9voit la mise en \u0153uvre d&rsquo;une s\u00e9rie d&rsquo;actions conjointes entre le gouvernement d&rsquo;Aragon et l&rsquo;APV, telles que la promotion de l&rsquo;intermodalit\u00e9 ferroviaire pour faciliter la mise en place d&rsquo;un service d&rsquo;autoroute ferroviaire entre les deux plateformes logistiques aragonaises et les ports de Valence et de Sagunto, la collaboration avec les op\u00e9rateurs logistiques dans la recherche de solutions de transport multimodal et d&rsquo;initiatives pour soutenir la Travers\u00e9e Centrale des Pyr\u00e9n\u00e9es (TCP), afin de g\u00e9n\u00e9rer une liaison ferroviaire de grande capacit\u00e9 reliant la p\u00e9ninsule ib\u00e9rique au reste de l&rsquo;Europe via la France sans risque d&rsquo;effondrement des postes fronti\u00e8res d&rsquo;Ir\u00fan et de Portbou.   [\/et_pb_text][et_pb_image src=\u00a0\u00bbhttps:\/\/distracted-northcutt.31-24-154-105.plesk.page\/wp-content\/uploads\/2025\/11\/firma-protocolo-aragon-valencia-2.jpg\u00a0\u00bb title_text=\u00a0\u00bbsignature-protocole-aragon-valencia-2&Prime; align=\u00a0\u00bbcenter\u00a0\u00bb _builder_version=\u00a0\u00bb4.27.4&Prime; _module_preset=\u00a0\u00bbdefault\u00a0\u00bb hover_enabled=\u00a0\u00bb0&Prime; global_colors_info=\u00a0\u00bb{}\u00a0\u00bb sticky_enabled=\u00a0\u00bb0&Prime;][\/et_pb_image][\/et_pb_column][\/et_pb_row][\/et_pb_section]<\/p>\n","protected":false},"excerpt":{"rendered":"<p>Le ministre r\u00e9gional du D\u00e9veloppement, du Logement, de la Logistique et de la Coh\u00e9sion territoriale, Octavio L\u00f3pez, et le pr\u00e9sident du port de Valence, Mar [&hellip;]<\/p>\n","protected":false},"author":2,"featured_media":231455,"comment_status":"open","ping_status":"open","sticky":false,"template":"","format":"standard","meta":{"_et_pb_use_builder":"on","_et_pb_old_content":"","_et_gb_content_width":"","footnotes":""},"categories":[10],"tags":[],"class_list":["post-231452","post","type-post","status-publish","format-standard","has-post-thumbnail","hentry","category-non-classe"],"yoast_head":"<!-- This site is optimized with the Yoast SEO plugin v27.4 - https:\/\/yoast.com\/product\/yoast-seo-wordpress\/ -->\n<title>Signature d&#039;un protocole entre le gouvernement d&#039;Aragon et l&#039;autorit\u00e9 portuaire de Valence (Valencia) - Transpirenaica<\/title>\n<meta name=\"robots\" content=\"noindex, follow, max-snippet:-1, max-image-preview:large, max-video-preview:-1\" \/>\n<meta property=\"og:locale\" content=\"fr_FR\" \/>\n<meta property=\"og:type\" content=\"article\" \/>\n<meta property=\"og:title\" content=\"Signature d&#039;un protocole entre le gouvernement d&#039;Aragon et l&#039;autorit\u00e9 portuaire de Valence (Valencia) - Transpirenaica\" \/>\n<meta property=\"og:description\" content=\"Le ministre r\u00e9gional du D\u00e9veloppement, du Logement, de la Logistique et de la Coh\u00e9sion territoriale, Octavio L\u00f3pez, et le pr\u00e9sident du port de Valence, Mar [&hellip;]\" \/>\n<meta property=\"og:url\" content=\"https:\/\/distracted-northcutt.31-24-154-105.plesk.page\/fr\/signature-dun-protocole-entre-le-gouvernement-daragon-et-lautorite-portuaire-de-valence-valencia\/\" \/>\n<meta property=\"og:site_name\" content=\"Transpirenaica\" \/>\n<meta property=\"article:published_time\" content=\"2025-04-02T08:28:45+00:00\" \/>\n<meta property=\"article:modified_time\" content=\"2026-04-15T12:35:39+00:00\" \/>\n<meta property=\"og:image\" content=\"https:\/\/priceless-carson.188-95-114-7.plesk.page\/wp-content\/uploads\/2025\/11\/firma-protocolo-aragon-valencia-1.jpg\" \/>\n\t<meta property=\"og:image:width\" content=\"795\" \/>\n\t<meta property=\"og:image:height\" content=\"552\" \/>\n\t<meta property=\"og:image:type\" content=\"image\/jpeg\" \/>\n<meta name=\"author\" content=\"Transpirinaica\" \/>\n<meta name=\"twitter:card\" content=\"summary_large_image\" \/>\n<meta name=\"twitter:label1\" content=\"\u00c9crit par\" \/>\n\t<meta name=\"twitter:data1\" content=\"Transpirinaica\" \/>\n\t<meta name=\"twitter:label2\" content=\"Dur\u00e9e de lecture estim\u00e9e\" \/>\n\t<meta name=\"twitter:data2\" content=\"1 minute\" \/>\n<script type=\"application\/ld+json\" class=\"yoast-schema-graph\">{\"@context\":\"https:\\\/\\\/schema.org\",\"@graph\":[{\"@type\":\"Article\",\"@id\":\"https:\\\/\\\/distracted-northcutt.31-24-154-105.plesk.page\\\/fr\\\/signature-dun-protocole-entre-le-gouvernement-daragon-et-lautorite-portuaire-de-valence-valencia\\\/#article\",\"isPartOf\":{\"@id\":\"https:\\\/\\\/distracted-northcutt.31-24-154-105.plesk.page\\\/fr\\\/signature-dun-protocole-entre-le-gouvernement-daragon-et-lautorite-portuaire-de-valence-valencia\\\/\"},\"author\":{\"name\":\"Transpirinaica\",\"@id\":\"https:\\\/\\\/distracted-northcutt.31-24-154-105.plesk.page\\\/fr\\\/#\\\/schema\\\/person\\\/bed177a72fa56765778e748fb312d115\"},\"headline\":\"Signature d&rsquo;un protocole entre le gouvernement d&rsquo;Aragon et l&rsquo;autorit\u00e9 portuaire de Valence (Valencia)\",\"datePublished\":\"2025-04-02T08:28:45+00:00\",\"dateModified\":\"2026-04-15T12:35:39+00:00\",\"mainEntityOfPage\":{\"@id\":\"https:\\\/\\\/distracted-northcutt.31-24-154-105.plesk.page\\\/fr\\\/signature-dun-protocole-entre-le-gouvernement-daragon-et-lautorite-portuaire-de-valence-valencia\\\/\"},\"wordCount\":316,\"commentCount\":0,\"image\":{\"@id\":\"https:\\\/\\\/distracted-northcutt.31-24-154-105.plesk.page\\\/fr\\\/signature-dun-protocole-entre-le-gouvernement-daragon-et-lautorite-portuaire-de-valence-valencia\\\/#primaryimage\"},\"thumbnailUrl\":\"https:\\\/\\\/distracted-northcutt.31-24-154-105.plesk.page\\\/wp-content\\\/uploads\\\/2025\\\/11\\\/firma-protocolo-aragon-valencia-1.jpg\",\"inLanguage\":\"fr-FR\",\"potentialAction\":[{\"@type\":\"CommentAction\",\"name\":\"Comment\",\"target\":[\"https:\\\/\\\/distracted-northcutt.31-24-154-105.plesk.page\\\/fr\\\/signature-dun-protocole-entre-le-gouvernement-daragon-et-lautorite-portuaire-de-valence-valencia\\\/#respond\"]}]},{\"@type\":\"WebPage\",\"@id\":\"https:\\\/\\\/distracted-northcutt.31-24-154-105.plesk.page\\\/fr\\\/signature-dun-protocole-entre-le-gouvernement-daragon-et-lautorite-portuaire-de-valence-valencia\\\/\",\"url\":\"https:\\\/\\\/distracted-northcutt.31-24-154-105.plesk.page\\\/fr\\\/signature-dun-protocole-entre-le-gouvernement-daragon-et-lautorite-portuaire-de-valence-valencia\\\/\",\"name\":\"Signature d'un protocole entre le gouvernement d'Aragon et l'autorit\u00e9 portuaire de Valence (Valencia) - Transpirenaica\",\"isPartOf\":{\"@id\":\"https:\\\/\\\/distracted-northcutt.31-24-154-105.plesk.page\\\/fr\\\/#website\"},\"primaryImageOfPage\":{\"@id\":\"https:\\\/\\\/distracted-northcutt.31-24-154-105.plesk.page\\\/fr\\\/signature-dun-protocole-entre-le-gouvernement-daragon-et-lautorite-portuaire-de-valence-valencia\\\/#primaryimage\"},\"image\":{\"@id\":\"https:\\\/\\\/distracted-northcutt.31-24-154-105.plesk.page\\\/fr\\\/signature-dun-protocole-entre-le-gouvernement-daragon-et-lautorite-portuaire-de-valence-valencia\\\/#primaryimage\"},\"thumbnailUrl\":\"https:\\\/\\\/distracted-northcutt.31-24-154-105.plesk.page\\\/wp-content\\\/uploads\\\/2025\\\/11\\\/firma-protocolo-aragon-valencia-1.jpg\",\"datePublished\":\"2025-04-02T08:28:45+00:00\",\"dateModified\":\"2026-04-15T12:35:39+00:00\",\"author\":{\"@id\":\"https:\\\/\\\/distracted-northcutt.31-24-154-105.plesk.page\\\/fr\\\/#\\\/schema\\\/person\\\/bed177a72fa56765778e748fb312d115\"},\"breadcrumb\":{\"@id\":\"https:\\\/\\\/distracted-northcutt.31-24-154-105.plesk.page\\\/fr\\\/signature-dun-protocole-entre-le-gouvernement-daragon-et-lautorite-portuaire-de-valence-valencia\\\/#breadcrumb\"},\"inLanguage\":\"fr-FR\",\"potentialAction\":[{\"@type\":\"ReadAction\",\"target\":[\"https:\\\/\\\/distracted-northcutt.31-24-154-105.plesk.page\\\/fr\\\/signature-dun-protocole-entre-le-gouvernement-daragon-et-lautorite-portuaire-de-valence-valencia\\\/\"]}]},{\"@type\":\"ImageObject\",\"inLanguage\":\"fr-FR\",\"@id\":\"https:\\\/\\\/distracted-northcutt.31-24-154-105.plesk.page\\\/fr\\\/signature-dun-protocole-entre-le-gouvernement-daragon-et-lautorite-portuaire-de-valence-valencia\\\/#primaryimage\",\"url\":\"https:\\\/\\\/distracted-northcutt.31-24-154-105.plesk.page\\\/wp-content\\\/uploads\\\/2025\\\/11\\\/firma-protocolo-aragon-valencia-1.jpg\",\"contentUrl\":\"https:\\\/\\\/distracted-northcutt.31-24-154-105.plesk.page\\\/wp-content\\\/uploads\\\/2025\\\/11\\\/firma-protocolo-aragon-valencia-1.jpg\",\"width\":795,\"height\":552},{\"@type\":\"BreadcrumbList\",\"@id\":\"https:\\\/\\\/distracted-northcutt.31-24-154-105.plesk.page\\\/fr\\\/signature-dun-protocole-entre-le-gouvernement-daragon-et-lautorite-portuaire-de-valence-valencia\\\/#breadcrumb\",\"itemListElement\":[{\"@type\":\"ListItem\",\"position\":1,\"name\":\"Portada\",\"item\":\"https:\\\/\\\/distracted-northcutt.31-24-154-105.plesk.page\\\/fr\\\/\"},{\"@type\":\"ListItem\",\"position\":2,\"name\":\"Signature d&rsquo;un protocole entre le gouvernement d&rsquo;Aragon et l&rsquo;autorit\u00e9 portuaire de Valence (Valencia)\"}]},{\"@type\":\"WebSite\",\"@id\":\"https:\\\/\\\/distracted-northcutt.31-24-154-105.plesk.page\\\/fr\\\/#website\",\"url\":\"https:\\\/\\\/distracted-northcutt.31-24-154-105.plesk.page\\\/fr\\\/\",\"name\":\"Transpirenaica\",\"description\":\"Cooperaci\u00f3n y desarrollo sostenible  en Arag\u00f3n\",\"potentialAction\":[{\"@type\":\"SearchAction\",\"target\":{\"@type\":\"EntryPoint\",\"urlTemplate\":\"https:\\\/\\\/distracted-northcutt.31-24-154-105.plesk.page\\\/fr\\\/?s={search_term_string}\"},\"query-input\":{\"@type\":\"PropertyValueSpecification\",\"valueRequired\":true,\"valueName\":\"search_term_string\"}}],\"inLanguage\":\"fr-FR\"},{\"@type\":\"Person\",\"@id\":\"https:\\\/\\\/distracted-northcutt.31-24-154-105.plesk.page\\\/fr\\\/#\\\/schema\\\/person\\\/bed177a72fa56765778e748fb312d115\",\"name\":\"Transpirinaica\",\"image\":{\"@type\":\"ImageObject\",\"inLanguage\":\"fr-FR\",\"@id\":\"https:\\\/\\\/secure.gravatar.com\\\/avatar\\\/fe35d32b21526b39d15dea6c5d2aa09c1db6c901548f987afe7ac21cea36d758?s=96&d=mm&r=g\",\"url\":\"https:\\\/\\\/secure.gravatar.com\\\/avatar\\\/fe35d32b21526b39d15dea6c5d2aa09c1db6c901548f987afe7ac21cea36d758?s=96&d=mm&r=g\",\"contentUrl\":\"https:\\\/\\\/secure.gravatar.com\\\/avatar\\\/fe35d32b21526b39d15dea6c5d2aa09c1db6c901548f987afe7ac21cea36d758?s=96&d=mm&r=g\",\"caption\":\"Transpirinaica\"},\"url\":\"https:\\\/\\\/distracted-northcutt.31-24-154-105.plesk.page\\\/fr\\\/author\\\/o10mediab\\\/\"}]}<\/script>\n<!-- \/ Yoast SEO plugin. -->","yoast_head_json":{"title":"Signature d'un protocole entre le gouvernement d'Aragon et l'autorit\u00e9 portuaire de Valence (Valencia) - Transpirenaica","robots":{"index":"noindex","follow":"follow","max-snippet":"max-snippet:-1","max-image-preview":"max-image-preview:large","max-video-preview":"max-video-preview:-1"},"og_locale":"fr_FR","og_type":"article","og_title":"Signature d'un protocole entre le gouvernement d'Aragon et l'autorit\u00e9 portuaire de Valence (Valencia) - Transpirenaica","og_description":"Le ministre r\u00e9gional du D\u00e9veloppement, du Logement, de la Logistique et de la Coh\u00e9sion territoriale, Octavio L\u00f3pez, et le pr\u00e9sident du port de Valence, Mar [&hellip;]","og_url":"https:\/\/distracted-northcutt.31-24-154-105.plesk.page\/fr\/signature-dun-protocole-entre-le-gouvernement-daragon-et-lautorite-portuaire-de-valence-valencia\/","og_site_name":"Transpirenaica","article_published_time":"2025-04-02T08:28:45+00:00","article_modified_time":"2026-04-15T12:35:39+00:00","og_image":[{"width":795,"height":552,"url":"https:\/\/priceless-carson.188-95-114-7.plesk.page\/wp-content\/uploads\/2025\/11\/firma-protocolo-aragon-valencia-1.jpg","type":"image\/jpeg"}],"author":"Transpirinaica","twitter_card":"summary_large_image","twitter_misc":{"\u00c9crit par":"Transpirinaica","Dur\u00e9e de lecture estim\u00e9e":"1 minute"},"schema":{"@context":"https:\/\/schema.org","@graph":[{"@type":"Article","@id":"https:\/\/distracted-northcutt.31-24-154-105.plesk.page\/fr\/signature-dun-protocole-entre-le-gouvernement-daragon-et-lautorite-portuaire-de-valence-valencia\/#article","isPartOf":{"@id":"https:\/\/distracted-northcutt.31-24-154-105.plesk.page\/fr\/signature-dun-protocole-entre-le-gouvernement-daragon-et-lautorite-portuaire-de-valence-valencia\/"},"author":{"name":"Transpirinaica","@id":"https:\/\/distracted-northcutt.31-24-154-105.plesk.page\/fr\/#\/schema\/person\/bed177a72fa56765778e748fb312d115"},"headline":"Signature d&rsquo;un protocole entre le gouvernement d&rsquo;Aragon et l&rsquo;autorit\u00e9 portuaire de Valence (Valencia)","datePublished":"2025-04-02T08:28:45+00:00","dateModified":"2026-04-15T12:35:39+00:00","mainEntityOfPage":{"@id":"https:\/\/distracted-northcutt.31-24-154-105.plesk.page\/fr\/signature-dun-protocole-entre-le-gouvernement-daragon-et-lautorite-portuaire-de-valence-valencia\/"},"wordCount":316,"commentCount":0,"image":{"@id":"https:\/\/distracted-northcutt.31-24-154-105.plesk.page\/fr\/signature-dun-protocole-entre-le-gouvernement-daragon-et-lautorite-portuaire-de-valence-valencia\/#primaryimage"},"thumbnailUrl":"https:\/\/distracted-northcutt.31-24-154-105.plesk.page\/wp-content\/uploads\/2025\/11\/firma-protocolo-aragon-valencia-1.jpg","inLanguage":"fr-FR","potentialAction":[{"@type":"CommentAction","name":"Comment","target":["https:\/\/distracted-northcutt.31-24-154-105.plesk.page\/fr\/signature-dun-protocole-entre-le-gouvernement-daragon-et-lautorite-portuaire-de-valence-valencia\/#respond"]}]},{"@type":"WebPage","@id":"https:\/\/distracted-northcutt.31-24-154-105.plesk.page\/fr\/signature-dun-protocole-entre-le-gouvernement-daragon-et-lautorite-portuaire-de-valence-valencia\/","url":"https:\/\/distracted-northcutt.31-24-154-105.plesk.page\/fr\/signature-dun-protocole-entre-le-gouvernement-daragon-et-lautorite-portuaire-de-valence-valencia\/","name":"Signature d'un protocole entre le gouvernement d'Aragon et l'autorit\u00e9 portuaire de Valence (Valencia) - Transpirenaica","isPartOf":{"@id":"https:\/\/distracted-northcutt.31-24-154-105.plesk.page\/fr\/#website"},"primaryImageOfPage":{"@id":"https:\/\/distracted-northcutt.31-24-154-105.plesk.page\/fr\/signature-dun-protocole-entre-le-gouvernement-daragon-et-lautorite-portuaire-de-valence-valencia\/#primaryimage"},"image":{"@id":"https:\/\/distracted-northcutt.31-24-154-105.plesk.page\/fr\/signature-dun-protocole-entre-le-gouvernement-daragon-et-lautorite-portuaire-de-valence-valencia\/#primaryimage"},"thumbnailUrl":"https:\/\/distracted-northcutt.31-24-154-105.plesk.page\/wp-content\/uploads\/2025\/11\/firma-protocolo-aragon-valencia-1.jpg","datePublished":"2025-04-02T08:28:45+00:00","dateModified":"2026-04-15T12:35:39+00:00","author":{"@id":"https:\/\/distracted-northcutt.31-24-154-105.plesk.page\/fr\/#\/schema\/person\/bed177a72fa56765778e748fb312d115"},"breadcrumb":{"@id":"https:\/\/distracted-northcutt.31-24-154-105.plesk.page\/fr\/signature-dun-protocole-entre-le-gouvernement-daragon-et-lautorite-portuaire-de-valence-valencia\/#breadcrumb"},"inLanguage":"fr-FR","potentialAction":[{"@type":"ReadAction","target":["https:\/\/distracted-northcutt.31-24-154-105.plesk.page\/fr\/signature-dun-protocole-entre-le-gouvernement-daragon-et-lautorite-portuaire-de-valence-valencia\/"]}]},{"@type":"ImageObject","inLanguage":"fr-FR","@id":"https:\/\/distracted-northcutt.31-24-154-105.plesk.page\/fr\/signature-dun-protocole-entre-le-gouvernement-daragon-et-lautorite-portuaire-de-valence-valencia\/#primaryimage","url":"https:\/\/distracted-northcutt.31-24-154-105.plesk.page\/wp-content\/uploads\/2025\/11\/firma-protocolo-aragon-valencia-1.jpg","contentUrl":"https:\/\/distracted-northcutt.31-24-154-105.plesk.page\/wp-content\/uploads\/2025\/11\/firma-protocolo-aragon-valencia-1.jpg","width":795,"height":552},{"@type":"BreadcrumbList","@id":"https:\/\/distracted-northcutt.31-24-154-105.plesk.page\/fr\/signature-dun-protocole-entre-le-gouvernement-daragon-et-lautorite-portuaire-de-valence-valencia\/#breadcrumb","itemListElement":[{"@type":"ListItem","position":1,"name":"Portada","item":"https:\/\/distracted-northcutt.31-24-154-105.plesk.page\/fr\/"},{"@type":"ListItem","position":2,"name":"Signature d&rsquo;un protocole entre le gouvernement d&rsquo;Aragon et l&rsquo;autorit\u00e9 portuaire de Valence (Valencia)"}]},{"@type":"WebSite","@id":"https:\/\/distracted-northcutt.31-24-154-105.plesk.page\/fr\/#website","url":"https:\/\/distracted-northcutt.31-24-154-105.plesk.page\/fr\/","name":"Transpirenaica","description":"Cooperaci\u00f3n y desarrollo sostenible  en Arag\u00f3n","potentialAction":[{"@type":"SearchAction","target":{"@type":"EntryPoint","urlTemplate":"https:\/\/distracted-northcutt.31-24-154-105.plesk.page\/fr\/?s={search_term_string}"},"query-input":{"@type":"PropertyValueSpecification","valueRequired":true,"valueName":"search_term_string"}}],"inLanguage":"fr-FR"},{"@type":"Person","@id":"https:\/\/distracted-northcutt.31-24-154-105.plesk.page\/fr\/#\/schema\/person\/bed177a72fa56765778e748fb312d115","name":"Transpirinaica","image":{"@type":"ImageObject","inLanguage":"fr-FR","@id":"https:\/\/secure.gravatar.com\/avatar\/fe35d32b21526b39d15dea6c5d2aa09c1db6c901548f987afe7ac21cea36d758?s=96&d=mm&r=g","url":"https:\/\/secure.gravatar.com\/avatar\/fe35d32b21526b39d15dea6c5d2aa09c1db6c901548f987afe7ac21cea36d758?s=96&d=mm&r=g","contentUrl":"https:\/\/secure.gravatar.com\/avatar\/fe35d32b21526b39d15dea6c5d2aa09c1db6c901548f987afe7ac21cea36d758?s=96&d=mm&r=g","caption":"Transpirinaica"},"url":"https:\/\/distracted-northcutt.31-24-154-105.plesk.page\/fr\/author\/o10mediab\/"}]}},"_links":{"self":[{"href":"https:\/\/distracted-northcutt.31-24-154-105.plesk.page\/fr\/wp-json\/wp\/v2\/posts\/231452","targetHints":{"allow":["GET"]}}],"collection":[{"href":"https:\/\/distracted-northcutt.31-24-154-105.plesk.page\/fr\/wp-json\/wp\/v2\/posts"}],"about":[{"href":"https:\/\/distracted-northcutt.31-24-154-105.plesk.page\/fr\/wp-json\/wp\/v2\/types\/post"}],"author":[{"embeddable":true,"href":"https:\/\/distracted-northcutt.31-24-154-105.plesk.page\/fr\/wp-json\/wp\/v2\/users\/2"}],"replies":[{"embeddable":true,"href":"https:\/\/distracted-northcutt.31-24-154-105.plesk.page\/fr\/wp-json\/wp\/v2\/comments?post=231452"}],"version-history":[{"count":10,"href":"https:\/\/distracted-northcutt.31-24-154-105.plesk.page\/fr\/wp-json\/wp\/v2\/posts\/231452\/revisions"}],"predecessor-version":[{"id":231508,"href":"https:\/\/distracted-northcutt.31-24-154-105.plesk.page\/fr\/wp-json\/wp\/v2\/posts\/231452\/revisions\/231508"}],"wp:featuredmedia":[{"embeddable":true,"href":"https:\/\/distracted-northcutt.31-24-154-105.plesk.page\/fr\/wp-json\/wp\/v2\/media\/231455"}],"wp:attachment":[{"href":"https:\/\/distracted-northcutt.31-24-154-105.plesk.page\/fr\/wp-json\/wp\/v2\/media?parent=231452"}],"wp:term":[{"taxonomy":"category","embeddable":true,"href":"https:\/\/distracted-northcutt.31-24-154-105.plesk.page\/fr\/wp-json\/wp\/v2\/categories?post=231452"},{"taxonomy":"post_tag","embeddable":true,"href":"https:\/\/distracted-northcutt.31-24-154-105.plesk.page\/fr\/wp-json\/wp\/v2\/tags?post=231452"}],"curies":[{"name":"wp","href":"https:\/\/api.w.org\/{rel}","templated":true}]}}