{"id":231397,"date":"2025-06-20T08:54:07","date_gmt":"2025-06-20T08:54:07","guid":{"rendered":"https:\/\/priceless-carson.188-95-114-7.plesk.page\/sil-salon-international-de-la-logistique-barcelone\/"},"modified":"2026-04-15T12:35:30","modified_gmt":"2026-04-15T12:35:30","slug":"sil-salon-international-de-la-logistique-barcelone","status":"publish","type":"post","link":"https:\/\/distracted-northcutt.31-24-154-105.plesk.page\/fr\/sil-salon-international-de-la-logistique-barcelone\/","title":{"rendered":"SIL, Salon international de la logistique, Barcelone."},"content":{"rendered":"<p>[et_pb_section fb_built=\u00a0\u00bb1&Prime; admin_label=\u00a0\u00bbsection\u00a0\u00bb _builder_version=\u00a0\u00bb4.16&Prime; custom_padding=\u00a0\u00bb9px|||||\u00a0\u00bb global_colors_info=\u00a0\u00bb{}\u00a0\u00bb][et_pb_row admin_label=\u00a0\u00bbrang\u00e9e\u00a0\u00bb _builder_version=\u00a0\u00bb4.16&Prime; background_size=\u00a0\u00bbinitial\u00a0\u00bb background_position=\u00a0\u00bbtop_left\u00a0\u00bb background_repeat=\u00a0\u00bbrepeat\u00a0\u00bb custom_padding=\u00a0\u00bb11px|||||\u00a0\u00bb global_colors_info=\u00a0\u00bb{}\u00a0\u00bb][et_pb_column type=\u00a0\u00bb4_4&Prime; _builder_version=\u00a0\u00bb4.16&Prime; custom_padding=\u00a0\u00bb|||\u00a0\u00bb global_colors_info=\u00a0\u00bb{}\u00a0\u00bb custom_padding__hover=\u00a0\u00bb|||\u00a0\u00bb][et_pb_text _builder_version=\u00a0\u00bb4.27.4&Prime; _module_preset=\u00a0\u00bbdefault\u00a0\u00bb global_colors_info=\u00a0\u00bb{}\u00a0\u00bb]Arag\u00f3n Plataforma Log\u00edstica (APL) a \u00e9t\u00e9 l&rsquo;un des protagonistes du SIL qui s&rsquo;est tenu \u00e0 Barcelone. Il s&rsquo;agit du principal \u00e9v\u00e9nement en Espagne sur la logistique, le transport, l&rsquo;intralogistique et la cha\u00eene d&rsquo;approvisionnement. Un grand nombre de clients et de fournisseurs de services d&rsquo;Espagne et d&rsquo;Europe du Sud y ont particip\u00e9.   <\/p>\n<p>Pendant trois jours int\u00e9ressants, l&rsquo;Aragon a montr\u00e9 ses atouts &#8211; plateformes publiques, infrastructures, formation, innovation, collaboration public-priv\u00e9, etc. &#8211; et a attir\u00e9 des dizaines de visites d&rsquo;entreprises int\u00e9ress\u00e9es par la proposition de la Communaut\u00e9 et de divers repr\u00e9sentants institutionnels.<\/p>\n<p>Le directeur de la planification strat\u00e9gique et de la logistique du gouvernement d&rsquo;Aragon a annonc\u00e9 la pr\u00e9sentation, dans les prochains mois, du futur plan strat\u00e9gique de logistique pour les 15 prochaines ann\u00e9es, qui vise \u00e0 \u00e9tendre l&rsquo;effet d&rsquo;investissement de Saragosse \u00e0 l&rsquo;ensemble du territoire \u00ab\u00a0du nord au sud et de l&rsquo;est \u00e0 l&rsquo;ouest\u00a0\u00bb.  <\/p>\n<p>Dans les nombreux forums auxquels il a particip\u00e9, \u00e0 l&rsquo;int\u00e9rieur et \u00e0 l&rsquo;ext\u00e9rieur du stand de l&rsquo;APL, il a d\u00e9fendu l&rsquo;Aragon en tant que \u00ab\u00a0p\u00f4le d&rsquo;attraction des investissements\u00a0\u00bb et a \u00e9voqu\u00e9 le congr\u00e8s international de logistique que Saragosse accueillera en 2027.[\/et_pb_text][\/et_pb_column][\/et_pb_row][et_pb_row column_structure=\u00a0\u00bb1_2,1_2&Prime; _builder_version=\u00a0\u00bb4.27.4&Prime; _module_preset=\u00a0\u00bbdefault\u00a0\u00bb global_colors_info=\u00a0\u00bb{}\u00a0\u00bb][et_pb_column type=\u00a0\u00bb1_2&Prime; _builder_version=\u00a0\u00bb4.27.4&Prime; _module_preset=\u00a0\u00bbdefault\u00a0\u00bb global_colors_info=\u00a0\u00bb{}\u00a0\u00bb][et_pb_image src=\u00a0\u00bbhttps:\/\/distracted-northcutt.31-24-154-105.plesk.page\/wp-content\/uploads\/2025\/11\/sil-2.jpg\u00a0\u00bb title_text=\u00a0\u00bbsil-2&Prime; align=\u00a0\u00bbcenter\u00a0\u00bb _builder_version=\u00a0\u00bb4.27.4&Prime; _module_preset=\u00a0\u00bbdefault\u00a0\u00bb global_colors_info=\u00a0\u00bb{}\u00a0\u00bb][\/et_pb_image][\/et_pb_column][et_pb_column type=\u00a0\u00bb1_2&Prime; _builder_version=\u00a0\u00bb4.27.4&Prime; _module_preset=\u00a0\u00bbdefault\u00a0\u00bb global_colors_info=\u00a0\u00bb{}\u00a0\u00bb][et_pb_image src=\u00a0\u00bbhttps:\/\/distracted-northcutt.31-24-154-105.plesk.page\/wp-content\/uploads\/2025\/11\/sil-3.jpg\u00a0\u00bb title_text=\u00a0\u00bbsil-3&Prime; _builder_version=\u00a0\u00bb4.27.4&Prime; _module_preset=\u00a0\u00bbdefault\u00a0\u00bb global_colors_info=\u00a0\u00bb{}\u00a0\u00bb][\/et_pb_image][et_pb_image src=\u00a0\u00bbhttps:\/\/distracted-northcutt.31-24-154-105.plesk.page\/wp-content\/uploads\/2025\/11\/sil-4.png\u00a0\u00bb title_text=\u00a0\u00bbsil-4&Prime; _builder_version=\u00a0\u00bb4.27.4&Prime; _module_preset=\u00a0\u00bbdefault\u00a0\u00bb global_colors_info=\u00a0\u00bb{}\u00a0\u00bb][\/et_pb_image][\/et_pb_column][\/et_pb_row][\/et_pb_section]<\/p>\n","protected":false},"excerpt":{"rendered":"<p>Arag\u00f3n Plataforma Log\u00edstica (APL) a \u00e9t\u00e9 l&rsquo;un des protagonistes du SIL qui s&rsquo;est tenu \u00e0 Barcelone. Il s&rsquo;agit du principal \u00e9v\u00e9nement en Espagne sur la [&hellip;]<\/p>\n","protected":false},"author":2,"featured_media":231399,"comment_status":"open","ping_status":"open","sticky":false,"template":"","format":"standard","meta":{"_et_pb_use_builder":"on","_et_pb_old_content":"","_et_gb_content_width":"","footnotes":""},"categories":[10],"tags":[],"class_list":["post-231397","post","type-post","status-publish","format-standard","has-post-thumbnail","hentry","category-non-classe"],"yoast_head":"<!-- This site is optimized with the Yoast SEO plugin v27.4 - https:\/\/yoast.com\/product\/yoast-seo-wordpress\/ -->\n<title>SIL, Salon international de la logistique, Barcelone. - Transpirenaica<\/title>\n<meta name=\"robots\" content=\"noindex, follow, max-snippet:-1, max-image-preview:large, max-video-preview:-1\" \/>\n<meta property=\"og:locale\" content=\"fr_FR\" \/>\n<meta property=\"og:type\" content=\"article\" \/>\n<meta property=\"og:title\" content=\"SIL, Salon international de la logistique, Barcelone. - Transpirenaica\" \/>\n<meta property=\"og:description\" content=\"Arag\u00f3n Plataforma Log\u00edstica (APL) a \u00e9t\u00e9 l&#039;un des protagonistes du SIL qui s&#039;est tenu \u00e0 Barcelone. Il s&#039;agit du principal \u00e9v\u00e9nement en Espagne sur la [&hellip;]\" \/>\n<meta property=\"og:url\" content=\"https:\/\/distracted-northcutt.31-24-154-105.plesk.page\/fr\/sil-salon-international-de-la-logistique-barcelone\/\" \/>\n<meta property=\"og:site_name\" content=\"Transpirenaica\" \/>\n<meta property=\"article:published_time\" content=\"2025-06-20T08:54:07+00:00\" \/>\n<meta property=\"article:modified_time\" content=\"2026-04-15T12:35:30+00:00\" \/>\n<meta property=\"og:image\" content=\"https:\/\/priceless-carson.188-95-114-7.plesk.page\/wp-content\/uploads\/2025\/11\/sil-1.jpg\" \/>\n\t<meta property=\"og:image:width\" content=\"795\" \/>\n\t<meta property=\"og:image:height\" content=\"552\" \/>\n\t<meta property=\"og:image:type\" content=\"image\/jpeg\" \/>\n<meta name=\"author\" content=\"Transpirinaica\" \/>\n<meta name=\"twitter:card\" content=\"summary_large_image\" \/>\n<meta name=\"twitter:label1\" content=\"\u00c9crit par\" \/>\n\t<meta name=\"twitter:data1\" content=\"Transpirinaica\" \/>\n\t<meta name=\"twitter:label2\" content=\"Dur\u00e9e de lecture estim\u00e9e\" \/>\n\t<meta name=\"twitter:data2\" content=\"2 minutes\" \/>\n<script type=\"application\/ld+json\" class=\"yoast-schema-graph\">{\"@context\":\"https:\\\/\\\/schema.org\",\"@graph\":[{\"@type\":\"Article\",\"@id\":\"https:\\\/\\\/distracted-northcutt.31-24-154-105.plesk.page\\\/fr\\\/sil-salon-international-de-la-logistique-barcelone\\\/#article\",\"isPartOf\":{\"@id\":\"https:\\\/\\\/distracted-northcutt.31-24-154-105.plesk.page\\\/fr\\\/sil-salon-international-de-la-logistique-barcelone\\\/\"},\"author\":{\"name\":\"Transpirinaica\",\"@id\":\"https:\\\/\\\/distracted-northcutt.31-24-154-105.plesk.page\\\/fr\\\/#\\\/schema\\\/person\\\/bed177a72fa56765778e748fb312d115\"},\"headline\":\"SIL, Salon international de la logistique, Barcelone.\",\"datePublished\":\"2025-06-20T08:54:07+00:00\",\"dateModified\":\"2026-04-15T12:35:30+00:00\",\"mainEntityOfPage\":{\"@id\":\"https:\\\/\\\/distracted-northcutt.31-24-154-105.plesk.page\\\/fr\\\/sil-salon-international-de-la-logistique-barcelone\\\/\"},\"wordCount\":433,\"commentCount\":0,\"image\":{\"@id\":\"https:\\\/\\\/distracted-northcutt.31-24-154-105.plesk.page\\\/fr\\\/sil-salon-international-de-la-logistique-barcelone\\\/#primaryimage\"},\"thumbnailUrl\":\"https:\\\/\\\/distracted-northcutt.31-24-154-105.plesk.page\\\/wp-content\\\/uploads\\\/2025\\\/11\\\/sil-1.jpg\",\"inLanguage\":\"fr-FR\",\"potentialAction\":[{\"@type\":\"CommentAction\",\"name\":\"Comment\",\"target\":[\"https:\\\/\\\/distracted-northcutt.31-24-154-105.plesk.page\\\/fr\\\/sil-salon-international-de-la-logistique-barcelone\\\/#respond\"]}]},{\"@type\":\"WebPage\",\"@id\":\"https:\\\/\\\/distracted-northcutt.31-24-154-105.plesk.page\\\/fr\\\/sil-salon-international-de-la-logistique-barcelone\\\/\",\"url\":\"https:\\\/\\\/distracted-northcutt.31-24-154-105.plesk.page\\\/fr\\\/sil-salon-international-de-la-logistique-barcelone\\\/\",\"name\":\"SIL, Salon international de la logistique, Barcelone. - Transpirenaica\",\"isPartOf\":{\"@id\":\"https:\\\/\\\/distracted-northcutt.31-24-154-105.plesk.page\\\/fr\\\/#website\"},\"primaryImageOfPage\":{\"@id\":\"https:\\\/\\\/distracted-northcutt.31-24-154-105.plesk.page\\\/fr\\\/sil-salon-international-de-la-logistique-barcelone\\\/#primaryimage\"},\"image\":{\"@id\":\"https:\\\/\\\/distracted-northcutt.31-24-154-105.plesk.page\\\/fr\\\/sil-salon-international-de-la-logistique-barcelone\\\/#primaryimage\"},\"thumbnailUrl\":\"https:\\\/\\\/distracted-northcutt.31-24-154-105.plesk.page\\\/wp-content\\\/uploads\\\/2025\\\/11\\\/sil-1.jpg\",\"datePublished\":\"2025-06-20T08:54:07+00:00\",\"dateModified\":\"2026-04-15T12:35:30+00:00\",\"author\":{\"@id\":\"https:\\\/\\\/distracted-northcutt.31-24-154-105.plesk.page\\\/fr\\\/#\\\/schema\\\/person\\\/bed177a72fa56765778e748fb312d115\"},\"breadcrumb\":{\"@id\":\"https:\\\/\\\/distracted-northcutt.31-24-154-105.plesk.page\\\/fr\\\/sil-salon-international-de-la-logistique-barcelone\\\/#breadcrumb\"},\"inLanguage\":\"fr-FR\",\"potentialAction\":[{\"@type\":\"ReadAction\",\"target\":[\"https:\\\/\\\/distracted-northcutt.31-24-154-105.plesk.page\\\/fr\\\/sil-salon-international-de-la-logistique-barcelone\\\/\"]}]},{\"@type\":\"ImageObject\",\"inLanguage\":\"fr-FR\",\"@id\":\"https:\\\/\\\/distracted-northcutt.31-24-154-105.plesk.page\\\/fr\\\/sil-salon-international-de-la-logistique-barcelone\\\/#primaryimage\",\"url\":\"https:\\\/\\\/distracted-northcutt.31-24-154-105.plesk.page\\\/wp-content\\\/uploads\\\/2025\\\/11\\\/sil-1.jpg\",\"contentUrl\":\"https:\\\/\\\/distracted-northcutt.31-24-154-105.plesk.page\\\/wp-content\\\/uploads\\\/2025\\\/11\\\/sil-1.jpg\",\"width\":795,\"height\":552},{\"@type\":\"BreadcrumbList\",\"@id\":\"https:\\\/\\\/distracted-northcutt.31-24-154-105.plesk.page\\\/fr\\\/sil-salon-international-de-la-logistique-barcelone\\\/#breadcrumb\",\"itemListElement\":[{\"@type\":\"ListItem\",\"position\":1,\"name\":\"Portada\",\"item\":\"https:\\\/\\\/distracted-northcutt.31-24-154-105.plesk.page\\\/fr\\\/\"},{\"@type\":\"ListItem\",\"position\":2,\"name\":\"SIL, Salon international de la logistique, Barcelone.\"}]},{\"@type\":\"WebSite\",\"@id\":\"https:\\\/\\\/distracted-northcutt.31-24-154-105.plesk.page\\\/fr\\\/#website\",\"url\":\"https:\\\/\\\/distracted-northcutt.31-24-154-105.plesk.page\\\/fr\\\/\",\"name\":\"Transpirenaica\",\"description\":\"Cooperaci\u00f3n y desarrollo sostenible  en Arag\u00f3n\",\"potentialAction\":[{\"@type\":\"SearchAction\",\"target\":{\"@type\":\"EntryPoint\",\"urlTemplate\":\"https:\\\/\\\/distracted-northcutt.31-24-154-105.plesk.page\\\/fr\\\/?s={search_term_string}\"},\"query-input\":{\"@type\":\"PropertyValueSpecification\",\"valueRequired\":true,\"valueName\":\"search_term_string\"}}],\"inLanguage\":\"fr-FR\"},{\"@type\":\"Person\",\"@id\":\"https:\\\/\\\/distracted-northcutt.31-24-154-105.plesk.page\\\/fr\\\/#\\\/schema\\\/person\\\/bed177a72fa56765778e748fb312d115\",\"name\":\"Transpirinaica\",\"image\":{\"@type\":\"ImageObject\",\"inLanguage\":\"fr-FR\",\"@id\":\"https:\\\/\\\/secure.gravatar.com\\\/avatar\\\/fe35d32b21526b39d15dea6c5d2aa09c1db6c901548f987afe7ac21cea36d758?s=96&d=mm&r=g\",\"url\":\"https:\\\/\\\/secure.gravatar.com\\\/avatar\\\/fe35d32b21526b39d15dea6c5d2aa09c1db6c901548f987afe7ac21cea36d758?s=96&d=mm&r=g\",\"contentUrl\":\"https:\\\/\\\/secure.gravatar.com\\\/avatar\\\/fe35d32b21526b39d15dea6c5d2aa09c1db6c901548f987afe7ac21cea36d758?s=96&d=mm&r=g\",\"caption\":\"Transpirinaica\"},\"url\":\"https:\\\/\\\/distracted-northcutt.31-24-154-105.plesk.page\\\/fr\\\/author\\\/o10mediab\\\/\"}]}<\/script>\n<!-- \/ Yoast SEO plugin. -->","yoast_head_json":{"title":"SIL, Salon international de la logistique, Barcelone. - Transpirenaica","robots":{"index":"noindex","follow":"follow","max-snippet":"max-snippet:-1","max-image-preview":"max-image-preview:large","max-video-preview":"max-video-preview:-1"},"og_locale":"fr_FR","og_type":"article","og_title":"SIL, Salon international de la logistique, Barcelone. - Transpirenaica","og_description":"Arag\u00f3n Plataforma Log\u00edstica (APL) a \u00e9t\u00e9 l'un des protagonistes du SIL qui s'est tenu \u00e0 Barcelone. Il s'agit du principal \u00e9v\u00e9nement en Espagne sur la [&hellip;]","og_url":"https:\/\/distracted-northcutt.31-24-154-105.plesk.page\/fr\/sil-salon-international-de-la-logistique-barcelone\/","og_site_name":"Transpirenaica","article_published_time":"2025-06-20T08:54:07+00:00","article_modified_time":"2026-04-15T12:35:30+00:00","og_image":[{"width":795,"height":552,"url":"https:\/\/priceless-carson.188-95-114-7.plesk.page\/wp-content\/uploads\/2025\/11\/sil-1.jpg","type":"image\/jpeg"}],"author":"Transpirinaica","twitter_card":"summary_large_image","twitter_misc":{"\u00c9crit par":"Transpirinaica","Dur\u00e9e de lecture estim\u00e9e":"2 minutes"},"schema":{"@context":"https:\/\/schema.org","@graph":[{"@type":"Article","@id":"https:\/\/distracted-northcutt.31-24-154-105.plesk.page\/fr\/sil-salon-international-de-la-logistique-barcelone\/#article","isPartOf":{"@id":"https:\/\/distracted-northcutt.31-24-154-105.plesk.page\/fr\/sil-salon-international-de-la-logistique-barcelone\/"},"author":{"name":"Transpirinaica","@id":"https:\/\/distracted-northcutt.31-24-154-105.plesk.page\/fr\/#\/schema\/person\/bed177a72fa56765778e748fb312d115"},"headline":"SIL, Salon international de la logistique, Barcelone.","datePublished":"2025-06-20T08:54:07+00:00","dateModified":"2026-04-15T12:35:30+00:00","mainEntityOfPage":{"@id":"https:\/\/distracted-northcutt.31-24-154-105.plesk.page\/fr\/sil-salon-international-de-la-logistique-barcelone\/"},"wordCount":433,"commentCount":0,"image":{"@id":"https:\/\/distracted-northcutt.31-24-154-105.plesk.page\/fr\/sil-salon-international-de-la-logistique-barcelone\/#primaryimage"},"thumbnailUrl":"https:\/\/distracted-northcutt.31-24-154-105.plesk.page\/wp-content\/uploads\/2025\/11\/sil-1.jpg","inLanguage":"fr-FR","potentialAction":[{"@type":"CommentAction","name":"Comment","target":["https:\/\/distracted-northcutt.31-24-154-105.plesk.page\/fr\/sil-salon-international-de-la-logistique-barcelone\/#respond"]}]},{"@type":"WebPage","@id":"https:\/\/distracted-northcutt.31-24-154-105.plesk.page\/fr\/sil-salon-international-de-la-logistique-barcelone\/","url":"https:\/\/distracted-northcutt.31-24-154-105.plesk.page\/fr\/sil-salon-international-de-la-logistique-barcelone\/","name":"SIL, Salon international de la logistique, Barcelone. - Transpirenaica","isPartOf":{"@id":"https:\/\/distracted-northcutt.31-24-154-105.plesk.page\/fr\/#website"},"primaryImageOfPage":{"@id":"https:\/\/distracted-northcutt.31-24-154-105.plesk.page\/fr\/sil-salon-international-de-la-logistique-barcelone\/#primaryimage"},"image":{"@id":"https:\/\/distracted-northcutt.31-24-154-105.plesk.page\/fr\/sil-salon-international-de-la-logistique-barcelone\/#primaryimage"},"thumbnailUrl":"https:\/\/distracted-northcutt.31-24-154-105.plesk.page\/wp-content\/uploads\/2025\/11\/sil-1.jpg","datePublished":"2025-06-20T08:54:07+00:00","dateModified":"2026-04-15T12:35:30+00:00","author":{"@id":"https:\/\/distracted-northcutt.31-24-154-105.plesk.page\/fr\/#\/schema\/person\/bed177a72fa56765778e748fb312d115"},"breadcrumb":{"@id":"https:\/\/distracted-northcutt.31-24-154-105.plesk.page\/fr\/sil-salon-international-de-la-logistique-barcelone\/#breadcrumb"},"inLanguage":"fr-FR","potentialAction":[{"@type":"ReadAction","target":["https:\/\/distracted-northcutt.31-24-154-105.plesk.page\/fr\/sil-salon-international-de-la-logistique-barcelone\/"]}]},{"@type":"ImageObject","inLanguage":"fr-FR","@id":"https:\/\/distracted-northcutt.31-24-154-105.plesk.page\/fr\/sil-salon-international-de-la-logistique-barcelone\/#primaryimage","url":"https:\/\/distracted-northcutt.31-24-154-105.plesk.page\/wp-content\/uploads\/2025\/11\/sil-1.jpg","contentUrl":"https:\/\/distracted-northcutt.31-24-154-105.plesk.page\/wp-content\/uploads\/2025\/11\/sil-1.jpg","width":795,"height":552},{"@type":"BreadcrumbList","@id":"https:\/\/distracted-northcutt.31-24-154-105.plesk.page\/fr\/sil-salon-international-de-la-logistique-barcelone\/#breadcrumb","itemListElement":[{"@type":"ListItem","position":1,"name":"Portada","item":"https:\/\/distracted-northcutt.31-24-154-105.plesk.page\/fr\/"},{"@type":"ListItem","position":2,"name":"SIL, Salon international de la logistique, Barcelone."}]},{"@type":"WebSite","@id":"https:\/\/distracted-northcutt.31-24-154-105.plesk.page\/fr\/#website","url":"https:\/\/distracted-northcutt.31-24-154-105.plesk.page\/fr\/","name":"Transpirenaica","description":"Cooperaci\u00f3n y desarrollo sostenible  en Arag\u00f3n","potentialAction":[{"@type":"SearchAction","target":{"@type":"EntryPoint","urlTemplate":"https:\/\/distracted-northcutt.31-24-154-105.plesk.page\/fr\/?s={search_term_string}"},"query-input":{"@type":"PropertyValueSpecification","valueRequired":true,"valueName":"search_term_string"}}],"inLanguage":"fr-FR"},{"@type":"Person","@id":"https:\/\/distracted-northcutt.31-24-154-105.plesk.page\/fr\/#\/schema\/person\/bed177a72fa56765778e748fb312d115","name":"Transpirinaica","image":{"@type":"ImageObject","inLanguage":"fr-FR","@id":"https:\/\/secure.gravatar.com\/avatar\/fe35d32b21526b39d15dea6c5d2aa09c1db6c901548f987afe7ac21cea36d758?s=96&d=mm&r=g","url":"https:\/\/secure.gravatar.com\/avatar\/fe35d32b21526b39d15dea6c5d2aa09c1db6c901548f987afe7ac21cea36d758?s=96&d=mm&r=g","contentUrl":"https:\/\/secure.gravatar.com\/avatar\/fe35d32b21526b39d15dea6c5d2aa09c1db6c901548f987afe7ac21cea36d758?s=96&d=mm&r=g","caption":"Transpirinaica"},"url":"https:\/\/distracted-northcutt.31-24-154-105.plesk.page\/fr\/author\/o10mediab\/"}]}},"_links":{"self":[{"href":"https:\/\/distracted-northcutt.31-24-154-105.plesk.page\/fr\/wp-json\/wp\/v2\/posts\/231397","targetHints":{"allow":["GET"]}}],"collection":[{"href":"https:\/\/distracted-northcutt.31-24-154-105.plesk.page\/fr\/wp-json\/wp\/v2\/posts"}],"about":[{"href":"https:\/\/distracted-northcutt.31-24-154-105.plesk.page\/fr\/wp-json\/wp\/v2\/types\/post"}],"author":[{"embeddable":true,"href":"https:\/\/distracted-northcutt.31-24-154-105.plesk.page\/fr\/wp-json\/wp\/v2\/users\/2"}],"replies":[{"embeddable":true,"href":"https:\/\/distracted-northcutt.31-24-154-105.plesk.page\/fr\/wp-json\/wp\/v2\/comments?post=231397"}],"version-history":[{"count":10,"href":"https:\/\/distracted-northcutt.31-24-154-105.plesk.page\/fr\/wp-json\/wp\/v2\/posts\/231397\/revisions"}],"predecessor-version":[{"id":231449,"href":"https:\/\/distracted-northcutt.31-24-154-105.plesk.page\/fr\/wp-json\/wp\/v2\/posts\/231397\/revisions\/231449"}],"wp:featuredmedia":[{"embeddable":true,"href":"https:\/\/distracted-northcutt.31-24-154-105.plesk.page\/fr\/wp-json\/wp\/v2\/media\/231399"}],"wp:attachment":[{"href":"https:\/\/distracted-northcutt.31-24-154-105.plesk.page\/fr\/wp-json\/wp\/v2\/media?parent=231397"}],"wp:term":[{"taxonomy":"category","embeddable":true,"href":"https:\/\/distracted-northcutt.31-24-154-105.plesk.page\/fr\/wp-json\/wp\/v2\/categories?post=231397"},{"taxonomy":"post_tag","embeddable":true,"href":"https:\/\/distracted-northcutt.31-24-154-105.plesk.page\/fr\/wp-json\/wp\/v2\/tags?post=231397"}],"curies":[{"name":"wp","href":"https:\/\/api.w.org\/{rel}","templated":true}]}}