{"id":231387,"date":"2025-07-09T09:30:48","date_gmt":"2025-07-09T09:30:48","guid":{"rendered":"https:\/\/priceless-carson.188-95-114-7.plesk.page\/session-dinformation-sur-le-projet-de-cirque-eko-pyrenees-interreg-poctefa-saragosse\/"},"modified":"2026-04-15T12:35:20","modified_gmt":"2026-04-15T12:35:20","slug":"session-dinformation-sur-le-projet-de-cirque-eko-pyrenees-interreg-poctefa-saragosse","status":"publish","type":"post","link":"https:\/\/distracted-northcutt.31-24-154-105.plesk.page\/fr\/session-dinformation-sur-le-projet-de-cirque-eko-pyrenees-interreg-poctefa-saragosse\/","title":{"rendered":"Session d&rsquo;information sur le projet de cirque Eko-Pyr\u00e9n\u00e9es (Interreg Poctefa). Saragosse."},"content":{"rendered":"<p>[et_pb_section fb_built=\u00a0\u00bb1&Prime; admin_label=\u00a0\u00bbsection\u00a0\u00bb _builder_version=\u00a0\u00bb4.16&Prime; custom_padding=\u00a0\u00bb9px|||||\u00a0\u00bb global_colors_info=\u00a0\u00bb{}\u00a0\u00bb][et_pb_row admin_label=\u00a0\u00bbrang\u00e9e\u00a0\u00bb _builder_version=\u00a0\u00bb4.16&Prime; background_size=\u00a0\u00bbinitial\u00a0\u00bb background_position=\u00a0\u00bbtop_left\u00a0\u00bb background_repeat=\u00a0\u00bbrepeat\u00a0\u00bb custom_padding=\u00a0\u00bb11px|||||\u00a0\u00bb global_colors_info=\u00a0\u00bb{}\u00a0\u00bb][et_pb_column type=\u00a0\u00bb4_4&Prime; _builder_version=\u00a0\u00bb4.16&Prime; custom_padding=\u00a0\u00bb|||\u00a0\u00bb global_colors_info=\u00a0\u00bb{}\u00a0\u00bb custom_padding__hover=\u00a0\u00bb|||\u00a0\u00bb][et_pb_text _builder_version=\u00a0\u00bb4.27.4&Prime; _module_preset=\u00a0\u00bbdefault\u00a0\u00bb global_colors_info=\u00a0\u00bb{}\u00a0\u00bb]La Fondation transpyr\u00e9n\u00e9enne a assist\u00e9, en tant que partenaire du projet, \u00e0 la session d&rsquo;information du projet Eko-Pyrenees Circus. Ce projet, cofinanc\u00e9 par l&rsquo;Union europ\u00e9enne via Interreg Poctefa, vise \u00e0 d\u00e9velopper les capacit\u00e9s et les comp\u00e9tences des acteurs du cirque de part et d&rsquo;autre de la fronti\u00e8re pour mener \u00e0 bien une transition \u00e9cologique correcte, en combinant formation, cr\u00e9ation et exp\u00e9rimentation.<br \/>\nL&rsquo;une de ses actions comprendra une \u00e9tude en deux phases pour d\u00e9terminer les moyens de transport utilis\u00e9s par le public de ces spectacles et leur impact sur le territoire. <\/p>\n<p>Afin de pr\u00e9senter la m\u00e9thodologie de travail, la Direction g\u00e9n\u00e9rale de la culture du gouvernement d&rsquo;Aragon a organis\u00e9 cette session de formation donn\u00e9e par une \u00e9quipe de La Grainerie, coordinatrice du projet.[\/et_pb_text][et_pb_image src=\u00a0\u00bbhttps:\/\/distracted-northcutt.31-24-154-105.plesk.page\/wp-content\/uploads\/2025\/11\/sesion-informativa-proyecto-eko-pirineos-circo-2.jpg\u00a0\u00bb title_text=\u00a0\u00bbsession d&#039;information-projet-eko-pyrenees-circus-2&Prime; align=\u00a0\u00bbcenter\u00a0\u00bb _builder_version=\u00a0\u00bb4.27.4&Prime; _module_preset=\u00a0\u00bbdefault\u00a0\u00bb global_colors_info=\u00a0\u00bb{}\u00a0\u00bb][\/et_pb_image][\/et_pb_column][\/et_pb_row][\/et_pb_section]<\/p>\n","protected":false},"excerpt":{"rendered":"<p>La Fondation transpyr\u00e9n\u00e9enne a assist\u00e9, en tant que partenaire du projet, \u00e0 la session d&rsquo;information du projet Eko-Pyrenees Circus. Ce projet, cofinanc\u00e9 par l&rsquo;Union europ\u00e9enne [&hellip;]<\/p>\n","protected":false},"author":2,"featured_media":231390,"comment_status":"open","ping_status":"open","sticky":false,"template":"","format":"standard","meta":{"_et_pb_use_builder":"on","_et_pb_old_content":"","_et_gb_content_width":"","footnotes":""},"categories":[10],"tags":[],"class_list":["post-231387","post","type-post","status-publish","format-standard","has-post-thumbnail","hentry","category-non-classe"],"yoast_head":"<!-- This site is optimized with the Yoast SEO plugin v27.4 - https:\/\/yoast.com\/product\/yoast-seo-wordpress\/ -->\n<title>Session d&#039;information sur le projet de cirque Eko-Pyr\u00e9n\u00e9es (Interreg Poctefa). Saragosse. - Transpirenaica<\/title>\n<meta name=\"robots\" content=\"noindex, follow, max-snippet:-1, max-image-preview:large, max-video-preview:-1\" \/>\n<meta property=\"og:locale\" content=\"fr_FR\" \/>\n<meta property=\"og:type\" content=\"article\" \/>\n<meta property=\"og:title\" content=\"Session d&#039;information sur le projet de cirque Eko-Pyr\u00e9n\u00e9es (Interreg Poctefa). Saragosse. - Transpirenaica\" \/>\n<meta property=\"og:description\" content=\"La Fondation transpyr\u00e9n\u00e9enne a assist\u00e9, en tant que partenaire du projet, \u00e0 la session d&#039;information du projet Eko-Pyrenees Circus. Ce projet, cofinanc\u00e9 par l&#039;Union europ\u00e9enne [&hellip;]\" \/>\n<meta property=\"og:url\" content=\"https:\/\/distracted-northcutt.31-24-154-105.plesk.page\/fr\/session-dinformation-sur-le-projet-de-cirque-eko-pyrenees-interreg-poctefa-saragosse\/\" \/>\n<meta property=\"og:site_name\" content=\"Transpirenaica\" \/>\n<meta property=\"article:published_time\" content=\"2025-07-09T09:30:48+00:00\" \/>\n<meta property=\"article:modified_time\" content=\"2026-04-15T12:35:20+00:00\" \/>\n<meta property=\"og:image\" content=\"https:\/\/priceless-carson.188-95-114-7.plesk.page\/wp-content\/uploads\/2025\/11\/sesion-informativa-proyecto-eko-pirineos-circo-1.jpg\" \/>\n\t<meta property=\"og:image:width\" content=\"795\" \/>\n\t<meta property=\"og:image:height\" content=\"552\" \/>\n\t<meta property=\"og:image:type\" content=\"image\/jpeg\" \/>\n<meta name=\"author\" content=\"Transpirinaica\" \/>\n<meta name=\"twitter:card\" content=\"summary_large_image\" \/>\n<meta name=\"twitter:label1\" content=\"\u00c9crit par\" \/>\n\t<meta name=\"twitter:data1\" content=\"Transpirinaica\" \/>\n\t<meta name=\"twitter:label2\" content=\"Dur\u00e9e de lecture estim\u00e9e\" \/>\n\t<meta name=\"twitter:data2\" content=\"1 minute\" \/>\n<script type=\"application\/ld+json\" class=\"yoast-schema-graph\">{\"@context\":\"https:\\\/\\\/schema.org\",\"@graph\":[{\"@type\":\"Article\",\"@id\":\"https:\\\/\\\/distracted-northcutt.31-24-154-105.plesk.page\\\/fr\\\/session-dinformation-sur-le-projet-de-cirque-eko-pyrenees-interreg-poctefa-saragosse\\\/#article\",\"isPartOf\":{\"@id\":\"https:\\\/\\\/distracted-northcutt.31-24-154-105.plesk.page\\\/fr\\\/session-dinformation-sur-le-projet-de-cirque-eko-pyrenees-interreg-poctefa-saragosse\\\/\"},\"author\":{\"name\":\"Transpirinaica\",\"@id\":\"https:\\\/\\\/distracted-northcutt.31-24-154-105.plesk.page\\\/fr\\\/#\\\/schema\\\/person\\\/bed177a72fa56765778e748fb312d115\"},\"headline\":\"Session d&rsquo;information sur le projet de cirque Eko-Pyr\u00e9n\u00e9es (Interreg Poctefa). Saragosse.\",\"datePublished\":\"2025-07-09T09:30:48+00:00\",\"dateModified\":\"2026-04-15T12:35:20+00:00\",\"mainEntityOfPage\":{\"@id\":\"https:\\\/\\\/distracted-northcutt.31-24-154-105.plesk.page\\\/fr\\\/session-dinformation-sur-le-projet-de-cirque-eko-pyrenees-interreg-poctefa-saragosse\\\/\"},\"wordCount\":265,\"commentCount\":0,\"image\":{\"@id\":\"https:\\\/\\\/distracted-northcutt.31-24-154-105.plesk.page\\\/fr\\\/session-dinformation-sur-le-projet-de-cirque-eko-pyrenees-interreg-poctefa-saragosse\\\/#primaryimage\"},\"thumbnailUrl\":\"https:\\\/\\\/distracted-northcutt.31-24-154-105.plesk.page\\\/wp-content\\\/uploads\\\/2025\\\/11\\\/sesion-informativa-proyecto-eko-pirineos-circo-1.jpg\",\"inLanguage\":\"fr-FR\",\"potentialAction\":[{\"@type\":\"CommentAction\",\"name\":\"Comment\",\"target\":[\"https:\\\/\\\/distracted-northcutt.31-24-154-105.plesk.page\\\/fr\\\/session-dinformation-sur-le-projet-de-cirque-eko-pyrenees-interreg-poctefa-saragosse\\\/#respond\"]}]},{\"@type\":\"WebPage\",\"@id\":\"https:\\\/\\\/distracted-northcutt.31-24-154-105.plesk.page\\\/fr\\\/session-dinformation-sur-le-projet-de-cirque-eko-pyrenees-interreg-poctefa-saragosse\\\/\",\"url\":\"https:\\\/\\\/distracted-northcutt.31-24-154-105.plesk.page\\\/fr\\\/session-dinformation-sur-le-projet-de-cirque-eko-pyrenees-interreg-poctefa-saragosse\\\/\",\"name\":\"Session d'information sur le projet de cirque Eko-Pyr\u00e9n\u00e9es (Interreg Poctefa). Saragosse. - Transpirenaica\",\"isPartOf\":{\"@id\":\"https:\\\/\\\/distracted-northcutt.31-24-154-105.plesk.page\\\/fr\\\/#website\"},\"primaryImageOfPage\":{\"@id\":\"https:\\\/\\\/distracted-northcutt.31-24-154-105.plesk.page\\\/fr\\\/session-dinformation-sur-le-projet-de-cirque-eko-pyrenees-interreg-poctefa-saragosse\\\/#primaryimage\"},\"image\":{\"@id\":\"https:\\\/\\\/distracted-northcutt.31-24-154-105.plesk.page\\\/fr\\\/session-dinformation-sur-le-projet-de-cirque-eko-pyrenees-interreg-poctefa-saragosse\\\/#primaryimage\"},\"thumbnailUrl\":\"https:\\\/\\\/distracted-northcutt.31-24-154-105.plesk.page\\\/wp-content\\\/uploads\\\/2025\\\/11\\\/sesion-informativa-proyecto-eko-pirineos-circo-1.jpg\",\"datePublished\":\"2025-07-09T09:30:48+00:00\",\"dateModified\":\"2026-04-15T12:35:20+00:00\",\"author\":{\"@id\":\"https:\\\/\\\/distracted-northcutt.31-24-154-105.plesk.page\\\/fr\\\/#\\\/schema\\\/person\\\/bed177a72fa56765778e748fb312d115\"},\"breadcrumb\":{\"@id\":\"https:\\\/\\\/distracted-northcutt.31-24-154-105.plesk.page\\\/fr\\\/session-dinformation-sur-le-projet-de-cirque-eko-pyrenees-interreg-poctefa-saragosse\\\/#breadcrumb\"},\"inLanguage\":\"fr-FR\",\"potentialAction\":[{\"@type\":\"ReadAction\",\"target\":[\"https:\\\/\\\/distracted-northcutt.31-24-154-105.plesk.page\\\/fr\\\/session-dinformation-sur-le-projet-de-cirque-eko-pyrenees-interreg-poctefa-saragosse\\\/\"]}]},{\"@type\":\"ImageObject\",\"inLanguage\":\"fr-FR\",\"@id\":\"https:\\\/\\\/distracted-northcutt.31-24-154-105.plesk.page\\\/fr\\\/session-dinformation-sur-le-projet-de-cirque-eko-pyrenees-interreg-poctefa-saragosse\\\/#primaryimage\",\"url\":\"https:\\\/\\\/distracted-northcutt.31-24-154-105.plesk.page\\\/wp-content\\\/uploads\\\/2025\\\/11\\\/sesion-informativa-proyecto-eko-pirineos-circo-1.jpg\",\"contentUrl\":\"https:\\\/\\\/distracted-northcutt.31-24-154-105.plesk.page\\\/wp-content\\\/uploads\\\/2025\\\/11\\\/sesion-informativa-proyecto-eko-pirineos-circo-1.jpg\",\"width\":795,\"height\":552},{\"@type\":\"BreadcrumbList\",\"@id\":\"https:\\\/\\\/distracted-northcutt.31-24-154-105.plesk.page\\\/fr\\\/session-dinformation-sur-le-projet-de-cirque-eko-pyrenees-interreg-poctefa-saragosse\\\/#breadcrumb\",\"itemListElement\":[{\"@type\":\"ListItem\",\"position\":1,\"name\":\"Portada\",\"item\":\"https:\\\/\\\/distracted-northcutt.31-24-154-105.plesk.page\\\/fr\\\/\"},{\"@type\":\"ListItem\",\"position\":2,\"name\":\"Session d&rsquo;information sur le projet de cirque Eko-Pyr\u00e9n\u00e9es (Interreg Poctefa). Saragosse.\"}]},{\"@type\":\"WebSite\",\"@id\":\"https:\\\/\\\/distracted-northcutt.31-24-154-105.plesk.page\\\/fr\\\/#website\",\"url\":\"https:\\\/\\\/distracted-northcutt.31-24-154-105.plesk.page\\\/fr\\\/\",\"name\":\"Transpirenaica\",\"description\":\"Cooperaci\u00f3n y desarrollo sostenible  en Arag\u00f3n\",\"potentialAction\":[{\"@type\":\"SearchAction\",\"target\":{\"@type\":\"EntryPoint\",\"urlTemplate\":\"https:\\\/\\\/distracted-northcutt.31-24-154-105.plesk.page\\\/fr\\\/?s={search_term_string}\"},\"query-input\":{\"@type\":\"PropertyValueSpecification\",\"valueRequired\":true,\"valueName\":\"search_term_string\"}}],\"inLanguage\":\"fr-FR\"},{\"@type\":\"Person\",\"@id\":\"https:\\\/\\\/distracted-northcutt.31-24-154-105.plesk.page\\\/fr\\\/#\\\/schema\\\/person\\\/bed177a72fa56765778e748fb312d115\",\"name\":\"Transpirinaica\",\"image\":{\"@type\":\"ImageObject\",\"inLanguage\":\"fr-FR\",\"@id\":\"https:\\\/\\\/secure.gravatar.com\\\/avatar\\\/fe35d32b21526b39d15dea6c5d2aa09c1db6c901548f987afe7ac21cea36d758?s=96&d=mm&r=g\",\"url\":\"https:\\\/\\\/secure.gravatar.com\\\/avatar\\\/fe35d32b21526b39d15dea6c5d2aa09c1db6c901548f987afe7ac21cea36d758?s=96&d=mm&r=g\",\"contentUrl\":\"https:\\\/\\\/secure.gravatar.com\\\/avatar\\\/fe35d32b21526b39d15dea6c5d2aa09c1db6c901548f987afe7ac21cea36d758?s=96&d=mm&r=g\",\"caption\":\"Transpirinaica\"},\"url\":\"https:\\\/\\\/distracted-northcutt.31-24-154-105.plesk.page\\\/fr\\\/author\\\/o10mediab\\\/\"}]}<\/script>\n<!-- \/ Yoast SEO plugin. -->","yoast_head_json":{"title":"Session d'information sur le projet de cirque Eko-Pyr\u00e9n\u00e9es (Interreg Poctefa). Saragosse. - Transpirenaica","robots":{"index":"noindex","follow":"follow","max-snippet":"max-snippet:-1","max-image-preview":"max-image-preview:large","max-video-preview":"max-video-preview:-1"},"og_locale":"fr_FR","og_type":"article","og_title":"Session d'information sur le projet de cirque Eko-Pyr\u00e9n\u00e9es (Interreg Poctefa). Saragosse. - Transpirenaica","og_description":"La Fondation transpyr\u00e9n\u00e9enne a assist\u00e9, en tant que partenaire du projet, \u00e0 la session d'information du projet Eko-Pyrenees Circus. Ce projet, cofinanc\u00e9 par l'Union europ\u00e9enne [&hellip;]","og_url":"https:\/\/distracted-northcutt.31-24-154-105.plesk.page\/fr\/session-dinformation-sur-le-projet-de-cirque-eko-pyrenees-interreg-poctefa-saragosse\/","og_site_name":"Transpirenaica","article_published_time":"2025-07-09T09:30:48+00:00","article_modified_time":"2026-04-15T12:35:20+00:00","og_image":[{"width":795,"height":552,"url":"https:\/\/priceless-carson.188-95-114-7.plesk.page\/wp-content\/uploads\/2025\/11\/sesion-informativa-proyecto-eko-pirineos-circo-1.jpg","type":"image\/jpeg"}],"author":"Transpirinaica","twitter_card":"summary_large_image","twitter_misc":{"\u00c9crit par":"Transpirinaica","Dur\u00e9e de lecture estim\u00e9e":"1 minute"},"schema":{"@context":"https:\/\/schema.org","@graph":[{"@type":"Article","@id":"https:\/\/distracted-northcutt.31-24-154-105.plesk.page\/fr\/session-dinformation-sur-le-projet-de-cirque-eko-pyrenees-interreg-poctefa-saragosse\/#article","isPartOf":{"@id":"https:\/\/distracted-northcutt.31-24-154-105.plesk.page\/fr\/session-dinformation-sur-le-projet-de-cirque-eko-pyrenees-interreg-poctefa-saragosse\/"},"author":{"name":"Transpirinaica","@id":"https:\/\/distracted-northcutt.31-24-154-105.plesk.page\/fr\/#\/schema\/person\/bed177a72fa56765778e748fb312d115"},"headline":"Session d&rsquo;information sur le projet de cirque Eko-Pyr\u00e9n\u00e9es (Interreg Poctefa). Saragosse.","datePublished":"2025-07-09T09:30:48+00:00","dateModified":"2026-04-15T12:35:20+00:00","mainEntityOfPage":{"@id":"https:\/\/distracted-northcutt.31-24-154-105.plesk.page\/fr\/session-dinformation-sur-le-projet-de-cirque-eko-pyrenees-interreg-poctefa-saragosse\/"},"wordCount":265,"commentCount":0,"image":{"@id":"https:\/\/distracted-northcutt.31-24-154-105.plesk.page\/fr\/session-dinformation-sur-le-projet-de-cirque-eko-pyrenees-interreg-poctefa-saragosse\/#primaryimage"},"thumbnailUrl":"https:\/\/distracted-northcutt.31-24-154-105.plesk.page\/wp-content\/uploads\/2025\/11\/sesion-informativa-proyecto-eko-pirineos-circo-1.jpg","inLanguage":"fr-FR","potentialAction":[{"@type":"CommentAction","name":"Comment","target":["https:\/\/distracted-northcutt.31-24-154-105.plesk.page\/fr\/session-dinformation-sur-le-projet-de-cirque-eko-pyrenees-interreg-poctefa-saragosse\/#respond"]}]},{"@type":"WebPage","@id":"https:\/\/distracted-northcutt.31-24-154-105.plesk.page\/fr\/session-dinformation-sur-le-projet-de-cirque-eko-pyrenees-interreg-poctefa-saragosse\/","url":"https:\/\/distracted-northcutt.31-24-154-105.plesk.page\/fr\/session-dinformation-sur-le-projet-de-cirque-eko-pyrenees-interreg-poctefa-saragosse\/","name":"Session d'information sur le projet de cirque Eko-Pyr\u00e9n\u00e9es (Interreg Poctefa). Saragosse. - Transpirenaica","isPartOf":{"@id":"https:\/\/distracted-northcutt.31-24-154-105.plesk.page\/fr\/#website"},"primaryImageOfPage":{"@id":"https:\/\/distracted-northcutt.31-24-154-105.plesk.page\/fr\/session-dinformation-sur-le-projet-de-cirque-eko-pyrenees-interreg-poctefa-saragosse\/#primaryimage"},"image":{"@id":"https:\/\/distracted-northcutt.31-24-154-105.plesk.page\/fr\/session-dinformation-sur-le-projet-de-cirque-eko-pyrenees-interreg-poctefa-saragosse\/#primaryimage"},"thumbnailUrl":"https:\/\/distracted-northcutt.31-24-154-105.plesk.page\/wp-content\/uploads\/2025\/11\/sesion-informativa-proyecto-eko-pirineos-circo-1.jpg","datePublished":"2025-07-09T09:30:48+00:00","dateModified":"2026-04-15T12:35:20+00:00","author":{"@id":"https:\/\/distracted-northcutt.31-24-154-105.plesk.page\/fr\/#\/schema\/person\/bed177a72fa56765778e748fb312d115"},"breadcrumb":{"@id":"https:\/\/distracted-northcutt.31-24-154-105.plesk.page\/fr\/session-dinformation-sur-le-projet-de-cirque-eko-pyrenees-interreg-poctefa-saragosse\/#breadcrumb"},"inLanguage":"fr-FR","potentialAction":[{"@type":"ReadAction","target":["https:\/\/distracted-northcutt.31-24-154-105.plesk.page\/fr\/session-dinformation-sur-le-projet-de-cirque-eko-pyrenees-interreg-poctefa-saragosse\/"]}]},{"@type":"ImageObject","inLanguage":"fr-FR","@id":"https:\/\/distracted-northcutt.31-24-154-105.plesk.page\/fr\/session-dinformation-sur-le-projet-de-cirque-eko-pyrenees-interreg-poctefa-saragosse\/#primaryimage","url":"https:\/\/distracted-northcutt.31-24-154-105.plesk.page\/wp-content\/uploads\/2025\/11\/sesion-informativa-proyecto-eko-pirineos-circo-1.jpg","contentUrl":"https:\/\/distracted-northcutt.31-24-154-105.plesk.page\/wp-content\/uploads\/2025\/11\/sesion-informativa-proyecto-eko-pirineos-circo-1.jpg","width":795,"height":552},{"@type":"BreadcrumbList","@id":"https:\/\/distracted-northcutt.31-24-154-105.plesk.page\/fr\/session-dinformation-sur-le-projet-de-cirque-eko-pyrenees-interreg-poctefa-saragosse\/#breadcrumb","itemListElement":[{"@type":"ListItem","position":1,"name":"Portada","item":"https:\/\/distracted-northcutt.31-24-154-105.plesk.page\/fr\/"},{"@type":"ListItem","position":2,"name":"Session d&rsquo;information sur le projet de cirque Eko-Pyr\u00e9n\u00e9es (Interreg Poctefa). Saragosse."}]},{"@type":"WebSite","@id":"https:\/\/distracted-northcutt.31-24-154-105.plesk.page\/fr\/#website","url":"https:\/\/distracted-northcutt.31-24-154-105.plesk.page\/fr\/","name":"Transpirenaica","description":"Cooperaci\u00f3n y desarrollo sostenible  en Arag\u00f3n","potentialAction":[{"@type":"SearchAction","target":{"@type":"EntryPoint","urlTemplate":"https:\/\/distracted-northcutt.31-24-154-105.plesk.page\/fr\/?s={search_term_string}"},"query-input":{"@type":"PropertyValueSpecification","valueRequired":true,"valueName":"search_term_string"}}],"inLanguage":"fr-FR"},{"@type":"Person","@id":"https:\/\/distracted-northcutt.31-24-154-105.plesk.page\/fr\/#\/schema\/person\/bed177a72fa56765778e748fb312d115","name":"Transpirinaica","image":{"@type":"ImageObject","inLanguage":"fr-FR","@id":"https:\/\/secure.gravatar.com\/avatar\/fe35d32b21526b39d15dea6c5d2aa09c1db6c901548f987afe7ac21cea36d758?s=96&d=mm&r=g","url":"https:\/\/secure.gravatar.com\/avatar\/fe35d32b21526b39d15dea6c5d2aa09c1db6c901548f987afe7ac21cea36d758?s=96&d=mm&r=g","contentUrl":"https:\/\/secure.gravatar.com\/avatar\/fe35d32b21526b39d15dea6c5d2aa09c1db6c901548f987afe7ac21cea36d758?s=96&d=mm&r=g","caption":"Transpirinaica"},"url":"https:\/\/distracted-northcutt.31-24-154-105.plesk.page\/fr\/author\/o10mediab\/"}]}},"_links":{"self":[{"href":"https:\/\/distracted-northcutt.31-24-154-105.plesk.page\/fr\/wp-json\/wp\/v2\/posts\/231387","targetHints":{"allow":["GET"]}}],"collection":[{"href":"https:\/\/distracted-northcutt.31-24-154-105.plesk.page\/fr\/wp-json\/wp\/v2\/posts"}],"about":[{"href":"https:\/\/distracted-northcutt.31-24-154-105.plesk.page\/fr\/wp-json\/wp\/v2\/types\/post"}],"author":[{"embeddable":true,"href":"https:\/\/distracted-northcutt.31-24-154-105.plesk.page\/fr\/wp-json\/wp\/v2\/users\/2"}],"replies":[{"embeddable":true,"href":"https:\/\/distracted-northcutt.31-24-154-105.plesk.page\/fr\/wp-json\/wp\/v2\/comments?post=231387"}],"version-history":[{"count":1,"href":"https:\/\/distracted-northcutt.31-24-154-105.plesk.page\/fr\/wp-json\/wp\/v2\/posts\/231387\/revisions"}],"predecessor-version":[{"id":231396,"href":"https:\/\/distracted-northcutt.31-24-154-105.plesk.page\/fr\/wp-json\/wp\/v2\/posts\/231387\/revisions\/231396"}],"wp:featuredmedia":[{"embeddable":true,"href":"https:\/\/distracted-northcutt.31-24-154-105.plesk.page\/fr\/wp-json\/wp\/v2\/media\/231390"}],"wp:attachment":[{"href":"https:\/\/distracted-northcutt.31-24-154-105.plesk.page\/fr\/wp-json\/wp\/v2\/media?parent=231387"}],"wp:term":[{"taxonomy":"category","embeddable":true,"href":"https:\/\/distracted-northcutt.31-24-154-105.plesk.page\/fr\/wp-json\/wp\/v2\/categories?post=231387"},{"taxonomy":"post_tag","embeddable":true,"href":"https:\/\/distracted-northcutt.31-24-154-105.plesk.page\/fr\/wp-json\/wp\/v2\/tags?post=231387"}],"curies":[{"name":"wp","href":"https:\/\/api.w.org\/{rel}","templated":true}]}}