{"id":231363,"date":"2025-07-17T09:34:26","date_gmt":"2025-07-17T09:34:26","guid":{"rendered":"https:\/\/priceless-carson.188-95-114-7.plesk.page\/suivi-de-la-visite-de-la-plateforme-logistique-ponentia-la-melusa-tamarite-de-litera\/"},"modified":"2026-04-15T12:35:20","modified_gmt":"2026-04-15T12:35:20","slug":"suivi-de-la-visite-de-la-plateforme-logistique-ponentia-la-melusa-tamarite-de-litera","status":"publish","type":"post","link":"https:\/\/distracted-northcutt.31-24-154-105.plesk.page\/fr\/suivi-de-la-visite-de-la-plateforme-logistique-ponentia-la-melusa-tamarite-de-litera\/","title":{"rendered":"Suivi de la visite de la plateforme logistique Ponentia La Melusa-Tamarite de Litera."},"content":{"rendered":"<p>[et_pb_section fb_built=\u00a0\u00bb1&Prime; admin_label=\u00a0\u00bbsection\u00a0\u00bb _builder_version=\u00a0\u00bb4.16&Prime; custom_padding=\u00a0\u00bb9px|||||\u00a0\u00bb global_colors_info=\u00a0\u00bb{}\u00a0\u00bb][et_pb_row admin_label=\u00a0\u00bbrang\u00e9e\u00a0\u00bb _builder_version=\u00a0\u00bb4.16&Prime; background_size=\u00a0\u00bbinitial\u00a0\u00bb background_position=\u00a0\u00bbtop_left\u00a0\u00bb background_repeat=\u00a0\u00bbrepeat\u00a0\u00bb custom_padding=\u00a0\u00bb11px|||||\u00a0\u00bb global_colors_info=\u00a0\u00bb{}\u00a0\u00bb][et_pb_column type=\u00a0\u00bb4_4&Prime; _builder_version=\u00a0\u00bb4.16&Prime; custom_padding=\u00a0\u00bb|||\u00a0\u00bb global_colors_info=\u00a0\u00bb{}\u00a0\u00bb custom_padding__hover=\u00a0\u00bb|||\u00a0\u00bb][et_pb_text _builder_version=\u00a0\u00bb4.27.4&Prime; _module_preset=\u00a0\u00bbdefault\u00a0\u00bb global_colors_info=\u00a0\u00bb{}\u00a0\u00bb]<\/p>\n<p>La Fondation Transpirenaica a assur\u00e9 le suivi de la visite effectu\u00e9e par le ministre des Travaux publics, du Logement, de la Logistique et de la Coh\u00e9sion territoriale du gouvernement d&rsquo;Aragon, Octavio L\u00f3pez, et la directrice g\u00e9n\u00e9rale de la Planification strat\u00e9gique et de la Logistique, Raquel Campos, \u00e0 la Plate-forme logistique de Tamarite de Litera.<\/p>\n<p>Cette plate-forme intermodale situ\u00e9e au nord-est de la Communaut\u00e9 autonome sera \u00e9quip\u00e9e pour fournir des services d&rsquo;autoroute ferroviaire gr\u00e2ce \u00e0 la construction et \u00e0 l&rsquo;installation d&rsquo;une aire de chargement pour les semi-remorques.<\/p>\n<p>La plate-forme logistique intermodale Ponentia La Melusa-Tamarite a re\u00e7u un financement europ\u00e9en pour la construction d&rsquo;un parking s\u00fbr et s\u00e9curis\u00e9 avec l&rsquo;attribution de 3,65 millions d&rsquo;euros du Connecting Europe Facility (CEF) pour 183 places de stationnement pour les poids lourds.<\/p>\n<h2>Sources des journaux :<\/h2>\n<p><strong>The Economist :<\/strong><br \/><a href=\"https:\/\/www.eleconomista.es\/transportes-turismo\/noticias\/13468641\/07\/25\/la-plataforma-logistica-ponentia-la-melusatamarite-empezara-a-ejecutarse-a-finales-de-2025-con-una-inversion-inicial-de-145-millones.html\">https:\/\/www.eleconomista.es\/transportes-turismo\/noticias\/13468641\/07\/25\/la-plataforma-logistica-ponentia-la-melusatamarite-empezara-a-ejecutarse-a-finales-de-2025-con-una-inversion-inicial-de-145-millones.html<\/a><\/p>\n<p><strong>Cartv :<\/strong><br \/><a href=\"https:\/\/www.cartv.es\/aragonnoticias\/noticias\/las-obras-de-la-futura-plataforma-logistica-de-tamarite-de-litera-podrian-estar-terminadas-a-finales-de-2026?utm_source=rssfeed&amp;utm_medium=feed&amp;utm_content=annoticias&amp;utm_name=feed\">https:\/\/www.cartv.es\/aragonnoticias\/noticias\/las-obras-de-la-futura-plataforma-logistica-de-tamarite-de-litera-podrian-estar-terminadas-a-finales-de-2026?utm_source=rssfeed&amp;utm_medium=feed&amp;utm_content=annoticias&amp;utm_name=feed<\/a><\/p>\n<p><strong>El Peri\u00f3dico de Arag\u00f3n :<\/strong><br \/><a href=\"https:\/\/www.elperiodicodearagon.com\/aragon\/2025\/07\/17\/ponentia-inicia-primera-fase-terminal-119797435.html\">https:\/\/www.elperiodicodearagon.com\/aragon\/2025\/07\/17\/ponentia-inicia-primera-fase-terminal-119797435.html<\/a><\/p>\n<p><strong>Heraldo de Arag\u00f3n :<\/strong> <a href=\"https:\/\/www.heraldo.es\/noticias\/aragon\/huesca\/2025\/07\/17\/ponentia-iniciara-este-ano-la-terminal-ferroviaria-de-tamarite-que-movera-150-000-contenedores-al-ano-1840158.html\">https:\/\/www.heraldo.es\/noticias\/aragon\/huesca\/2025\/07\/17\/ponentia-iniciara-este-ano-la-terminal-ferroviaria-de-tamarite-que-movera-150-000-contenedores-al-ano-1840158.html<\/a><\/p>\n<p>[\/et_pb_text][et_pb_image src=\u00a0\u00bbhttps:\/\/distracted-northcutt.31-24-154-105.plesk.page\/wp-content\/uploads\/2025\/07\/Workshop-tecnico-2.jpg\u00a0\u00bb title_text=\u00a0\u00bbAtelier technique-2&Prime; align=\u00a0\u00bbcenter\u00a0\u00bb _builder_version=\u00a0\u00bb4.27.4&Prime; _module_preset=\u00a0\u00bbdefault\u00a0\u00bb global_colors_info=\u00a0\u00bb{}\u00a0\u00bb][\/et_pb_image][\/et_pb_column][\/et_pb_row][\/et_pb_section]<\/p>\n","protected":false},"excerpt":{"rendered":"<p>La Fondation Transpirenaica a assur\u00e9 le suivi de la visite effectu\u00e9e par le ministre des Travaux publics, du Logement, de la Logistique et de la [&hellip;]<\/p>\n","protected":false},"author":2,"featured_media":231366,"comment_status":"open","ping_status":"open","sticky":false,"template":"","format":"standard","meta":{"_et_pb_use_builder":"on","_et_pb_old_content":"","_et_gb_content_width":"","footnotes":""},"categories":[10],"tags":[],"class_list":["post-231363","post","type-post","status-publish","format-standard","has-post-thumbnail","hentry","category-non-classe"],"yoast_head":"<!-- This site is optimized with the Yoast SEO plugin v27.4 - https:\/\/yoast.com\/product\/yoast-seo-wordpress\/ -->\n<title>Suivi de la visite de la plateforme logistique Ponentia La Melusa-Tamarite de Litera. - Transpirenaica<\/title>\n<meta name=\"robots\" content=\"noindex, follow, max-snippet:-1, max-image-preview:large, max-video-preview:-1\" \/>\n<meta property=\"og:locale\" content=\"fr_FR\" \/>\n<meta property=\"og:type\" content=\"article\" \/>\n<meta property=\"og:title\" content=\"Suivi de la visite de la plateforme logistique Ponentia La Melusa-Tamarite de Litera. - Transpirenaica\" \/>\n<meta property=\"og:description\" content=\"La Fondation Transpirenaica a assur\u00e9 le suivi de la visite effectu\u00e9e par le ministre des Travaux publics, du Logement, de la Logistique et de la [&hellip;]\" \/>\n<meta property=\"og:url\" content=\"https:\/\/distracted-northcutt.31-24-154-105.plesk.page\/fr\/suivi-de-la-visite-de-la-plateforme-logistique-ponentia-la-melusa-tamarite-de-litera\/\" \/>\n<meta property=\"og:site_name\" content=\"Transpirenaica\" \/>\n<meta property=\"article:published_time\" content=\"2025-07-17T09:34:26+00:00\" \/>\n<meta property=\"article:modified_time\" content=\"2026-04-15T12:35:20+00:00\" \/>\n<meta property=\"og:image\" content=\"https:\/\/priceless-carson.188-95-114-7.plesk.page\/wp-content\/uploads\/2025\/07\/Workshop-tecnico-1.jpg\" \/>\n\t<meta property=\"og:image:width\" content=\"795\" \/>\n\t<meta property=\"og:image:height\" content=\"552\" \/>\n\t<meta property=\"og:image:type\" content=\"image\/jpeg\" \/>\n<meta name=\"author\" content=\"Transpirinaica\" \/>\n<meta name=\"twitter:card\" content=\"summary_large_image\" \/>\n<meta name=\"twitter:label1\" content=\"\u00c9crit par\" \/>\n\t<meta name=\"twitter:data1\" content=\"Transpirinaica\" \/>\n\t<meta name=\"twitter:label2\" content=\"Dur\u00e9e de lecture estim\u00e9e\" \/>\n\t<meta name=\"twitter:data2\" content=\"2 minutes\" \/>\n<script type=\"application\/ld+json\" class=\"yoast-schema-graph\">{\"@context\":\"https:\\\/\\\/schema.org\",\"@graph\":[{\"@type\":\"Article\",\"@id\":\"https:\\\/\\\/distracted-northcutt.31-24-154-105.plesk.page\\\/fr\\\/suivi-de-la-visite-de-la-plateforme-logistique-ponentia-la-melusa-tamarite-de-litera\\\/#article\",\"isPartOf\":{\"@id\":\"https:\\\/\\\/distracted-northcutt.31-24-154-105.plesk.page\\\/fr\\\/suivi-de-la-visite-de-la-plateforme-logistique-ponentia-la-melusa-tamarite-de-litera\\\/\"},\"author\":{\"name\":\"Transpirinaica\",\"@id\":\"https:\\\/\\\/distracted-northcutt.31-24-154-105.plesk.page\\\/fr\\\/#\\\/schema\\\/person\\\/bed177a72fa56765778e748fb312d115\"},\"headline\":\"Suivi de la visite de la plateforme logistique Ponentia La Melusa-Tamarite de Litera.\",\"datePublished\":\"2025-07-17T09:34:26+00:00\",\"dateModified\":\"2026-04-15T12:35:20+00:00\",\"mainEntityOfPage\":{\"@id\":\"https:\\\/\\\/distracted-northcutt.31-24-154-105.plesk.page\\\/fr\\\/suivi-de-la-visite-de-la-plateforme-logistique-ponentia-la-melusa-tamarite-de-litera\\\/\"},\"wordCount\":330,\"commentCount\":0,\"image\":{\"@id\":\"https:\\\/\\\/distracted-northcutt.31-24-154-105.plesk.page\\\/fr\\\/suivi-de-la-visite-de-la-plateforme-logistique-ponentia-la-melusa-tamarite-de-litera\\\/#primaryimage\"},\"thumbnailUrl\":\"https:\\\/\\\/distracted-northcutt.31-24-154-105.plesk.page\\\/wp-content\\\/uploads\\\/2025\\\/07\\\/Workshop-tecnico-1.jpg\",\"inLanguage\":\"fr-FR\",\"potentialAction\":[{\"@type\":\"CommentAction\",\"name\":\"Comment\",\"target\":[\"https:\\\/\\\/distracted-northcutt.31-24-154-105.plesk.page\\\/fr\\\/suivi-de-la-visite-de-la-plateforme-logistique-ponentia-la-melusa-tamarite-de-litera\\\/#respond\"]}]},{\"@type\":\"WebPage\",\"@id\":\"https:\\\/\\\/distracted-northcutt.31-24-154-105.plesk.page\\\/fr\\\/suivi-de-la-visite-de-la-plateforme-logistique-ponentia-la-melusa-tamarite-de-litera\\\/\",\"url\":\"https:\\\/\\\/distracted-northcutt.31-24-154-105.plesk.page\\\/fr\\\/suivi-de-la-visite-de-la-plateforme-logistique-ponentia-la-melusa-tamarite-de-litera\\\/\",\"name\":\"Suivi de la visite de la plateforme logistique Ponentia La Melusa-Tamarite de Litera. - Transpirenaica\",\"isPartOf\":{\"@id\":\"https:\\\/\\\/distracted-northcutt.31-24-154-105.plesk.page\\\/fr\\\/#website\"},\"primaryImageOfPage\":{\"@id\":\"https:\\\/\\\/distracted-northcutt.31-24-154-105.plesk.page\\\/fr\\\/suivi-de-la-visite-de-la-plateforme-logistique-ponentia-la-melusa-tamarite-de-litera\\\/#primaryimage\"},\"image\":{\"@id\":\"https:\\\/\\\/distracted-northcutt.31-24-154-105.plesk.page\\\/fr\\\/suivi-de-la-visite-de-la-plateforme-logistique-ponentia-la-melusa-tamarite-de-litera\\\/#primaryimage\"},\"thumbnailUrl\":\"https:\\\/\\\/distracted-northcutt.31-24-154-105.plesk.page\\\/wp-content\\\/uploads\\\/2025\\\/07\\\/Workshop-tecnico-1.jpg\",\"datePublished\":\"2025-07-17T09:34:26+00:00\",\"dateModified\":\"2026-04-15T12:35:20+00:00\",\"author\":{\"@id\":\"https:\\\/\\\/distracted-northcutt.31-24-154-105.plesk.page\\\/fr\\\/#\\\/schema\\\/person\\\/bed177a72fa56765778e748fb312d115\"},\"breadcrumb\":{\"@id\":\"https:\\\/\\\/distracted-northcutt.31-24-154-105.plesk.page\\\/fr\\\/suivi-de-la-visite-de-la-plateforme-logistique-ponentia-la-melusa-tamarite-de-litera\\\/#breadcrumb\"},\"inLanguage\":\"fr-FR\",\"potentialAction\":[{\"@type\":\"ReadAction\",\"target\":[\"https:\\\/\\\/distracted-northcutt.31-24-154-105.plesk.page\\\/fr\\\/suivi-de-la-visite-de-la-plateforme-logistique-ponentia-la-melusa-tamarite-de-litera\\\/\"]}]},{\"@type\":\"ImageObject\",\"inLanguage\":\"fr-FR\",\"@id\":\"https:\\\/\\\/distracted-northcutt.31-24-154-105.plesk.page\\\/fr\\\/suivi-de-la-visite-de-la-plateforme-logistique-ponentia-la-melusa-tamarite-de-litera\\\/#primaryimage\",\"url\":\"https:\\\/\\\/distracted-northcutt.31-24-154-105.plesk.page\\\/wp-content\\\/uploads\\\/2025\\\/07\\\/Workshop-tecnico-1.jpg\",\"contentUrl\":\"https:\\\/\\\/distracted-northcutt.31-24-154-105.plesk.page\\\/wp-content\\\/uploads\\\/2025\\\/07\\\/Workshop-tecnico-1.jpg\",\"width\":795,\"height\":552},{\"@type\":\"BreadcrumbList\",\"@id\":\"https:\\\/\\\/distracted-northcutt.31-24-154-105.plesk.page\\\/fr\\\/suivi-de-la-visite-de-la-plateforme-logistique-ponentia-la-melusa-tamarite-de-litera\\\/#breadcrumb\",\"itemListElement\":[{\"@type\":\"ListItem\",\"position\":1,\"name\":\"Portada\",\"item\":\"https:\\\/\\\/distracted-northcutt.31-24-154-105.plesk.page\\\/fr\\\/\"},{\"@type\":\"ListItem\",\"position\":2,\"name\":\"Suivi de la visite de la plateforme logistique Ponentia La Melusa-Tamarite de Litera.\"}]},{\"@type\":\"WebSite\",\"@id\":\"https:\\\/\\\/distracted-northcutt.31-24-154-105.plesk.page\\\/fr\\\/#website\",\"url\":\"https:\\\/\\\/distracted-northcutt.31-24-154-105.plesk.page\\\/fr\\\/\",\"name\":\"Transpirenaica\",\"description\":\"Cooperaci\u00f3n y desarrollo sostenible  en Arag\u00f3n\",\"potentialAction\":[{\"@type\":\"SearchAction\",\"target\":{\"@type\":\"EntryPoint\",\"urlTemplate\":\"https:\\\/\\\/distracted-northcutt.31-24-154-105.plesk.page\\\/fr\\\/?s={search_term_string}\"},\"query-input\":{\"@type\":\"PropertyValueSpecification\",\"valueRequired\":true,\"valueName\":\"search_term_string\"}}],\"inLanguage\":\"fr-FR\"},{\"@type\":\"Person\",\"@id\":\"https:\\\/\\\/distracted-northcutt.31-24-154-105.plesk.page\\\/fr\\\/#\\\/schema\\\/person\\\/bed177a72fa56765778e748fb312d115\",\"name\":\"Transpirinaica\",\"image\":{\"@type\":\"ImageObject\",\"inLanguage\":\"fr-FR\",\"@id\":\"https:\\\/\\\/secure.gravatar.com\\\/avatar\\\/fe35d32b21526b39d15dea6c5d2aa09c1db6c901548f987afe7ac21cea36d758?s=96&d=mm&r=g\",\"url\":\"https:\\\/\\\/secure.gravatar.com\\\/avatar\\\/fe35d32b21526b39d15dea6c5d2aa09c1db6c901548f987afe7ac21cea36d758?s=96&d=mm&r=g\",\"contentUrl\":\"https:\\\/\\\/secure.gravatar.com\\\/avatar\\\/fe35d32b21526b39d15dea6c5d2aa09c1db6c901548f987afe7ac21cea36d758?s=96&d=mm&r=g\",\"caption\":\"Transpirinaica\"},\"url\":\"https:\\\/\\\/distracted-northcutt.31-24-154-105.plesk.page\\\/fr\\\/author\\\/o10mediab\\\/\"}]}<\/script>\n<!-- \/ Yoast SEO plugin. -->","yoast_head_json":{"title":"Suivi de la visite de la plateforme logistique Ponentia La Melusa-Tamarite de Litera. - Transpirenaica","robots":{"index":"noindex","follow":"follow","max-snippet":"max-snippet:-1","max-image-preview":"max-image-preview:large","max-video-preview":"max-video-preview:-1"},"og_locale":"fr_FR","og_type":"article","og_title":"Suivi de la visite de la plateforme logistique Ponentia La Melusa-Tamarite de Litera. - Transpirenaica","og_description":"La Fondation Transpirenaica a assur\u00e9 le suivi de la visite effectu\u00e9e par le ministre des Travaux publics, du Logement, de la Logistique et de la [&hellip;]","og_url":"https:\/\/distracted-northcutt.31-24-154-105.plesk.page\/fr\/suivi-de-la-visite-de-la-plateforme-logistique-ponentia-la-melusa-tamarite-de-litera\/","og_site_name":"Transpirenaica","article_published_time":"2025-07-17T09:34:26+00:00","article_modified_time":"2026-04-15T12:35:20+00:00","og_image":[{"width":795,"height":552,"url":"https:\/\/priceless-carson.188-95-114-7.plesk.page\/wp-content\/uploads\/2025\/07\/Workshop-tecnico-1.jpg","type":"image\/jpeg"}],"author":"Transpirinaica","twitter_card":"summary_large_image","twitter_misc":{"\u00c9crit par":"Transpirinaica","Dur\u00e9e de lecture estim\u00e9e":"2 minutes"},"schema":{"@context":"https:\/\/schema.org","@graph":[{"@type":"Article","@id":"https:\/\/distracted-northcutt.31-24-154-105.plesk.page\/fr\/suivi-de-la-visite-de-la-plateforme-logistique-ponentia-la-melusa-tamarite-de-litera\/#article","isPartOf":{"@id":"https:\/\/distracted-northcutt.31-24-154-105.plesk.page\/fr\/suivi-de-la-visite-de-la-plateforme-logistique-ponentia-la-melusa-tamarite-de-litera\/"},"author":{"name":"Transpirinaica","@id":"https:\/\/distracted-northcutt.31-24-154-105.plesk.page\/fr\/#\/schema\/person\/bed177a72fa56765778e748fb312d115"},"headline":"Suivi de la visite de la plateforme logistique Ponentia La Melusa-Tamarite de Litera.","datePublished":"2025-07-17T09:34:26+00:00","dateModified":"2026-04-15T12:35:20+00:00","mainEntityOfPage":{"@id":"https:\/\/distracted-northcutt.31-24-154-105.plesk.page\/fr\/suivi-de-la-visite-de-la-plateforme-logistique-ponentia-la-melusa-tamarite-de-litera\/"},"wordCount":330,"commentCount":0,"image":{"@id":"https:\/\/distracted-northcutt.31-24-154-105.plesk.page\/fr\/suivi-de-la-visite-de-la-plateforme-logistique-ponentia-la-melusa-tamarite-de-litera\/#primaryimage"},"thumbnailUrl":"https:\/\/distracted-northcutt.31-24-154-105.plesk.page\/wp-content\/uploads\/2025\/07\/Workshop-tecnico-1.jpg","inLanguage":"fr-FR","potentialAction":[{"@type":"CommentAction","name":"Comment","target":["https:\/\/distracted-northcutt.31-24-154-105.plesk.page\/fr\/suivi-de-la-visite-de-la-plateforme-logistique-ponentia-la-melusa-tamarite-de-litera\/#respond"]}]},{"@type":"WebPage","@id":"https:\/\/distracted-northcutt.31-24-154-105.plesk.page\/fr\/suivi-de-la-visite-de-la-plateforme-logistique-ponentia-la-melusa-tamarite-de-litera\/","url":"https:\/\/distracted-northcutt.31-24-154-105.plesk.page\/fr\/suivi-de-la-visite-de-la-plateforme-logistique-ponentia-la-melusa-tamarite-de-litera\/","name":"Suivi de la visite de la plateforme logistique Ponentia La Melusa-Tamarite de Litera. - Transpirenaica","isPartOf":{"@id":"https:\/\/distracted-northcutt.31-24-154-105.plesk.page\/fr\/#website"},"primaryImageOfPage":{"@id":"https:\/\/distracted-northcutt.31-24-154-105.plesk.page\/fr\/suivi-de-la-visite-de-la-plateforme-logistique-ponentia-la-melusa-tamarite-de-litera\/#primaryimage"},"image":{"@id":"https:\/\/distracted-northcutt.31-24-154-105.plesk.page\/fr\/suivi-de-la-visite-de-la-plateforme-logistique-ponentia-la-melusa-tamarite-de-litera\/#primaryimage"},"thumbnailUrl":"https:\/\/distracted-northcutt.31-24-154-105.plesk.page\/wp-content\/uploads\/2025\/07\/Workshop-tecnico-1.jpg","datePublished":"2025-07-17T09:34:26+00:00","dateModified":"2026-04-15T12:35:20+00:00","author":{"@id":"https:\/\/distracted-northcutt.31-24-154-105.plesk.page\/fr\/#\/schema\/person\/bed177a72fa56765778e748fb312d115"},"breadcrumb":{"@id":"https:\/\/distracted-northcutt.31-24-154-105.plesk.page\/fr\/suivi-de-la-visite-de-la-plateforme-logistique-ponentia-la-melusa-tamarite-de-litera\/#breadcrumb"},"inLanguage":"fr-FR","potentialAction":[{"@type":"ReadAction","target":["https:\/\/distracted-northcutt.31-24-154-105.plesk.page\/fr\/suivi-de-la-visite-de-la-plateforme-logistique-ponentia-la-melusa-tamarite-de-litera\/"]}]},{"@type":"ImageObject","inLanguage":"fr-FR","@id":"https:\/\/distracted-northcutt.31-24-154-105.plesk.page\/fr\/suivi-de-la-visite-de-la-plateforme-logistique-ponentia-la-melusa-tamarite-de-litera\/#primaryimage","url":"https:\/\/distracted-northcutt.31-24-154-105.plesk.page\/wp-content\/uploads\/2025\/07\/Workshop-tecnico-1.jpg","contentUrl":"https:\/\/distracted-northcutt.31-24-154-105.plesk.page\/wp-content\/uploads\/2025\/07\/Workshop-tecnico-1.jpg","width":795,"height":552},{"@type":"BreadcrumbList","@id":"https:\/\/distracted-northcutt.31-24-154-105.plesk.page\/fr\/suivi-de-la-visite-de-la-plateforme-logistique-ponentia-la-melusa-tamarite-de-litera\/#breadcrumb","itemListElement":[{"@type":"ListItem","position":1,"name":"Portada","item":"https:\/\/distracted-northcutt.31-24-154-105.plesk.page\/fr\/"},{"@type":"ListItem","position":2,"name":"Suivi de la visite de la plateforme logistique Ponentia La Melusa-Tamarite de Litera."}]},{"@type":"WebSite","@id":"https:\/\/distracted-northcutt.31-24-154-105.plesk.page\/fr\/#website","url":"https:\/\/distracted-northcutt.31-24-154-105.plesk.page\/fr\/","name":"Transpirenaica","description":"Cooperaci\u00f3n y desarrollo sostenible  en Arag\u00f3n","potentialAction":[{"@type":"SearchAction","target":{"@type":"EntryPoint","urlTemplate":"https:\/\/distracted-northcutt.31-24-154-105.plesk.page\/fr\/?s={search_term_string}"},"query-input":{"@type":"PropertyValueSpecification","valueRequired":true,"valueName":"search_term_string"}}],"inLanguage":"fr-FR"},{"@type":"Person","@id":"https:\/\/distracted-northcutt.31-24-154-105.plesk.page\/fr\/#\/schema\/person\/bed177a72fa56765778e748fb312d115","name":"Transpirinaica","image":{"@type":"ImageObject","inLanguage":"fr-FR","@id":"https:\/\/secure.gravatar.com\/avatar\/fe35d32b21526b39d15dea6c5d2aa09c1db6c901548f987afe7ac21cea36d758?s=96&d=mm&r=g","url":"https:\/\/secure.gravatar.com\/avatar\/fe35d32b21526b39d15dea6c5d2aa09c1db6c901548f987afe7ac21cea36d758?s=96&d=mm&r=g","contentUrl":"https:\/\/secure.gravatar.com\/avatar\/fe35d32b21526b39d15dea6c5d2aa09c1db6c901548f987afe7ac21cea36d758?s=96&d=mm&r=g","caption":"Transpirinaica"},"url":"https:\/\/distracted-northcutt.31-24-154-105.plesk.page\/fr\/author\/o10mediab\/"}]}},"_links":{"self":[{"href":"https:\/\/distracted-northcutt.31-24-154-105.plesk.page\/fr\/wp-json\/wp\/v2\/posts\/231363","targetHints":{"allow":["GET"]}}],"collection":[{"href":"https:\/\/distracted-northcutt.31-24-154-105.plesk.page\/fr\/wp-json\/wp\/v2\/posts"}],"about":[{"href":"https:\/\/distracted-northcutt.31-24-154-105.plesk.page\/fr\/wp-json\/wp\/v2\/types\/post"}],"author":[{"embeddable":true,"href":"https:\/\/distracted-northcutt.31-24-154-105.plesk.page\/fr\/wp-json\/wp\/v2\/users\/2"}],"replies":[{"embeddable":true,"href":"https:\/\/distracted-northcutt.31-24-154-105.plesk.page\/fr\/wp-json\/wp\/v2\/comments?post=231363"}],"version-history":[{"count":1,"href":"https:\/\/distracted-northcutt.31-24-154-105.plesk.page\/fr\/wp-json\/wp\/v2\/posts\/231363\/revisions"}],"predecessor-version":[{"id":231371,"href":"https:\/\/distracted-northcutt.31-24-154-105.plesk.page\/fr\/wp-json\/wp\/v2\/posts\/231363\/revisions\/231371"}],"wp:featuredmedia":[{"embeddable":true,"href":"https:\/\/distracted-northcutt.31-24-154-105.plesk.page\/fr\/wp-json\/wp\/v2\/media\/231366"}],"wp:attachment":[{"href":"https:\/\/distracted-northcutt.31-24-154-105.plesk.page\/fr\/wp-json\/wp\/v2\/media?parent=231363"}],"wp:term":[{"taxonomy":"category","embeddable":true,"href":"https:\/\/distracted-northcutt.31-24-154-105.plesk.page\/fr\/wp-json\/wp\/v2\/categories?post=231363"},{"taxonomy":"post_tag","embeddable":true,"href":"https:\/\/distracted-northcutt.31-24-154-105.plesk.page\/fr\/wp-json\/wp\/v2\/tags?post=231363"}],"curies":[{"name":"wp","href":"https:\/\/api.w.org\/{rel}","templated":true}]}}