{"id":231341,"date":"2025-07-24T09:39:05","date_gmt":"2025-07-24T09:39:05","guid":{"rendered":"https:\/\/priceless-carson.188-95-114-7.plesk.page\/lancement-de-lappel-a-projets-de-lespace-fonctionnel-central-afc-pau\/"},"modified":"2026-04-15T12:35:20","modified_gmt":"2026-04-15T12:35:20","slug":"lancement-de-lappel-a-projets-de-lespace-fonctionnel-central-afc-pau","status":"publish","type":"post","link":"https:\/\/distracted-northcutt.31-24-154-105.plesk.page\/fr\/lancement-de-lappel-a-projets-de-lespace-fonctionnel-central-afc-pau\/","title":{"rendered":"Lancement de l&rsquo;appel \u00e0 projets de l&rsquo;Espace fonctionnel central (AFC), Pau."},"content":{"rendered":"<p>[et_pb_section fb_built=\u00a0\u00bb1&Prime; admin_label=\u00a0\u00bbsection\u00a0\u00bb _builder_version=\u00a0\u00bb4.16&Prime; custom_padding=\u00a0\u00bb9px|||||\u00a0\u00bb global_colors_info=\u00a0\u00bb{}\u00a0\u00bb][et_pb_row admin_label=\u00a0\u00bbrang\u00e9e\u00a0\u00bb _builder_version=\u00a0\u00bb4.16&Prime; background_size=\u00a0\u00bbinitial\u00a0\u00bb background_position=\u00a0\u00bbtop_left\u00a0\u00bb background_repeat=\u00a0\u00bbrepeat\u00a0\u00bb custom_padding=\u00a0\u00bb11px|||||\u00a0\u00bb global_colors_info=\u00a0\u00bb{}\u00a0\u00bb][et_pb_column type=\u00a0\u00bb4_4&Prime; _builder_version=\u00a0\u00bb4.16&Prime; custom_padding=\u00a0\u00bb|||\u00a0\u00bb global_colors_info=\u00a0\u00bb{}\u00a0\u00bb custom_padding__hover=\u00a0\u00bb|||\u00a0\u00bb][et_pb_text _builder_version=\u00a0\u00bb4.27.4&Prime; _module_preset=\u00a0\u00bbdefault\u00a0\u00bb hover_enabled=\u00a0\u00bb0&Prime; global_colors_info=\u00a0\u00bb{}\u00a0\u00bb sticky_enabled=\u00a0\u00bb0&Prime;]<\/p>\n<p>Le directeur g\u00e9n\u00e9ral de la Fondation transpyr\u00e9n\u00e9enne a particip\u00e9 \u00e0 l&rsquo;\u00e9v\u00e9nement de lancement de l&rsquo;appel \u00e0 projets de l&rsquo;Espace fonctionnel central qui a eu lieu au Parlement de Navarre \u00e0 Pau.<\/p>\n<p>Les partenaires institutionnels fran\u00e7ais et espagnols ont officiellement lanc\u00e9 cet appel dans le cadre du programme Interreg VI-A Espagne-France-Andorre (POCTEFA 2021-2027).<\/p>\n<p>Dot\u00e9 d&rsquo;un budget de 9,1 millions d&rsquo;euros de fonds FEDER, cet appel vise \u00e0 soutenir des projets transfrontaliers qui r\u00e9pondent \u00e0 des d\u00e9fis communs : la mobilit\u00e9, le tourisme durable, l&rsquo;\u00e9conomie locale et le d\u00e9veloppement territorial, dans une zone marqu\u00e9e par l&rsquo;isolement, la faible densit\u00e9 de population et la forte d\u00e9pendance \u00e0 l&rsquo;\u00e9gard de la voiture.<\/p>\n<p><strong>Sources :<\/strong><\/p>\n<p><strong>La R\u00e9publique des Pyr\u00e9n\u00e9es :<\/strong> <a href=\"https:\/\/www.larepubliquedespyrenees.fr\/tourisme\/tourisme-en-espagne\/pyrenees-un-appel-a-projets-pour-dynamiser-la-cooperation-transfrontaliere-25358816.php\">https:\/\/www.larepubliquedespyrenees.fr\/tourisme\/tourisme-en-espagne\/pyrenees-un-appel-a-projets-pour-dynamiser-la-cooperation-transfrontaliere-25358816.php<\/a><\/p>\n<p><strong>Aragon aujourd&rsquo;hui :<\/strong><br \/><a href=\"https:\/\/www.aragonhoy.es\/hacienda-interior-administracion-publica\/aragon-lidera-nueva-estrategia-europea-desarrollo-sostenible-pirineo-central-101320\">https:\/\/www.aragonhoy.es\/hacienda-interior-administracion-publica\/aragon-lidera-nueva-estrategia-europea-desarrollo-sostenible-pirineo-central-101320<\/a><\/p>\n<p>[\/et_pb_text][\/et_pb_column][\/et_pb_row][\/et_pb_section]<\/p>\n","protected":false},"excerpt":{"rendered":"<p>Le directeur g\u00e9n\u00e9ral de la Fondation transpyr\u00e9n\u00e9enne a particip\u00e9 \u00e0 l&rsquo;\u00e9v\u00e9nement de lancement de l&rsquo;appel \u00e0 projets de l&rsquo;Espace fonctionnel central qui a eu lieu [&hellip;]<\/p>\n","protected":false},"author":2,"featured_media":231343,"comment_status":"open","ping_status":"open","sticky":false,"template":"","format":"standard","meta":{"_et_pb_use_builder":"on","_et_pb_old_content":"","_et_gb_content_width":"","footnotes":""},"categories":[10],"tags":[],"class_list":["post-231341","post","type-post","status-publish","format-standard","has-post-thumbnail","hentry","category-non-classe"],"yoast_head":"<!-- This site is optimized with the Yoast SEO plugin v27.4 - https:\/\/yoast.com\/product\/yoast-seo-wordpress\/ -->\n<title>Lancement de l&#039;appel \u00e0 projets de l&#039;Espace fonctionnel central (AFC), Pau. - Transpirenaica<\/title>\n<meta name=\"robots\" content=\"noindex, follow, max-snippet:-1, max-image-preview:large, max-video-preview:-1\" \/>\n<meta property=\"og:locale\" content=\"fr_FR\" \/>\n<meta property=\"og:type\" content=\"article\" \/>\n<meta property=\"og:title\" content=\"Lancement de l&#039;appel \u00e0 projets de l&#039;Espace fonctionnel central (AFC), Pau. - Transpirenaica\" \/>\n<meta property=\"og:description\" content=\"Le directeur g\u00e9n\u00e9ral de la Fondation transpyr\u00e9n\u00e9enne a particip\u00e9 \u00e0 l&#039;\u00e9v\u00e9nement de lancement de l&#039;appel \u00e0 projets de l&#039;Espace fonctionnel central qui a eu lieu [&hellip;]\" \/>\n<meta property=\"og:url\" content=\"https:\/\/distracted-northcutt.31-24-154-105.plesk.page\/fr\/lancement-de-lappel-a-projets-de-lespace-fonctionnel-central-afc-pau\/\" \/>\n<meta property=\"og:site_name\" content=\"Transpirenaica\" \/>\n<meta property=\"article:published_time\" content=\"2025-07-24T09:39:05+00:00\" \/>\n<meta property=\"article:modified_time\" content=\"2026-04-15T12:35:20+00:00\" \/>\n<meta property=\"og:image\" content=\"https:\/\/priceless-carson.188-95-114-7.plesk.page\/wp-content\/uploads\/2025\/11\/Evento-lanzamiento-1.jpg\" \/>\n\t<meta property=\"og:image:width\" content=\"795\" \/>\n\t<meta property=\"og:image:height\" content=\"552\" \/>\n\t<meta property=\"og:image:type\" content=\"image\/jpeg\" \/>\n<meta name=\"author\" content=\"Transpirinaica\" \/>\n<meta name=\"twitter:card\" content=\"summary_large_image\" \/>\n<meta name=\"twitter:label1\" content=\"\u00c9crit par\" \/>\n\t<meta name=\"twitter:data1\" content=\"Transpirinaica\" \/>\n\t<meta name=\"twitter:label2\" content=\"Dur\u00e9e de lecture estim\u00e9e\" \/>\n\t<meta name=\"twitter:data2\" content=\"1 minute\" \/>\n<script type=\"application\/ld+json\" class=\"yoast-schema-graph\">{\"@context\":\"https:\\\/\\\/schema.org\",\"@graph\":[{\"@type\":\"Article\",\"@id\":\"https:\\\/\\\/distracted-northcutt.31-24-154-105.plesk.page\\\/fr\\\/lancement-de-lappel-a-projets-de-lespace-fonctionnel-central-afc-pau\\\/#article\",\"isPartOf\":{\"@id\":\"https:\\\/\\\/distracted-northcutt.31-24-154-105.plesk.page\\\/fr\\\/lancement-de-lappel-a-projets-de-lespace-fonctionnel-central-afc-pau\\\/\"},\"author\":{\"name\":\"Transpirinaica\",\"@id\":\"https:\\\/\\\/distracted-northcutt.31-24-154-105.plesk.page\\\/fr\\\/#\\\/schema\\\/person\\\/bed177a72fa56765778e748fb312d115\"},\"headline\":\"Lancement de l&rsquo;appel \u00e0 projets de l&rsquo;Espace fonctionnel central (AFC), Pau.\",\"datePublished\":\"2025-07-24T09:39:05+00:00\",\"dateModified\":\"2026-04-15T12:35:20+00:00\",\"mainEntityOfPage\":{\"@id\":\"https:\\\/\\\/distracted-northcutt.31-24-154-105.plesk.page\\\/fr\\\/lancement-de-lappel-a-projets-de-lespace-fonctionnel-central-afc-pau\\\/\"},\"wordCount\":238,\"commentCount\":0,\"image\":{\"@id\":\"https:\\\/\\\/distracted-northcutt.31-24-154-105.plesk.page\\\/fr\\\/lancement-de-lappel-a-projets-de-lespace-fonctionnel-central-afc-pau\\\/#primaryimage\"},\"thumbnailUrl\":\"https:\\\/\\\/distracted-northcutt.31-24-154-105.plesk.page\\\/wp-content\\\/uploads\\\/2025\\\/11\\\/Evento-lanzamiento-1.jpg\",\"inLanguage\":\"fr-FR\",\"potentialAction\":[{\"@type\":\"CommentAction\",\"name\":\"Comment\",\"target\":[\"https:\\\/\\\/distracted-northcutt.31-24-154-105.plesk.page\\\/fr\\\/lancement-de-lappel-a-projets-de-lespace-fonctionnel-central-afc-pau\\\/#respond\"]}]},{\"@type\":\"WebPage\",\"@id\":\"https:\\\/\\\/distracted-northcutt.31-24-154-105.plesk.page\\\/fr\\\/lancement-de-lappel-a-projets-de-lespace-fonctionnel-central-afc-pau\\\/\",\"url\":\"https:\\\/\\\/distracted-northcutt.31-24-154-105.plesk.page\\\/fr\\\/lancement-de-lappel-a-projets-de-lespace-fonctionnel-central-afc-pau\\\/\",\"name\":\"Lancement de l'appel \u00e0 projets de l'Espace fonctionnel central (AFC), Pau. - Transpirenaica\",\"isPartOf\":{\"@id\":\"https:\\\/\\\/distracted-northcutt.31-24-154-105.plesk.page\\\/fr\\\/#website\"},\"primaryImageOfPage\":{\"@id\":\"https:\\\/\\\/distracted-northcutt.31-24-154-105.plesk.page\\\/fr\\\/lancement-de-lappel-a-projets-de-lespace-fonctionnel-central-afc-pau\\\/#primaryimage\"},\"image\":{\"@id\":\"https:\\\/\\\/distracted-northcutt.31-24-154-105.plesk.page\\\/fr\\\/lancement-de-lappel-a-projets-de-lespace-fonctionnel-central-afc-pau\\\/#primaryimage\"},\"thumbnailUrl\":\"https:\\\/\\\/distracted-northcutt.31-24-154-105.plesk.page\\\/wp-content\\\/uploads\\\/2025\\\/11\\\/Evento-lanzamiento-1.jpg\",\"datePublished\":\"2025-07-24T09:39:05+00:00\",\"dateModified\":\"2026-04-15T12:35:20+00:00\",\"author\":{\"@id\":\"https:\\\/\\\/distracted-northcutt.31-24-154-105.plesk.page\\\/fr\\\/#\\\/schema\\\/person\\\/bed177a72fa56765778e748fb312d115\"},\"breadcrumb\":{\"@id\":\"https:\\\/\\\/distracted-northcutt.31-24-154-105.plesk.page\\\/fr\\\/lancement-de-lappel-a-projets-de-lespace-fonctionnel-central-afc-pau\\\/#breadcrumb\"},\"inLanguage\":\"fr-FR\",\"potentialAction\":[{\"@type\":\"ReadAction\",\"target\":[\"https:\\\/\\\/distracted-northcutt.31-24-154-105.plesk.page\\\/fr\\\/lancement-de-lappel-a-projets-de-lespace-fonctionnel-central-afc-pau\\\/\"]}]},{\"@type\":\"ImageObject\",\"inLanguage\":\"fr-FR\",\"@id\":\"https:\\\/\\\/distracted-northcutt.31-24-154-105.plesk.page\\\/fr\\\/lancement-de-lappel-a-projets-de-lespace-fonctionnel-central-afc-pau\\\/#primaryimage\",\"url\":\"https:\\\/\\\/distracted-northcutt.31-24-154-105.plesk.page\\\/wp-content\\\/uploads\\\/2025\\\/11\\\/Evento-lanzamiento-1.jpg\",\"contentUrl\":\"https:\\\/\\\/distracted-northcutt.31-24-154-105.plesk.page\\\/wp-content\\\/uploads\\\/2025\\\/11\\\/Evento-lanzamiento-1.jpg\",\"width\":795,\"height\":552},{\"@type\":\"BreadcrumbList\",\"@id\":\"https:\\\/\\\/distracted-northcutt.31-24-154-105.plesk.page\\\/fr\\\/lancement-de-lappel-a-projets-de-lespace-fonctionnel-central-afc-pau\\\/#breadcrumb\",\"itemListElement\":[{\"@type\":\"ListItem\",\"position\":1,\"name\":\"Portada\",\"item\":\"https:\\\/\\\/distracted-northcutt.31-24-154-105.plesk.page\\\/fr\\\/\"},{\"@type\":\"ListItem\",\"position\":2,\"name\":\"Lancement de l&rsquo;appel \u00e0 projets de l&rsquo;Espace fonctionnel central (AFC), Pau.\"}]},{\"@type\":\"WebSite\",\"@id\":\"https:\\\/\\\/distracted-northcutt.31-24-154-105.plesk.page\\\/fr\\\/#website\",\"url\":\"https:\\\/\\\/distracted-northcutt.31-24-154-105.plesk.page\\\/fr\\\/\",\"name\":\"Transpirenaica\",\"description\":\"Cooperaci\u00f3n y desarrollo sostenible  en Arag\u00f3n\",\"potentialAction\":[{\"@type\":\"SearchAction\",\"target\":{\"@type\":\"EntryPoint\",\"urlTemplate\":\"https:\\\/\\\/distracted-northcutt.31-24-154-105.plesk.page\\\/fr\\\/?s={search_term_string}\"},\"query-input\":{\"@type\":\"PropertyValueSpecification\",\"valueRequired\":true,\"valueName\":\"search_term_string\"}}],\"inLanguage\":\"fr-FR\"},{\"@type\":\"Person\",\"@id\":\"https:\\\/\\\/distracted-northcutt.31-24-154-105.plesk.page\\\/fr\\\/#\\\/schema\\\/person\\\/bed177a72fa56765778e748fb312d115\",\"name\":\"Transpirinaica\",\"image\":{\"@type\":\"ImageObject\",\"inLanguage\":\"fr-FR\",\"@id\":\"https:\\\/\\\/secure.gravatar.com\\\/avatar\\\/fe35d32b21526b39d15dea6c5d2aa09c1db6c901548f987afe7ac21cea36d758?s=96&d=mm&r=g\",\"url\":\"https:\\\/\\\/secure.gravatar.com\\\/avatar\\\/fe35d32b21526b39d15dea6c5d2aa09c1db6c901548f987afe7ac21cea36d758?s=96&d=mm&r=g\",\"contentUrl\":\"https:\\\/\\\/secure.gravatar.com\\\/avatar\\\/fe35d32b21526b39d15dea6c5d2aa09c1db6c901548f987afe7ac21cea36d758?s=96&d=mm&r=g\",\"caption\":\"Transpirinaica\"},\"url\":\"https:\\\/\\\/distracted-northcutt.31-24-154-105.plesk.page\\\/fr\\\/author\\\/o10mediab\\\/\"}]}<\/script>\n<!-- \/ Yoast SEO plugin. -->","yoast_head_json":{"title":"Lancement de l'appel \u00e0 projets de l'Espace fonctionnel central (AFC), Pau. - Transpirenaica","robots":{"index":"noindex","follow":"follow","max-snippet":"max-snippet:-1","max-image-preview":"max-image-preview:large","max-video-preview":"max-video-preview:-1"},"og_locale":"fr_FR","og_type":"article","og_title":"Lancement de l'appel \u00e0 projets de l'Espace fonctionnel central (AFC), Pau. - Transpirenaica","og_description":"Le directeur g\u00e9n\u00e9ral de la Fondation transpyr\u00e9n\u00e9enne a particip\u00e9 \u00e0 l'\u00e9v\u00e9nement de lancement de l'appel \u00e0 projets de l'Espace fonctionnel central qui a eu lieu [&hellip;]","og_url":"https:\/\/distracted-northcutt.31-24-154-105.plesk.page\/fr\/lancement-de-lappel-a-projets-de-lespace-fonctionnel-central-afc-pau\/","og_site_name":"Transpirenaica","article_published_time":"2025-07-24T09:39:05+00:00","article_modified_time":"2026-04-15T12:35:20+00:00","og_image":[{"width":795,"height":552,"url":"https:\/\/priceless-carson.188-95-114-7.plesk.page\/wp-content\/uploads\/2025\/11\/Evento-lanzamiento-1.jpg","type":"image\/jpeg"}],"author":"Transpirinaica","twitter_card":"summary_large_image","twitter_misc":{"\u00c9crit par":"Transpirinaica","Dur\u00e9e de lecture estim\u00e9e":"1 minute"},"schema":{"@context":"https:\/\/schema.org","@graph":[{"@type":"Article","@id":"https:\/\/distracted-northcutt.31-24-154-105.plesk.page\/fr\/lancement-de-lappel-a-projets-de-lespace-fonctionnel-central-afc-pau\/#article","isPartOf":{"@id":"https:\/\/distracted-northcutt.31-24-154-105.plesk.page\/fr\/lancement-de-lappel-a-projets-de-lespace-fonctionnel-central-afc-pau\/"},"author":{"name":"Transpirinaica","@id":"https:\/\/distracted-northcutt.31-24-154-105.plesk.page\/fr\/#\/schema\/person\/bed177a72fa56765778e748fb312d115"},"headline":"Lancement de l&rsquo;appel \u00e0 projets de l&rsquo;Espace fonctionnel central (AFC), Pau.","datePublished":"2025-07-24T09:39:05+00:00","dateModified":"2026-04-15T12:35:20+00:00","mainEntityOfPage":{"@id":"https:\/\/distracted-northcutt.31-24-154-105.plesk.page\/fr\/lancement-de-lappel-a-projets-de-lespace-fonctionnel-central-afc-pau\/"},"wordCount":238,"commentCount":0,"image":{"@id":"https:\/\/distracted-northcutt.31-24-154-105.plesk.page\/fr\/lancement-de-lappel-a-projets-de-lespace-fonctionnel-central-afc-pau\/#primaryimage"},"thumbnailUrl":"https:\/\/distracted-northcutt.31-24-154-105.plesk.page\/wp-content\/uploads\/2025\/11\/Evento-lanzamiento-1.jpg","inLanguage":"fr-FR","potentialAction":[{"@type":"CommentAction","name":"Comment","target":["https:\/\/distracted-northcutt.31-24-154-105.plesk.page\/fr\/lancement-de-lappel-a-projets-de-lespace-fonctionnel-central-afc-pau\/#respond"]}]},{"@type":"WebPage","@id":"https:\/\/distracted-northcutt.31-24-154-105.plesk.page\/fr\/lancement-de-lappel-a-projets-de-lespace-fonctionnel-central-afc-pau\/","url":"https:\/\/distracted-northcutt.31-24-154-105.plesk.page\/fr\/lancement-de-lappel-a-projets-de-lespace-fonctionnel-central-afc-pau\/","name":"Lancement de l'appel \u00e0 projets de l'Espace fonctionnel central (AFC), Pau. - Transpirenaica","isPartOf":{"@id":"https:\/\/distracted-northcutt.31-24-154-105.plesk.page\/fr\/#website"},"primaryImageOfPage":{"@id":"https:\/\/distracted-northcutt.31-24-154-105.plesk.page\/fr\/lancement-de-lappel-a-projets-de-lespace-fonctionnel-central-afc-pau\/#primaryimage"},"image":{"@id":"https:\/\/distracted-northcutt.31-24-154-105.plesk.page\/fr\/lancement-de-lappel-a-projets-de-lespace-fonctionnel-central-afc-pau\/#primaryimage"},"thumbnailUrl":"https:\/\/distracted-northcutt.31-24-154-105.plesk.page\/wp-content\/uploads\/2025\/11\/Evento-lanzamiento-1.jpg","datePublished":"2025-07-24T09:39:05+00:00","dateModified":"2026-04-15T12:35:20+00:00","author":{"@id":"https:\/\/distracted-northcutt.31-24-154-105.plesk.page\/fr\/#\/schema\/person\/bed177a72fa56765778e748fb312d115"},"breadcrumb":{"@id":"https:\/\/distracted-northcutt.31-24-154-105.plesk.page\/fr\/lancement-de-lappel-a-projets-de-lespace-fonctionnel-central-afc-pau\/#breadcrumb"},"inLanguage":"fr-FR","potentialAction":[{"@type":"ReadAction","target":["https:\/\/distracted-northcutt.31-24-154-105.plesk.page\/fr\/lancement-de-lappel-a-projets-de-lespace-fonctionnel-central-afc-pau\/"]}]},{"@type":"ImageObject","inLanguage":"fr-FR","@id":"https:\/\/distracted-northcutt.31-24-154-105.plesk.page\/fr\/lancement-de-lappel-a-projets-de-lespace-fonctionnel-central-afc-pau\/#primaryimage","url":"https:\/\/distracted-northcutt.31-24-154-105.plesk.page\/wp-content\/uploads\/2025\/11\/Evento-lanzamiento-1.jpg","contentUrl":"https:\/\/distracted-northcutt.31-24-154-105.plesk.page\/wp-content\/uploads\/2025\/11\/Evento-lanzamiento-1.jpg","width":795,"height":552},{"@type":"BreadcrumbList","@id":"https:\/\/distracted-northcutt.31-24-154-105.plesk.page\/fr\/lancement-de-lappel-a-projets-de-lespace-fonctionnel-central-afc-pau\/#breadcrumb","itemListElement":[{"@type":"ListItem","position":1,"name":"Portada","item":"https:\/\/distracted-northcutt.31-24-154-105.plesk.page\/fr\/"},{"@type":"ListItem","position":2,"name":"Lancement de l&rsquo;appel \u00e0 projets de l&rsquo;Espace fonctionnel central (AFC), Pau."}]},{"@type":"WebSite","@id":"https:\/\/distracted-northcutt.31-24-154-105.plesk.page\/fr\/#website","url":"https:\/\/distracted-northcutt.31-24-154-105.plesk.page\/fr\/","name":"Transpirenaica","description":"Cooperaci\u00f3n y desarrollo sostenible  en Arag\u00f3n","potentialAction":[{"@type":"SearchAction","target":{"@type":"EntryPoint","urlTemplate":"https:\/\/distracted-northcutt.31-24-154-105.plesk.page\/fr\/?s={search_term_string}"},"query-input":{"@type":"PropertyValueSpecification","valueRequired":true,"valueName":"search_term_string"}}],"inLanguage":"fr-FR"},{"@type":"Person","@id":"https:\/\/distracted-northcutt.31-24-154-105.plesk.page\/fr\/#\/schema\/person\/bed177a72fa56765778e748fb312d115","name":"Transpirinaica","image":{"@type":"ImageObject","inLanguage":"fr-FR","@id":"https:\/\/secure.gravatar.com\/avatar\/fe35d32b21526b39d15dea6c5d2aa09c1db6c901548f987afe7ac21cea36d758?s=96&d=mm&r=g","url":"https:\/\/secure.gravatar.com\/avatar\/fe35d32b21526b39d15dea6c5d2aa09c1db6c901548f987afe7ac21cea36d758?s=96&d=mm&r=g","contentUrl":"https:\/\/secure.gravatar.com\/avatar\/fe35d32b21526b39d15dea6c5d2aa09c1db6c901548f987afe7ac21cea36d758?s=96&d=mm&r=g","caption":"Transpirinaica"},"url":"https:\/\/distracted-northcutt.31-24-154-105.plesk.page\/fr\/author\/o10mediab\/"}]}},"_links":{"self":[{"href":"https:\/\/distracted-northcutt.31-24-154-105.plesk.page\/fr\/wp-json\/wp\/v2\/posts\/231341","targetHints":{"allow":["GET"]}}],"collection":[{"href":"https:\/\/distracted-northcutt.31-24-154-105.plesk.page\/fr\/wp-json\/wp\/v2\/posts"}],"about":[{"href":"https:\/\/distracted-northcutt.31-24-154-105.plesk.page\/fr\/wp-json\/wp\/v2\/types\/post"}],"author":[{"embeddable":true,"href":"https:\/\/distracted-northcutt.31-24-154-105.plesk.page\/fr\/wp-json\/wp\/v2\/users\/2"}],"replies":[{"embeddable":true,"href":"https:\/\/distracted-northcutt.31-24-154-105.plesk.page\/fr\/wp-json\/wp\/v2\/comments?post=231341"}],"version-history":[{"count":10,"href":"https:\/\/distracted-northcutt.31-24-154-105.plesk.page\/fr\/wp-json\/wp\/v2\/posts\/231341\/revisions"}],"predecessor-version":[{"id":231394,"href":"https:\/\/distracted-northcutt.31-24-154-105.plesk.page\/fr\/wp-json\/wp\/v2\/posts\/231341\/revisions\/231394"}],"wp:featuredmedia":[{"embeddable":true,"href":"https:\/\/distracted-northcutt.31-24-154-105.plesk.page\/fr\/wp-json\/wp\/v2\/media\/231343"}],"wp:attachment":[{"href":"https:\/\/distracted-northcutt.31-24-154-105.plesk.page\/fr\/wp-json\/wp\/v2\/media?parent=231341"}],"wp:term":[{"taxonomy":"category","embeddable":true,"href":"https:\/\/distracted-northcutt.31-24-154-105.plesk.page\/fr\/wp-json\/wp\/v2\/categories?post=231341"},{"taxonomy":"post_tag","embeddable":true,"href":"https:\/\/distracted-northcutt.31-24-154-105.plesk.page\/fr\/wp-json\/wp\/v2\/tags?post=231341"}],"curies":[{"name":"wp","href":"https:\/\/api.w.org\/{rel}","templated":true}]}}