{"id":231205,"date":"2025-09-18T08:28:13","date_gmt":"2025-09-18T08:28:13","guid":{"rendered":"https:\/\/priceless-carson.188-95-114-7.plesk.page\/reception-des-travaux-pour-lamelioration-et-la-modernisation-de-la-voie-verte-ojos-negros\/"},"modified":"2026-04-15T12:34:19","modified_gmt":"2026-04-15T12:34:19","slug":"reception-des-travaux-pour-lamelioration-et-la-modernisation-de-la-voie-verte-ojos-negros","status":"publish","type":"post","link":"https:\/\/distracted-northcutt.31-24-154-105.plesk.page\/fr\/reception-des-travaux-pour-lamelioration-et-la-modernisation-de-la-voie-verte-ojos-negros\/","title":{"rendered":"R\u00e9ception des travaux pour l&rsquo;am\u00e9lioration et la modernisation de la voie verte Ojos Negros."},"content":{"rendered":"<p>[et_pb_section fb_built=\u00a0\u00bb1&Prime; admin_label=\u00a0\u00bbsection\u00a0\u00bb _builder_version=\u00a0\u00bb4.16&Prime; custom_padding=\u00a0\u00bb9px|||||\u00a0\u00bb global_colors_info=\u00a0\u00bb{}\u00a0\u00bb][et_pb_row admin_label=\u00a0\u00bbrang\u00e9e\u00a0\u00bb _builder_version=\u00a0\u00bb4.16&Prime; background_size=\u00a0\u00bbinitial\u00a0\u00bb background_position=\u00a0\u00bbtop_left\u00a0\u00bb background_repeat=\u00a0\u00bbrepeat\u00a0\u00bb custom_padding=\u00a0\u00bb11px|||||\u00a0\u00bb global_colors_info=\u00a0\u00bb{}\u00a0\u00bb][et_pb_column type=\u00a0\u00bb4_4&Prime; _builder_version=\u00a0\u00bb4.16&Prime; custom_padding=\u00a0\u00bb|||\u00a0\u00bb global_colors_info=\u00a0\u00bb{}\u00a0\u00bb custom_padding__hover=\u00a0\u00bb|||\u00a0\u00bb][et_pb_text _builder_version=\u00a0\u00bb4.27.4&Prime; _module_preset=\u00a0\u00bbdefault\u00a0\u00bb global_colors_info=\u00a0\u00bb{}\u00a0\u00bb]Le 18 septembre, les travaux d&rsquo;am\u00e9lioration et de modernisation de la voie verte Ojos Negros entre les points kilom\u00e9triques 96+950 et 107+868 ont \u00e9t\u00e9 achev\u00e9s. <\/p>\n<p>Ceci conclut une action qui a permis la r\u00e9novation compl\u00e8te de ce tron\u00e7on de 11 km situ\u00e9 dans les municipalit\u00e9s de Sarri\u00f3n et Albentosa, qui est l&rsquo;un des plus fr\u00e9quent\u00e9s par les randonneurs et les cyclotouristes sur la plus grande voie verte de la p\u00e9ninsule ib\u00e9rique.<\/p>\n<p>Ces travaux, promus par la Direction G\u00e9n\u00e9rale des Transports du Gouvernement d&rsquo;Aragon et pour lesquels l&rsquo;Aire Strat\u00e9gique des Infrastructures de la Fondation Transpirenaica fournit une assistance technique pour le suivi et la supervision des travaux, ont dur\u00e9 4,5 mois et plus de 350.000,00\u20ac ont \u00e9t\u00e9 investis, am\u00e9liorant de mani\u00e8re significative la s\u00e9curit\u00e9 de la route gr\u00e2ce \u00e0 des syst\u00e8mes de stabilisation des pentes, ainsi que le renouvellement de la chauss\u00e9e, la signalisation et l&rsquo;am\u00e9lioration de l&rsquo;\u00e9coulement des eaux.[\/et_pb_text][\/et_pb_column][\/et_pb_row][\/et_pb_section]<\/p>\n","protected":false},"excerpt":{"rendered":"<p>Le 18 septembre, les travaux d&rsquo;am\u00e9lioration et de modernisation de la voie verte Ojos Negros entre les points kilom\u00e9triques 96+950 et 107+868 ont \u00e9t\u00e9 achev\u00e9s. [&hellip;]<\/p>\n","protected":false},"author":2,"featured_media":231206,"comment_status":"open","ping_status":"open","sticky":false,"template":"","format":"standard","meta":{"_et_pb_use_builder":"on","_et_pb_old_content":"","_et_gb_content_width":"","footnotes":""},"categories":[10],"tags":[],"class_list":["post-231205","post","type-post","status-publish","format-standard","has-post-thumbnail","hentry","category-non-classe"],"yoast_head":"<!-- This site is optimized with the Yoast SEO plugin v27.4 - https:\/\/yoast.com\/product\/yoast-seo-wordpress\/ -->\n<title>R\u00e9ception des travaux pour l&#039;am\u00e9lioration et la modernisation de la voie verte Ojos Negros. - Transpirenaica<\/title>\n<meta name=\"robots\" content=\"noindex, follow, max-snippet:-1, max-image-preview:large, max-video-preview:-1\" \/>\n<meta property=\"og:locale\" content=\"fr_FR\" \/>\n<meta property=\"og:type\" content=\"article\" \/>\n<meta property=\"og:title\" content=\"R\u00e9ception des travaux pour l&#039;am\u00e9lioration et la modernisation de la voie verte Ojos Negros. - Transpirenaica\" \/>\n<meta property=\"og:description\" content=\"Le 18 septembre, les travaux d&#039;am\u00e9lioration et de modernisation de la voie verte Ojos Negros entre les points kilom\u00e9triques 96+950 et 107+868 ont \u00e9t\u00e9 achev\u00e9s. [&hellip;]\" \/>\n<meta property=\"og:url\" content=\"https:\/\/distracted-northcutt.31-24-154-105.plesk.page\/fr\/reception-des-travaux-pour-lamelioration-et-la-modernisation-de-la-voie-verte-ojos-negros\/\" \/>\n<meta property=\"og:site_name\" content=\"Transpirenaica\" \/>\n<meta property=\"article:published_time\" content=\"2025-09-18T08:28:13+00:00\" \/>\n<meta property=\"article:modified_time\" content=\"2026-04-15T12:34:19+00:00\" \/>\n<meta property=\"og:image\" content=\"https:\/\/priceless-carson.188-95-114-7.plesk.page\/wp-content\/uploads\/2025\/11\/jornada-cooperacion-transfronteriza-1.jpg\" \/>\n\t<meta property=\"og:image:width\" content=\"795\" \/>\n\t<meta property=\"og:image:height\" content=\"552\" \/>\n\t<meta property=\"og:image:type\" content=\"image\/jpeg\" \/>\n<meta name=\"author\" content=\"Transpirinaica\" \/>\n<meta name=\"twitter:card\" content=\"summary_large_image\" \/>\n<meta name=\"twitter:label1\" content=\"\u00c9crit par\" \/>\n\t<meta name=\"twitter:data1\" content=\"Transpirinaica\" \/>\n\t<meta name=\"twitter:label2\" content=\"Dur\u00e9e de lecture estim\u00e9e\" \/>\n\t<meta name=\"twitter:data2\" content=\"1 minute\" \/>\n<script type=\"application\/ld+json\" class=\"yoast-schema-graph\">{\"@context\":\"https:\\\/\\\/schema.org\",\"@graph\":[{\"@type\":\"Article\",\"@id\":\"https:\\\/\\\/distracted-northcutt.31-24-154-105.plesk.page\\\/fr\\\/reception-des-travaux-pour-lamelioration-et-la-modernisation-de-la-voie-verte-ojos-negros\\\/#article\",\"isPartOf\":{\"@id\":\"https:\\\/\\\/distracted-northcutt.31-24-154-105.plesk.page\\\/fr\\\/reception-des-travaux-pour-lamelioration-et-la-modernisation-de-la-voie-verte-ojos-negros\\\/\"},\"author\":{\"name\":\"Transpirinaica\",\"@id\":\"https:\\\/\\\/distracted-northcutt.31-24-154-105.plesk.page\\\/fr\\\/#\\\/schema\\\/person\\\/bed177a72fa56765778e748fb312d115\"},\"headline\":\"R\u00e9ception des travaux pour l&rsquo;am\u00e9lioration et la modernisation de la voie verte Ojos Negros.\",\"datePublished\":\"2025-09-18T08:28:13+00:00\",\"dateModified\":\"2026-04-15T12:34:19+00:00\",\"mainEntityOfPage\":{\"@id\":\"https:\\\/\\\/distracted-northcutt.31-24-154-105.plesk.page\\\/fr\\\/reception-des-travaux-pour-lamelioration-et-la-modernisation-de-la-voie-verte-ojos-negros\\\/\"},\"wordCount\":265,\"commentCount\":0,\"image\":{\"@id\":\"https:\\\/\\\/distracted-northcutt.31-24-154-105.plesk.page\\\/fr\\\/reception-des-travaux-pour-lamelioration-et-la-modernisation-de-la-voie-verte-ojos-negros\\\/#primaryimage\"},\"thumbnailUrl\":\"https:\\\/\\\/distracted-northcutt.31-24-154-105.plesk.page\\\/wp-content\\\/uploads\\\/2025\\\/11\\\/jornada-cooperacion-transfronteriza-1.jpg\",\"inLanguage\":\"fr-FR\",\"potentialAction\":[{\"@type\":\"CommentAction\",\"name\":\"Comment\",\"target\":[\"https:\\\/\\\/distracted-northcutt.31-24-154-105.plesk.page\\\/fr\\\/reception-des-travaux-pour-lamelioration-et-la-modernisation-de-la-voie-verte-ojos-negros\\\/#respond\"]}]},{\"@type\":\"WebPage\",\"@id\":\"https:\\\/\\\/distracted-northcutt.31-24-154-105.plesk.page\\\/fr\\\/reception-des-travaux-pour-lamelioration-et-la-modernisation-de-la-voie-verte-ojos-negros\\\/\",\"url\":\"https:\\\/\\\/distracted-northcutt.31-24-154-105.plesk.page\\\/fr\\\/reception-des-travaux-pour-lamelioration-et-la-modernisation-de-la-voie-verte-ojos-negros\\\/\",\"name\":\"R\u00e9ception des travaux pour l'am\u00e9lioration et la modernisation de la voie verte Ojos Negros. - Transpirenaica\",\"isPartOf\":{\"@id\":\"https:\\\/\\\/distracted-northcutt.31-24-154-105.plesk.page\\\/fr\\\/#website\"},\"primaryImageOfPage\":{\"@id\":\"https:\\\/\\\/distracted-northcutt.31-24-154-105.plesk.page\\\/fr\\\/reception-des-travaux-pour-lamelioration-et-la-modernisation-de-la-voie-verte-ojos-negros\\\/#primaryimage\"},\"image\":{\"@id\":\"https:\\\/\\\/distracted-northcutt.31-24-154-105.plesk.page\\\/fr\\\/reception-des-travaux-pour-lamelioration-et-la-modernisation-de-la-voie-verte-ojos-negros\\\/#primaryimage\"},\"thumbnailUrl\":\"https:\\\/\\\/distracted-northcutt.31-24-154-105.plesk.page\\\/wp-content\\\/uploads\\\/2025\\\/11\\\/jornada-cooperacion-transfronteriza-1.jpg\",\"datePublished\":\"2025-09-18T08:28:13+00:00\",\"dateModified\":\"2026-04-15T12:34:19+00:00\",\"author\":{\"@id\":\"https:\\\/\\\/distracted-northcutt.31-24-154-105.plesk.page\\\/fr\\\/#\\\/schema\\\/person\\\/bed177a72fa56765778e748fb312d115\"},\"breadcrumb\":{\"@id\":\"https:\\\/\\\/distracted-northcutt.31-24-154-105.plesk.page\\\/fr\\\/reception-des-travaux-pour-lamelioration-et-la-modernisation-de-la-voie-verte-ojos-negros\\\/#breadcrumb\"},\"inLanguage\":\"fr-FR\",\"potentialAction\":[{\"@type\":\"ReadAction\",\"target\":[\"https:\\\/\\\/distracted-northcutt.31-24-154-105.plesk.page\\\/fr\\\/reception-des-travaux-pour-lamelioration-et-la-modernisation-de-la-voie-verte-ojos-negros\\\/\"]}]},{\"@type\":\"ImageObject\",\"inLanguage\":\"fr-FR\",\"@id\":\"https:\\\/\\\/distracted-northcutt.31-24-154-105.plesk.page\\\/fr\\\/reception-des-travaux-pour-lamelioration-et-la-modernisation-de-la-voie-verte-ojos-negros\\\/#primaryimage\",\"url\":\"https:\\\/\\\/distracted-northcutt.31-24-154-105.plesk.page\\\/wp-content\\\/uploads\\\/2025\\\/11\\\/jornada-cooperacion-transfronteriza-1.jpg\",\"contentUrl\":\"https:\\\/\\\/distracted-northcutt.31-24-154-105.plesk.page\\\/wp-content\\\/uploads\\\/2025\\\/11\\\/jornada-cooperacion-transfronteriza-1.jpg\",\"width\":795,\"height\":552},{\"@type\":\"BreadcrumbList\",\"@id\":\"https:\\\/\\\/distracted-northcutt.31-24-154-105.plesk.page\\\/fr\\\/reception-des-travaux-pour-lamelioration-et-la-modernisation-de-la-voie-verte-ojos-negros\\\/#breadcrumb\",\"itemListElement\":[{\"@type\":\"ListItem\",\"position\":1,\"name\":\"Portada\",\"item\":\"https:\\\/\\\/distracted-northcutt.31-24-154-105.plesk.page\\\/fr\\\/\"},{\"@type\":\"ListItem\",\"position\":2,\"name\":\"R\u00e9ception des travaux pour l&rsquo;am\u00e9lioration et la modernisation de la voie verte Ojos Negros.\"}]},{\"@type\":\"WebSite\",\"@id\":\"https:\\\/\\\/distracted-northcutt.31-24-154-105.plesk.page\\\/fr\\\/#website\",\"url\":\"https:\\\/\\\/distracted-northcutt.31-24-154-105.plesk.page\\\/fr\\\/\",\"name\":\"Transpirenaica\",\"description\":\"Cooperaci\u00f3n y desarrollo sostenible  en Arag\u00f3n\",\"potentialAction\":[{\"@type\":\"SearchAction\",\"target\":{\"@type\":\"EntryPoint\",\"urlTemplate\":\"https:\\\/\\\/distracted-northcutt.31-24-154-105.plesk.page\\\/fr\\\/?s={search_term_string}\"},\"query-input\":{\"@type\":\"PropertyValueSpecification\",\"valueRequired\":true,\"valueName\":\"search_term_string\"}}],\"inLanguage\":\"fr-FR\"},{\"@type\":\"Person\",\"@id\":\"https:\\\/\\\/distracted-northcutt.31-24-154-105.plesk.page\\\/fr\\\/#\\\/schema\\\/person\\\/bed177a72fa56765778e748fb312d115\",\"name\":\"Transpirinaica\",\"image\":{\"@type\":\"ImageObject\",\"inLanguage\":\"fr-FR\",\"@id\":\"https:\\\/\\\/secure.gravatar.com\\\/avatar\\\/fe35d32b21526b39d15dea6c5d2aa09c1db6c901548f987afe7ac21cea36d758?s=96&d=mm&r=g\",\"url\":\"https:\\\/\\\/secure.gravatar.com\\\/avatar\\\/fe35d32b21526b39d15dea6c5d2aa09c1db6c901548f987afe7ac21cea36d758?s=96&d=mm&r=g\",\"contentUrl\":\"https:\\\/\\\/secure.gravatar.com\\\/avatar\\\/fe35d32b21526b39d15dea6c5d2aa09c1db6c901548f987afe7ac21cea36d758?s=96&d=mm&r=g\",\"caption\":\"Transpirinaica\"},\"url\":\"https:\\\/\\\/distracted-northcutt.31-24-154-105.plesk.page\\\/fr\\\/author\\\/o10mediab\\\/\"}]}<\/script>\n<!-- \/ Yoast SEO plugin. -->","yoast_head_json":{"title":"R\u00e9ception des travaux pour l'am\u00e9lioration et la modernisation de la voie verte Ojos Negros. - Transpirenaica","robots":{"index":"noindex","follow":"follow","max-snippet":"max-snippet:-1","max-image-preview":"max-image-preview:large","max-video-preview":"max-video-preview:-1"},"og_locale":"fr_FR","og_type":"article","og_title":"R\u00e9ception des travaux pour l'am\u00e9lioration et la modernisation de la voie verte Ojos Negros. - Transpirenaica","og_description":"Le 18 septembre, les travaux d'am\u00e9lioration et de modernisation de la voie verte Ojos Negros entre les points kilom\u00e9triques 96+950 et 107+868 ont \u00e9t\u00e9 achev\u00e9s. [&hellip;]","og_url":"https:\/\/distracted-northcutt.31-24-154-105.plesk.page\/fr\/reception-des-travaux-pour-lamelioration-et-la-modernisation-de-la-voie-verte-ojos-negros\/","og_site_name":"Transpirenaica","article_published_time":"2025-09-18T08:28:13+00:00","article_modified_time":"2026-04-15T12:34:19+00:00","og_image":[{"width":795,"height":552,"url":"https:\/\/priceless-carson.188-95-114-7.plesk.page\/wp-content\/uploads\/2025\/11\/jornada-cooperacion-transfronteriza-1.jpg","type":"image\/jpeg"}],"author":"Transpirinaica","twitter_card":"summary_large_image","twitter_misc":{"\u00c9crit par":"Transpirinaica","Dur\u00e9e de lecture estim\u00e9e":"1 minute"},"schema":{"@context":"https:\/\/schema.org","@graph":[{"@type":"Article","@id":"https:\/\/distracted-northcutt.31-24-154-105.plesk.page\/fr\/reception-des-travaux-pour-lamelioration-et-la-modernisation-de-la-voie-verte-ojos-negros\/#article","isPartOf":{"@id":"https:\/\/distracted-northcutt.31-24-154-105.plesk.page\/fr\/reception-des-travaux-pour-lamelioration-et-la-modernisation-de-la-voie-verte-ojos-negros\/"},"author":{"name":"Transpirinaica","@id":"https:\/\/distracted-northcutt.31-24-154-105.plesk.page\/fr\/#\/schema\/person\/bed177a72fa56765778e748fb312d115"},"headline":"R\u00e9ception des travaux pour l&rsquo;am\u00e9lioration et la modernisation de la voie verte Ojos Negros.","datePublished":"2025-09-18T08:28:13+00:00","dateModified":"2026-04-15T12:34:19+00:00","mainEntityOfPage":{"@id":"https:\/\/distracted-northcutt.31-24-154-105.plesk.page\/fr\/reception-des-travaux-pour-lamelioration-et-la-modernisation-de-la-voie-verte-ojos-negros\/"},"wordCount":265,"commentCount":0,"image":{"@id":"https:\/\/distracted-northcutt.31-24-154-105.plesk.page\/fr\/reception-des-travaux-pour-lamelioration-et-la-modernisation-de-la-voie-verte-ojos-negros\/#primaryimage"},"thumbnailUrl":"https:\/\/distracted-northcutt.31-24-154-105.plesk.page\/wp-content\/uploads\/2025\/11\/jornada-cooperacion-transfronteriza-1.jpg","inLanguage":"fr-FR","potentialAction":[{"@type":"CommentAction","name":"Comment","target":["https:\/\/distracted-northcutt.31-24-154-105.plesk.page\/fr\/reception-des-travaux-pour-lamelioration-et-la-modernisation-de-la-voie-verte-ojos-negros\/#respond"]}]},{"@type":"WebPage","@id":"https:\/\/distracted-northcutt.31-24-154-105.plesk.page\/fr\/reception-des-travaux-pour-lamelioration-et-la-modernisation-de-la-voie-verte-ojos-negros\/","url":"https:\/\/distracted-northcutt.31-24-154-105.plesk.page\/fr\/reception-des-travaux-pour-lamelioration-et-la-modernisation-de-la-voie-verte-ojos-negros\/","name":"R\u00e9ception des travaux pour l'am\u00e9lioration et la modernisation de la voie verte Ojos Negros. - Transpirenaica","isPartOf":{"@id":"https:\/\/distracted-northcutt.31-24-154-105.plesk.page\/fr\/#website"},"primaryImageOfPage":{"@id":"https:\/\/distracted-northcutt.31-24-154-105.plesk.page\/fr\/reception-des-travaux-pour-lamelioration-et-la-modernisation-de-la-voie-verte-ojos-negros\/#primaryimage"},"image":{"@id":"https:\/\/distracted-northcutt.31-24-154-105.plesk.page\/fr\/reception-des-travaux-pour-lamelioration-et-la-modernisation-de-la-voie-verte-ojos-negros\/#primaryimage"},"thumbnailUrl":"https:\/\/distracted-northcutt.31-24-154-105.plesk.page\/wp-content\/uploads\/2025\/11\/jornada-cooperacion-transfronteriza-1.jpg","datePublished":"2025-09-18T08:28:13+00:00","dateModified":"2026-04-15T12:34:19+00:00","author":{"@id":"https:\/\/distracted-northcutt.31-24-154-105.plesk.page\/fr\/#\/schema\/person\/bed177a72fa56765778e748fb312d115"},"breadcrumb":{"@id":"https:\/\/distracted-northcutt.31-24-154-105.plesk.page\/fr\/reception-des-travaux-pour-lamelioration-et-la-modernisation-de-la-voie-verte-ojos-negros\/#breadcrumb"},"inLanguage":"fr-FR","potentialAction":[{"@type":"ReadAction","target":["https:\/\/distracted-northcutt.31-24-154-105.plesk.page\/fr\/reception-des-travaux-pour-lamelioration-et-la-modernisation-de-la-voie-verte-ojos-negros\/"]}]},{"@type":"ImageObject","inLanguage":"fr-FR","@id":"https:\/\/distracted-northcutt.31-24-154-105.plesk.page\/fr\/reception-des-travaux-pour-lamelioration-et-la-modernisation-de-la-voie-verte-ojos-negros\/#primaryimage","url":"https:\/\/distracted-northcutt.31-24-154-105.plesk.page\/wp-content\/uploads\/2025\/11\/jornada-cooperacion-transfronteriza-1.jpg","contentUrl":"https:\/\/distracted-northcutt.31-24-154-105.plesk.page\/wp-content\/uploads\/2025\/11\/jornada-cooperacion-transfronteriza-1.jpg","width":795,"height":552},{"@type":"BreadcrumbList","@id":"https:\/\/distracted-northcutt.31-24-154-105.plesk.page\/fr\/reception-des-travaux-pour-lamelioration-et-la-modernisation-de-la-voie-verte-ojos-negros\/#breadcrumb","itemListElement":[{"@type":"ListItem","position":1,"name":"Portada","item":"https:\/\/distracted-northcutt.31-24-154-105.plesk.page\/fr\/"},{"@type":"ListItem","position":2,"name":"R\u00e9ception des travaux pour l&rsquo;am\u00e9lioration et la modernisation de la voie verte Ojos Negros."}]},{"@type":"WebSite","@id":"https:\/\/distracted-northcutt.31-24-154-105.plesk.page\/fr\/#website","url":"https:\/\/distracted-northcutt.31-24-154-105.plesk.page\/fr\/","name":"Transpirenaica","description":"Cooperaci\u00f3n y desarrollo sostenible  en Arag\u00f3n","potentialAction":[{"@type":"SearchAction","target":{"@type":"EntryPoint","urlTemplate":"https:\/\/distracted-northcutt.31-24-154-105.plesk.page\/fr\/?s={search_term_string}"},"query-input":{"@type":"PropertyValueSpecification","valueRequired":true,"valueName":"search_term_string"}}],"inLanguage":"fr-FR"},{"@type":"Person","@id":"https:\/\/distracted-northcutt.31-24-154-105.plesk.page\/fr\/#\/schema\/person\/bed177a72fa56765778e748fb312d115","name":"Transpirinaica","image":{"@type":"ImageObject","inLanguage":"fr-FR","@id":"https:\/\/secure.gravatar.com\/avatar\/fe35d32b21526b39d15dea6c5d2aa09c1db6c901548f987afe7ac21cea36d758?s=96&d=mm&r=g","url":"https:\/\/secure.gravatar.com\/avatar\/fe35d32b21526b39d15dea6c5d2aa09c1db6c901548f987afe7ac21cea36d758?s=96&d=mm&r=g","contentUrl":"https:\/\/secure.gravatar.com\/avatar\/fe35d32b21526b39d15dea6c5d2aa09c1db6c901548f987afe7ac21cea36d758?s=96&d=mm&r=g","caption":"Transpirinaica"},"url":"https:\/\/distracted-northcutt.31-24-154-105.plesk.page\/fr\/author\/o10mediab\/"}]}},"_links":{"self":[{"href":"https:\/\/distracted-northcutt.31-24-154-105.plesk.page\/fr\/wp-json\/wp\/v2\/posts\/231205","targetHints":{"allow":["GET"]}}],"collection":[{"href":"https:\/\/distracted-northcutt.31-24-154-105.plesk.page\/fr\/wp-json\/wp\/v2\/posts"}],"about":[{"href":"https:\/\/distracted-northcutt.31-24-154-105.plesk.page\/fr\/wp-json\/wp\/v2\/types\/post"}],"author":[{"embeddable":true,"href":"https:\/\/distracted-northcutt.31-24-154-105.plesk.page\/fr\/wp-json\/wp\/v2\/users\/2"}],"replies":[{"embeddable":true,"href":"https:\/\/distracted-northcutt.31-24-154-105.plesk.page\/fr\/wp-json\/wp\/v2\/comments?post=231205"}],"version-history":[{"count":1,"href":"https:\/\/distracted-northcutt.31-24-154-105.plesk.page\/fr\/wp-json\/wp\/v2\/posts\/231205\/revisions"}],"predecessor-version":[{"id":231212,"href":"https:\/\/distracted-northcutt.31-24-154-105.plesk.page\/fr\/wp-json\/wp\/v2\/posts\/231205\/revisions\/231212"}],"wp:featuredmedia":[{"embeddable":true,"href":"https:\/\/distracted-northcutt.31-24-154-105.plesk.page\/fr\/wp-json\/wp\/v2\/media\/231206"}],"wp:attachment":[{"href":"https:\/\/distracted-northcutt.31-24-154-105.plesk.page\/fr\/wp-json\/wp\/v2\/media?parent=231205"}],"wp:term":[{"taxonomy":"category","embeddable":true,"href":"https:\/\/distracted-northcutt.31-24-154-105.plesk.page\/fr\/wp-json\/wp\/v2\/categories?post=231205"},{"taxonomy":"post_tag","embeddable":true,"href":"https:\/\/distracted-northcutt.31-24-154-105.plesk.page\/fr\/wp-json\/wp\/v2\/tags?post=231205"}],"curies":[{"name":"wp","href":"https:\/\/api.w.org\/{rel}","templated":true}]}}