{"id":231198,"date":"2025-01-21T08:28:04","date_gmt":"2025-01-21T08:28:04","guid":{"rendered":"https:\/\/priceless-carson.188-95-114-7.plesk.page\/seminaire-de-presentation-du-deuxieme-appel-a-propositions-classique-poctefa-et-de-lappel-a-petits-projets-toulouse\/"},"modified":"2026-04-15T12:34:17","modified_gmt":"2026-04-15T12:34:17","slug":"seminaire-de-presentation-du-deuxieme-appel-a-propositions-classique-poctefa-et-de-lappel-a-petits-projets-toulouse","status":"publish","type":"post","link":"https:\/\/distracted-northcutt.31-24-154-105.plesk.page\/fr\/seminaire-de-presentation-du-deuxieme-appel-a-propositions-classique-poctefa-et-de-lappel-a-petits-projets-toulouse\/","title":{"rendered":"S\u00e9minaire de pr\u00e9sentation du deuxi\u00e8me appel \u00e0 propositions classique POCTEFA et de l&rsquo;appel \u00e0 petits projets (Toulouse)."},"content":{"rendered":"<p>[et_pb_section fb_built=\u00a0\u00bb1&Prime; admin_label=\u00a0\u00bbsection\u00a0\u00bb _builder_version=\u00a0\u00bb4.16&Prime; global_colors_info=\u00a0\u00bb{}\u00a0\u00bb custom_padding=\u00a0\u00bb9px|||||\u00a0\u00bb][et_pb_row admin_label=\u00a0\u00bbrang\u00e9e\u00a0\u00bb _builder_version=\u00a0\u00bb4.16&Prime; background_size=\u00a0\u00bbinitial\u00a0\u00bb background_position=\u00a0\u00bbtop_left\u00a0\u00bb background_repeat=\u00a0\u00bbrepeat\u00a0\u00bb global_colors_info=\u00a0\u00bb{}\u00a0\u00bb custom_padding=\u00a0\u00bb11px|||||\u00a0\u00bb][et_pb_column type=\u00a0\u00bb4_4&Prime; _builder_version=\u00a0\u00bb4.16&Prime; custom_padding=\u00a0\u00bb|||\u00a0\u00bb global_colors_info=\u00a0\u00bb{}\u00a0\u00bb custom_padding__hover=\u00a0\u00bb|||\u00a0\u00bb][et_pb_text _builder_version=\u00a0\u00bb4.27.4&Prime; _module_preset=\u00a0\u00bbdefault\u00a0\u00bb global_colors_info=\u00a0\u00bb{}\u00a0\u00bb]Le directeur g\u00e9n\u00e9ral de la Fondation Trans-Pyr\u00e9n\u00e9es a particip\u00e9 au s\u00e9minaire de pr\u00e9sentation du deuxi\u00e8me appel classique et de l&rsquo;appel \u00e0 petits projets du programme INTERREG VI-A Espagne-France-Andorre (POCTEFA 2021-2027). En d\u00e9but de journ\u00e9e, des repr\u00e9sentants politiques et institutionnels ont pr\u00e9sent\u00e9 les enjeux et les ambitions de ces deux nouveaux appels ainsi que quelques enseignements tir\u00e9s des appels pr\u00e9c\u00e9dents. Au cours de la journ\u00e9e, les d\u00e9tails de ce deuxi\u00e8me appel classique ont \u00e9t\u00e9 expliqu\u00e9s concernant le formulaire de candidature, les conditions d&rsquo;\u00e9ligibilit\u00e9, la nouvelle plateforme SIGEFA et d&rsquo;autres aspects financiers. La deuxi\u00e8me partie de la journ\u00e9e a \u00e9t\u00e9 consacr\u00e9e \u00e0 la pr\u00e9sentation de l&rsquo;appel \u00e0 petits projets.[\/et_pb_text][\/et_pb_column][\/et_pb_row][\/et_pb_section]<\/p>\n","protected":false},"excerpt":{"rendered":"<p>Le directeur g\u00e9n\u00e9ral de la Fondation Trans-Pyr\u00e9n\u00e9es a particip\u00e9 au s\u00e9minaire de pr\u00e9sentation du deuxi\u00e8me appel classique et de l&rsquo;appel \u00e0 petits projets du programme [&hellip;]<\/p>\n","protected":false},"author":2,"featured_media":231201,"comment_status":"open","ping_status":"open","sticky":false,"template":"","format":"standard","meta":{"_et_pb_use_builder":"on","_et_pb_old_content":"","_et_gb_content_width":"","footnotes":""},"categories":[10],"tags":[],"class_list":["post-231198","post","type-post","status-publish","format-standard","has-post-thumbnail","hentry","category-non-classe"],"yoast_head":"<!-- This site is optimized with the Yoast SEO plugin v27.4 - https:\/\/yoast.com\/product\/yoast-seo-wordpress\/ -->\n<title>S\u00e9minaire de pr\u00e9sentation du deuxi\u00e8me appel \u00e0 propositions classique POCTEFA et de l&#039;appel \u00e0 petits projets (Toulouse). - Transpirenaica<\/title>\n<meta name=\"robots\" content=\"noindex, follow, max-snippet:-1, max-image-preview:large, max-video-preview:-1\" \/>\n<meta property=\"og:locale\" content=\"fr_FR\" \/>\n<meta property=\"og:type\" content=\"article\" \/>\n<meta property=\"og:title\" content=\"S\u00e9minaire de pr\u00e9sentation du deuxi\u00e8me appel \u00e0 propositions classique POCTEFA et de l&#039;appel \u00e0 petits projets (Toulouse). - Transpirenaica\" \/>\n<meta property=\"og:description\" content=\"Le directeur g\u00e9n\u00e9ral de la Fondation Trans-Pyr\u00e9n\u00e9es a particip\u00e9 au s\u00e9minaire de pr\u00e9sentation du deuxi\u00e8me appel classique et de l&#039;appel \u00e0 petits projets du programme [&hellip;]\" \/>\n<meta property=\"og:url\" content=\"https:\/\/distracted-northcutt.31-24-154-105.plesk.page\/fr\/seminaire-de-presentation-du-deuxieme-appel-a-propositions-classique-poctefa-et-de-lappel-a-petits-projets-toulouse\/\" \/>\n<meta property=\"og:site_name\" content=\"Transpirenaica\" \/>\n<meta property=\"article:published_time\" content=\"2025-01-21T08:28:04+00:00\" \/>\n<meta property=\"article:modified_time\" content=\"2026-04-15T12:34:17+00:00\" \/>\n<meta property=\"og:image\" content=\"https:\/\/priceless-carson.188-95-114-7.plesk.page\/wp-content\/uploads\/2025\/11\/Seminario-presentacion-POCTEFA.jpg\" \/>\n\t<meta property=\"og:image:width\" content=\"540\" \/>\n\t<meta property=\"og:image:height\" content=\"375\" \/>\n\t<meta property=\"og:image:type\" content=\"image\/jpeg\" \/>\n<meta name=\"author\" content=\"Transpirinaica\" \/>\n<meta name=\"twitter:card\" content=\"summary_large_image\" \/>\n<meta name=\"twitter:label1\" content=\"\u00c9crit par\" \/>\n\t<meta name=\"twitter:data1\" content=\"Transpirinaica\" \/>\n\t<meta name=\"twitter:label2\" content=\"Dur\u00e9e de lecture estim\u00e9e\" \/>\n\t<meta name=\"twitter:data2\" content=\"1 minute\" \/>\n<script type=\"application\/ld+json\" class=\"yoast-schema-graph\">{\"@context\":\"https:\\\/\\\/schema.org\",\"@graph\":[{\"@type\":\"Article\",\"@id\":\"https:\\\/\\\/distracted-northcutt.31-24-154-105.plesk.page\\\/fr\\\/seminaire-de-presentation-du-deuxieme-appel-a-propositions-classique-poctefa-et-de-lappel-a-petits-projets-toulouse\\\/#article\",\"isPartOf\":{\"@id\":\"https:\\\/\\\/distracted-northcutt.31-24-154-105.plesk.page\\\/fr\\\/seminaire-de-presentation-du-deuxieme-appel-a-propositions-classique-poctefa-et-de-lappel-a-petits-projets-toulouse\\\/\"},\"author\":{\"name\":\"Transpirinaica\",\"@id\":\"https:\\\/\\\/distracted-northcutt.31-24-154-105.plesk.page\\\/fr\\\/#\\\/schema\\\/person\\\/bed177a72fa56765778e748fb312d115\"},\"headline\":\"S\u00e9minaire de pr\u00e9sentation du deuxi\u00e8me appel \u00e0 propositions classique POCTEFA et de l&rsquo;appel \u00e0 petits projets (Toulouse).\",\"datePublished\":\"2025-01-21T08:28:04+00:00\",\"dateModified\":\"2026-04-15T12:34:17+00:00\",\"mainEntityOfPage\":{\"@id\":\"https:\\\/\\\/distracted-northcutt.31-24-154-105.plesk.page\\\/fr\\\/seminaire-de-presentation-du-deuxieme-appel-a-propositions-classique-poctefa-et-de-lappel-a-petits-projets-toulouse\\\/\"},\"wordCount\":227,\"commentCount\":0,\"image\":{\"@id\":\"https:\\\/\\\/distracted-northcutt.31-24-154-105.plesk.page\\\/fr\\\/seminaire-de-presentation-du-deuxieme-appel-a-propositions-classique-poctefa-et-de-lappel-a-petits-projets-toulouse\\\/#primaryimage\"},\"thumbnailUrl\":\"https:\\\/\\\/distracted-northcutt.31-24-154-105.plesk.page\\\/wp-content\\\/uploads\\\/2025\\\/11\\\/Seminario-presentacion-POCTEFA.jpg\",\"inLanguage\":\"fr-FR\",\"potentialAction\":[{\"@type\":\"CommentAction\",\"name\":\"Comment\",\"target\":[\"https:\\\/\\\/distracted-northcutt.31-24-154-105.plesk.page\\\/fr\\\/seminaire-de-presentation-du-deuxieme-appel-a-propositions-classique-poctefa-et-de-lappel-a-petits-projets-toulouse\\\/#respond\"]}]},{\"@type\":\"WebPage\",\"@id\":\"https:\\\/\\\/distracted-northcutt.31-24-154-105.plesk.page\\\/fr\\\/seminaire-de-presentation-du-deuxieme-appel-a-propositions-classique-poctefa-et-de-lappel-a-petits-projets-toulouse\\\/\",\"url\":\"https:\\\/\\\/distracted-northcutt.31-24-154-105.plesk.page\\\/fr\\\/seminaire-de-presentation-du-deuxieme-appel-a-propositions-classique-poctefa-et-de-lappel-a-petits-projets-toulouse\\\/\",\"name\":\"S\u00e9minaire de pr\u00e9sentation du deuxi\u00e8me appel \u00e0 propositions classique POCTEFA et de l'appel \u00e0 petits projets (Toulouse). - Transpirenaica\",\"isPartOf\":{\"@id\":\"https:\\\/\\\/distracted-northcutt.31-24-154-105.plesk.page\\\/fr\\\/#website\"},\"primaryImageOfPage\":{\"@id\":\"https:\\\/\\\/distracted-northcutt.31-24-154-105.plesk.page\\\/fr\\\/seminaire-de-presentation-du-deuxieme-appel-a-propositions-classique-poctefa-et-de-lappel-a-petits-projets-toulouse\\\/#primaryimage\"},\"image\":{\"@id\":\"https:\\\/\\\/distracted-northcutt.31-24-154-105.plesk.page\\\/fr\\\/seminaire-de-presentation-du-deuxieme-appel-a-propositions-classique-poctefa-et-de-lappel-a-petits-projets-toulouse\\\/#primaryimage\"},\"thumbnailUrl\":\"https:\\\/\\\/distracted-northcutt.31-24-154-105.plesk.page\\\/wp-content\\\/uploads\\\/2025\\\/11\\\/Seminario-presentacion-POCTEFA.jpg\",\"datePublished\":\"2025-01-21T08:28:04+00:00\",\"dateModified\":\"2026-04-15T12:34:17+00:00\",\"author\":{\"@id\":\"https:\\\/\\\/distracted-northcutt.31-24-154-105.plesk.page\\\/fr\\\/#\\\/schema\\\/person\\\/bed177a72fa56765778e748fb312d115\"},\"breadcrumb\":{\"@id\":\"https:\\\/\\\/distracted-northcutt.31-24-154-105.plesk.page\\\/fr\\\/seminaire-de-presentation-du-deuxieme-appel-a-propositions-classique-poctefa-et-de-lappel-a-petits-projets-toulouse\\\/#breadcrumb\"},\"inLanguage\":\"fr-FR\",\"potentialAction\":[{\"@type\":\"ReadAction\",\"target\":[\"https:\\\/\\\/distracted-northcutt.31-24-154-105.plesk.page\\\/fr\\\/seminaire-de-presentation-du-deuxieme-appel-a-propositions-classique-poctefa-et-de-lappel-a-petits-projets-toulouse\\\/\"]}]},{\"@type\":\"ImageObject\",\"inLanguage\":\"fr-FR\",\"@id\":\"https:\\\/\\\/distracted-northcutt.31-24-154-105.plesk.page\\\/fr\\\/seminaire-de-presentation-du-deuxieme-appel-a-propositions-classique-poctefa-et-de-lappel-a-petits-projets-toulouse\\\/#primaryimage\",\"url\":\"https:\\\/\\\/distracted-northcutt.31-24-154-105.plesk.page\\\/wp-content\\\/uploads\\\/2025\\\/11\\\/Seminario-presentacion-POCTEFA.jpg\",\"contentUrl\":\"https:\\\/\\\/distracted-northcutt.31-24-154-105.plesk.page\\\/wp-content\\\/uploads\\\/2025\\\/11\\\/Seminario-presentacion-POCTEFA.jpg\",\"width\":540,\"height\":375},{\"@type\":\"BreadcrumbList\",\"@id\":\"https:\\\/\\\/distracted-northcutt.31-24-154-105.plesk.page\\\/fr\\\/seminaire-de-presentation-du-deuxieme-appel-a-propositions-classique-poctefa-et-de-lappel-a-petits-projets-toulouse\\\/#breadcrumb\",\"itemListElement\":[{\"@type\":\"ListItem\",\"position\":1,\"name\":\"Portada\",\"item\":\"https:\\\/\\\/distracted-northcutt.31-24-154-105.plesk.page\\\/fr\\\/\"},{\"@type\":\"ListItem\",\"position\":2,\"name\":\"S\u00e9minaire de pr\u00e9sentation du deuxi\u00e8me appel \u00e0 propositions classique POCTEFA et de l&#8217;appel \u00e0 petits projets (Toulouse).\"}]},{\"@type\":\"WebSite\",\"@id\":\"https:\\\/\\\/distracted-northcutt.31-24-154-105.plesk.page\\\/fr\\\/#website\",\"url\":\"https:\\\/\\\/distracted-northcutt.31-24-154-105.plesk.page\\\/fr\\\/\",\"name\":\"Transpirenaica\",\"description\":\"Cooperaci\u00f3n y desarrollo sostenible  en Arag\u00f3n\",\"potentialAction\":[{\"@type\":\"SearchAction\",\"target\":{\"@type\":\"EntryPoint\",\"urlTemplate\":\"https:\\\/\\\/distracted-northcutt.31-24-154-105.plesk.page\\\/fr\\\/?s={search_term_string}\"},\"query-input\":{\"@type\":\"PropertyValueSpecification\",\"valueRequired\":true,\"valueName\":\"search_term_string\"}}],\"inLanguage\":\"fr-FR\"},{\"@type\":\"Person\",\"@id\":\"https:\\\/\\\/distracted-northcutt.31-24-154-105.plesk.page\\\/fr\\\/#\\\/schema\\\/person\\\/bed177a72fa56765778e748fb312d115\",\"name\":\"Transpirinaica\",\"image\":{\"@type\":\"ImageObject\",\"inLanguage\":\"fr-FR\",\"@id\":\"https:\\\/\\\/secure.gravatar.com\\\/avatar\\\/fe35d32b21526b39d15dea6c5d2aa09c1db6c901548f987afe7ac21cea36d758?s=96&d=mm&r=g\",\"url\":\"https:\\\/\\\/secure.gravatar.com\\\/avatar\\\/fe35d32b21526b39d15dea6c5d2aa09c1db6c901548f987afe7ac21cea36d758?s=96&d=mm&r=g\",\"contentUrl\":\"https:\\\/\\\/secure.gravatar.com\\\/avatar\\\/fe35d32b21526b39d15dea6c5d2aa09c1db6c901548f987afe7ac21cea36d758?s=96&d=mm&r=g\",\"caption\":\"Transpirinaica\"},\"url\":\"https:\\\/\\\/distracted-northcutt.31-24-154-105.plesk.page\\\/fr\\\/author\\\/o10mediab\\\/\"}]}<\/script>\n<!-- \/ Yoast SEO plugin. -->","yoast_head_json":{"title":"S\u00e9minaire de pr\u00e9sentation du deuxi\u00e8me appel \u00e0 propositions classique POCTEFA et de l'appel \u00e0 petits projets (Toulouse). - Transpirenaica","robots":{"index":"noindex","follow":"follow","max-snippet":"max-snippet:-1","max-image-preview":"max-image-preview:large","max-video-preview":"max-video-preview:-1"},"og_locale":"fr_FR","og_type":"article","og_title":"S\u00e9minaire de pr\u00e9sentation du deuxi\u00e8me appel \u00e0 propositions classique POCTEFA et de l'appel \u00e0 petits projets (Toulouse). - Transpirenaica","og_description":"Le directeur g\u00e9n\u00e9ral de la Fondation Trans-Pyr\u00e9n\u00e9es a particip\u00e9 au s\u00e9minaire de pr\u00e9sentation du deuxi\u00e8me appel classique et de l'appel \u00e0 petits projets du programme [&hellip;]","og_url":"https:\/\/distracted-northcutt.31-24-154-105.plesk.page\/fr\/seminaire-de-presentation-du-deuxieme-appel-a-propositions-classique-poctefa-et-de-lappel-a-petits-projets-toulouse\/","og_site_name":"Transpirenaica","article_published_time":"2025-01-21T08:28:04+00:00","article_modified_time":"2026-04-15T12:34:17+00:00","og_image":[{"width":540,"height":375,"url":"https:\/\/priceless-carson.188-95-114-7.plesk.page\/wp-content\/uploads\/2025\/11\/Seminario-presentacion-POCTEFA.jpg","type":"image\/jpeg"}],"author":"Transpirinaica","twitter_card":"summary_large_image","twitter_misc":{"\u00c9crit par":"Transpirinaica","Dur\u00e9e de lecture estim\u00e9e":"1 minute"},"schema":{"@context":"https:\/\/schema.org","@graph":[{"@type":"Article","@id":"https:\/\/distracted-northcutt.31-24-154-105.plesk.page\/fr\/seminaire-de-presentation-du-deuxieme-appel-a-propositions-classique-poctefa-et-de-lappel-a-petits-projets-toulouse\/#article","isPartOf":{"@id":"https:\/\/distracted-northcutt.31-24-154-105.plesk.page\/fr\/seminaire-de-presentation-du-deuxieme-appel-a-propositions-classique-poctefa-et-de-lappel-a-petits-projets-toulouse\/"},"author":{"name":"Transpirinaica","@id":"https:\/\/distracted-northcutt.31-24-154-105.plesk.page\/fr\/#\/schema\/person\/bed177a72fa56765778e748fb312d115"},"headline":"S\u00e9minaire de pr\u00e9sentation du deuxi\u00e8me appel \u00e0 propositions classique POCTEFA et de l&rsquo;appel \u00e0 petits projets (Toulouse).","datePublished":"2025-01-21T08:28:04+00:00","dateModified":"2026-04-15T12:34:17+00:00","mainEntityOfPage":{"@id":"https:\/\/distracted-northcutt.31-24-154-105.plesk.page\/fr\/seminaire-de-presentation-du-deuxieme-appel-a-propositions-classique-poctefa-et-de-lappel-a-petits-projets-toulouse\/"},"wordCount":227,"commentCount":0,"image":{"@id":"https:\/\/distracted-northcutt.31-24-154-105.plesk.page\/fr\/seminaire-de-presentation-du-deuxieme-appel-a-propositions-classique-poctefa-et-de-lappel-a-petits-projets-toulouse\/#primaryimage"},"thumbnailUrl":"https:\/\/distracted-northcutt.31-24-154-105.plesk.page\/wp-content\/uploads\/2025\/11\/Seminario-presentacion-POCTEFA.jpg","inLanguage":"fr-FR","potentialAction":[{"@type":"CommentAction","name":"Comment","target":["https:\/\/distracted-northcutt.31-24-154-105.plesk.page\/fr\/seminaire-de-presentation-du-deuxieme-appel-a-propositions-classique-poctefa-et-de-lappel-a-petits-projets-toulouse\/#respond"]}]},{"@type":"WebPage","@id":"https:\/\/distracted-northcutt.31-24-154-105.plesk.page\/fr\/seminaire-de-presentation-du-deuxieme-appel-a-propositions-classique-poctefa-et-de-lappel-a-petits-projets-toulouse\/","url":"https:\/\/distracted-northcutt.31-24-154-105.plesk.page\/fr\/seminaire-de-presentation-du-deuxieme-appel-a-propositions-classique-poctefa-et-de-lappel-a-petits-projets-toulouse\/","name":"S\u00e9minaire de pr\u00e9sentation du deuxi\u00e8me appel \u00e0 propositions classique POCTEFA et de l'appel \u00e0 petits projets (Toulouse). - Transpirenaica","isPartOf":{"@id":"https:\/\/distracted-northcutt.31-24-154-105.plesk.page\/fr\/#website"},"primaryImageOfPage":{"@id":"https:\/\/distracted-northcutt.31-24-154-105.plesk.page\/fr\/seminaire-de-presentation-du-deuxieme-appel-a-propositions-classique-poctefa-et-de-lappel-a-petits-projets-toulouse\/#primaryimage"},"image":{"@id":"https:\/\/distracted-northcutt.31-24-154-105.plesk.page\/fr\/seminaire-de-presentation-du-deuxieme-appel-a-propositions-classique-poctefa-et-de-lappel-a-petits-projets-toulouse\/#primaryimage"},"thumbnailUrl":"https:\/\/distracted-northcutt.31-24-154-105.plesk.page\/wp-content\/uploads\/2025\/11\/Seminario-presentacion-POCTEFA.jpg","datePublished":"2025-01-21T08:28:04+00:00","dateModified":"2026-04-15T12:34:17+00:00","author":{"@id":"https:\/\/distracted-northcutt.31-24-154-105.plesk.page\/fr\/#\/schema\/person\/bed177a72fa56765778e748fb312d115"},"breadcrumb":{"@id":"https:\/\/distracted-northcutt.31-24-154-105.plesk.page\/fr\/seminaire-de-presentation-du-deuxieme-appel-a-propositions-classique-poctefa-et-de-lappel-a-petits-projets-toulouse\/#breadcrumb"},"inLanguage":"fr-FR","potentialAction":[{"@type":"ReadAction","target":["https:\/\/distracted-northcutt.31-24-154-105.plesk.page\/fr\/seminaire-de-presentation-du-deuxieme-appel-a-propositions-classique-poctefa-et-de-lappel-a-petits-projets-toulouse\/"]}]},{"@type":"ImageObject","inLanguage":"fr-FR","@id":"https:\/\/distracted-northcutt.31-24-154-105.plesk.page\/fr\/seminaire-de-presentation-du-deuxieme-appel-a-propositions-classique-poctefa-et-de-lappel-a-petits-projets-toulouse\/#primaryimage","url":"https:\/\/distracted-northcutt.31-24-154-105.plesk.page\/wp-content\/uploads\/2025\/11\/Seminario-presentacion-POCTEFA.jpg","contentUrl":"https:\/\/distracted-northcutt.31-24-154-105.plesk.page\/wp-content\/uploads\/2025\/11\/Seminario-presentacion-POCTEFA.jpg","width":540,"height":375},{"@type":"BreadcrumbList","@id":"https:\/\/distracted-northcutt.31-24-154-105.plesk.page\/fr\/seminaire-de-presentation-du-deuxieme-appel-a-propositions-classique-poctefa-et-de-lappel-a-petits-projets-toulouse\/#breadcrumb","itemListElement":[{"@type":"ListItem","position":1,"name":"Portada","item":"https:\/\/distracted-northcutt.31-24-154-105.plesk.page\/fr\/"},{"@type":"ListItem","position":2,"name":"S\u00e9minaire de pr\u00e9sentation du deuxi\u00e8me appel \u00e0 propositions classique POCTEFA et de l&#8217;appel \u00e0 petits projets (Toulouse)."}]},{"@type":"WebSite","@id":"https:\/\/distracted-northcutt.31-24-154-105.plesk.page\/fr\/#website","url":"https:\/\/distracted-northcutt.31-24-154-105.plesk.page\/fr\/","name":"Transpirenaica","description":"Cooperaci\u00f3n y desarrollo sostenible  en Arag\u00f3n","potentialAction":[{"@type":"SearchAction","target":{"@type":"EntryPoint","urlTemplate":"https:\/\/distracted-northcutt.31-24-154-105.plesk.page\/fr\/?s={search_term_string}"},"query-input":{"@type":"PropertyValueSpecification","valueRequired":true,"valueName":"search_term_string"}}],"inLanguage":"fr-FR"},{"@type":"Person","@id":"https:\/\/distracted-northcutt.31-24-154-105.plesk.page\/fr\/#\/schema\/person\/bed177a72fa56765778e748fb312d115","name":"Transpirinaica","image":{"@type":"ImageObject","inLanguage":"fr-FR","@id":"https:\/\/secure.gravatar.com\/avatar\/fe35d32b21526b39d15dea6c5d2aa09c1db6c901548f987afe7ac21cea36d758?s=96&d=mm&r=g","url":"https:\/\/secure.gravatar.com\/avatar\/fe35d32b21526b39d15dea6c5d2aa09c1db6c901548f987afe7ac21cea36d758?s=96&d=mm&r=g","contentUrl":"https:\/\/secure.gravatar.com\/avatar\/fe35d32b21526b39d15dea6c5d2aa09c1db6c901548f987afe7ac21cea36d758?s=96&d=mm&r=g","caption":"Transpirinaica"},"url":"https:\/\/distracted-northcutt.31-24-154-105.plesk.page\/fr\/author\/o10mediab\/"}]}},"_links":{"self":[{"href":"https:\/\/distracted-northcutt.31-24-154-105.plesk.page\/fr\/wp-json\/wp\/v2\/posts\/231198","targetHints":{"allow":["GET"]}}],"collection":[{"href":"https:\/\/distracted-northcutt.31-24-154-105.plesk.page\/fr\/wp-json\/wp\/v2\/posts"}],"about":[{"href":"https:\/\/distracted-northcutt.31-24-154-105.plesk.page\/fr\/wp-json\/wp\/v2\/types\/post"}],"author":[{"embeddable":true,"href":"https:\/\/distracted-northcutt.31-24-154-105.plesk.page\/fr\/wp-json\/wp\/v2\/users\/2"}],"replies":[{"embeddable":true,"href":"https:\/\/distracted-northcutt.31-24-154-105.plesk.page\/fr\/wp-json\/wp\/v2\/comments?post=231198"}],"version-history":[{"count":1,"href":"https:\/\/distracted-northcutt.31-24-154-105.plesk.page\/fr\/wp-json\/wp\/v2\/posts\/231198\/revisions"}],"predecessor-version":[{"id":231207,"href":"https:\/\/distracted-northcutt.31-24-154-105.plesk.page\/fr\/wp-json\/wp\/v2\/posts\/231198\/revisions\/231207"}],"wp:featuredmedia":[{"embeddable":true,"href":"https:\/\/distracted-northcutt.31-24-154-105.plesk.page\/fr\/wp-json\/wp\/v2\/media\/231201"}],"wp:attachment":[{"href":"https:\/\/distracted-northcutt.31-24-154-105.plesk.page\/fr\/wp-json\/wp\/v2\/media?parent=231198"}],"wp:term":[{"taxonomy":"category","embeddable":true,"href":"https:\/\/distracted-northcutt.31-24-154-105.plesk.page\/fr\/wp-json\/wp\/v2\/categories?post=231198"},{"taxonomy":"post_tag","embeddable":true,"href":"https:\/\/distracted-northcutt.31-24-154-105.plesk.page\/fr\/wp-json\/wp\/v2\/tags?post=231198"}],"curies":[{"name":"wp","href":"https:\/\/api.w.org\/{rel}","templated":true}]}}