{"id":231179,"date":"2025-09-19T11:36:53","date_gmt":"2025-09-19T11:36:53","guid":{"rendered":"https:\/\/priceless-carson.188-95-114-7.plesk.page\/participation-au-hub-militaire-daragon-en-particulier-au-wg8-infrastructures-duales-de-transport-et-de-logistique-en-ligne\/"},"modified":"2026-04-15T12:34:19","modified_gmt":"2026-04-15T12:34:19","slug":"participation-au-hub-militaire-daragon-en-particulier-au-wg8-infrastructures-duales-de-transport-et-de-logistique-en-ligne","status":"publish","type":"post","link":"https:\/\/distracted-northcutt.31-24-154-105.plesk.page\/fr\/participation-au-hub-militaire-daragon-en-particulier-au-wg8-infrastructures-duales-de-transport-et-de-logistique-en-ligne\/","title":{"rendered":"Participation au Hub militaire d&rsquo;Aragon, en particulier au WG8 &#8211; Infrastructures duales de transport et de logistique. En ligne."},"content":{"rendered":"<p>[et_pb_section fb_built=\u00a0\u00bb1&Prime; admin_label=\u00a0\u00bbsection\u00a0\u00bb _builder_version=\u00a0\u00bb4.16&Prime; custom_padding=\u00a0\u00bb9px|||||\u00a0\u00bb global_colors_info=\u00a0\u00bb{}\u00a0\u00bb][et_pb_row admin_label=\u00a0\u00bbrang\u00e9e\u00a0\u00bb _builder_version=\u00a0\u00bb4.16&Prime; background_size=\u00a0\u00bbinitial\u00a0\u00bb background_position=\u00a0\u00bbtop_left\u00a0\u00bb background_repeat=\u00a0\u00bbrepeat\u00a0\u00bb custom_padding=\u00a0\u00bb11px|||||\u00a0\u00bb global_colors_info=\u00a0\u00bb{}\u00a0\u00bb][et_pb_column type=\u00a0\u00bb4_4&Prime; _builder_version=\u00a0\u00bb4.16&Prime; custom_padding=\u00a0\u00bb|||\u00a0\u00bb global_colors_info=\u00a0\u00bb{}\u00a0\u00bb custom_padding__hover=\u00a0\u00bb|||\u00a0\u00bb][et_pb_text _builder_version=\u00a0\u00bb4.27.4&Prime; _module_preset=\u00a0\u00bbdefault\u00a0\u00bb hover_enabled=\u00a0\u00bb0&Prime; global_colors_info=\u00a0\u00bb{}\u00a0\u00bb sticky_enabled=\u00a0\u00bb0&Prime;]Le directeur g\u00e9n\u00e9ral de la Fondation Trans-Pyr\u00e9n\u00e9es a particip\u00e9 \u00e0 la r\u00e9union du Groupe de Travail Lot 8 &#8211; Sous-commission Chemin de Fer Lin\u00e9aire organis\u00e9e par le cluster ALIA, coordinateur de ce GT. Lors de cette premi\u00e8re r\u00e9union d&rsquo;information avec les acteurs civils, l&rsquo;\u00e9tat des infrastructures ferroviaires et leur possible adaptation \u00e0 un double usage (civil et militaire) ont \u00e9t\u00e9 analys\u00e9s. Par la suite, les progr\u00e8s seront partag\u00e9s avec les repr\u00e9sentants militaires. Le projet vise \u00e0 am\u00e9liorer la connectivit\u00e9 ferroviaire, en optimisant les infrastructures telles que le r\u00e9seau ferroviaire d&rsquo;Aragon et l&rsquo;acc\u00e8s aux n\u0153uds logistiques ferroviaires, en garantissant leur adaptabilit\u00e9 aux besoins civils et militaires.   <\/p>\n<p>L&rsquo;objectif \u00e0 moyen terme est d&rsquo;identifier les besoins civils et militaires en infrastructures \u00e0 double usage qui permettront \u00e0 long terme de soutenir et de compl\u00e9ter les actions existantes pour le d\u00e9veloppement des communications avec la France.[\/et_pb_text][\/et_pb_column][\/et_pb_row][\/et_pb_section]<\/p>\n","protected":false},"excerpt":{"rendered":"<p>Le directeur g\u00e9n\u00e9ral de la Fondation Trans-Pyr\u00e9n\u00e9es a particip\u00e9 \u00e0 la r\u00e9union du Groupe de Travail Lot 8 &#8211; Sous-commission Chemin de Fer Lin\u00e9aire organis\u00e9e [&hellip;]<\/p>\n","protected":false},"author":2,"featured_media":231181,"comment_status":"open","ping_status":"open","sticky":false,"template":"","format":"standard","meta":{"_et_pb_use_builder":"on","_et_pb_old_content":"","_et_gb_content_width":"","footnotes":""},"categories":[10],"tags":[],"class_list":["post-231179","post","type-post","status-publish","format-standard","has-post-thumbnail","hentry","category-non-classe"],"yoast_head":"<!-- This site is optimized with the Yoast SEO plugin v27.4 - https:\/\/yoast.com\/product\/yoast-seo-wordpress\/ -->\n<title>Participation au Hub militaire d&#039;Aragon, en particulier au WG8 - Infrastructures duales de transport et de logistique. En ligne. - Transpirenaica<\/title>\n<meta name=\"robots\" content=\"noindex, follow, max-snippet:-1, max-image-preview:large, max-video-preview:-1\" \/>\n<meta property=\"og:locale\" content=\"fr_FR\" \/>\n<meta property=\"og:type\" content=\"article\" \/>\n<meta property=\"og:title\" content=\"Participation au Hub militaire d&#039;Aragon, en particulier au WG8 - Infrastructures duales de transport et de logistique. En ligne. - Transpirenaica\" \/>\n<meta property=\"og:description\" content=\"Le directeur g\u00e9n\u00e9ral de la Fondation Trans-Pyr\u00e9n\u00e9es a particip\u00e9 \u00e0 la r\u00e9union du Groupe de Travail Lot 8 - Sous-commission Chemin de Fer Lin\u00e9aire organis\u00e9e [&hellip;]\" \/>\n<meta property=\"og:url\" content=\"https:\/\/distracted-northcutt.31-24-154-105.plesk.page\/fr\/participation-au-hub-militaire-daragon-en-particulier-au-wg8-infrastructures-duales-de-transport-et-de-logistique-en-ligne\/\" \/>\n<meta property=\"og:site_name\" content=\"Transpirenaica\" \/>\n<meta property=\"article:published_time\" content=\"2025-09-19T11:36:53+00:00\" \/>\n<meta property=\"article:modified_time\" content=\"2026-04-15T12:34:19+00:00\" \/>\n<meta property=\"og:image\" content=\"https:\/\/priceless-carson.188-95-114-7.plesk.page\/wp-content\/uploads\/2025\/11\/participacion-hub-militar-1.jpg\" \/>\n\t<meta property=\"og:image:width\" content=\"795\" \/>\n\t<meta property=\"og:image:height\" content=\"552\" \/>\n\t<meta property=\"og:image:type\" content=\"image\/jpeg\" \/>\n<meta name=\"author\" content=\"Transpirinaica\" \/>\n<meta name=\"twitter:card\" content=\"summary_large_image\" \/>\n<meta name=\"twitter:label1\" content=\"\u00c9crit par\" \/>\n\t<meta name=\"twitter:data1\" content=\"Transpirinaica\" \/>\n\t<meta name=\"twitter:label2\" content=\"Dur\u00e9e de lecture estim\u00e9e\" \/>\n\t<meta name=\"twitter:data2\" content=\"1 minute\" \/>\n<script type=\"application\/ld+json\" class=\"yoast-schema-graph\">{\"@context\":\"https:\\\/\\\/schema.org\",\"@graph\":[{\"@type\":\"Article\",\"@id\":\"https:\\\/\\\/distracted-northcutt.31-24-154-105.plesk.page\\\/fr\\\/participation-au-hub-militaire-daragon-en-particulier-au-wg8-infrastructures-duales-de-transport-et-de-logistique-en-ligne\\\/#article\",\"isPartOf\":{\"@id\":\"https:\\\/\\\/distracted-northcutt.31-24-154-105.plesk.page\\\/fr\\\/participation-au-hub-militaire-daragon-en-particulier-au-wg8-infrastructures-duales-de-transport-et-de-logistique-en-ligne\\\/\"},\"author\":{\"name\":\"Transpirinaica\",\"@id\":\"https:\\\/\\\/distracted-northcutt.31-24-154-105.plesk.page\\\/fr\\\/#\\\/schema\\\/person\\\/bed177a72fa56765778e748fb312d115\"},\"headline\":\"Participation au Hub militaire d&rsquo;Aragon, en particulier au WG8 &#8211; Infrastructures duales de transport et de logistique. En ligne.\",\"datePublished\":\"2025-09-19T11:36:53+00:00\",\"dateModified\":\"2026-04-15T12:34:19+00:00\",\"mainEntityOfPage\":{\"@id\":\"https:\\\/\\\/distracted-northcutt.31-24-154-105.plesk.page\\\/fr\\\/participation-au-hub-militaire-daragon-en-particulier-au-wg8-infrastructures-duales-de-transport-et-de-logistique-en-ligne\\\/\"},\"wordCount\":262,\"commentCount\":0,\"image\":{\"@id\":\"https:\\\/\\\/distracted-northcutt.31-24-154-105.plesk.page\\\/fr\\\/participation-au-hub-militaire-daragon-en-particulier-au-wg8-infrastructures-duales-de-transport-et-de-logistique-en-ligne\\\/#primaryimage\"},\"thumbnailUrl\":\"https:\\\/\\\/distracted-northcutt.31-24-154-105.plesk.page\\\/wp-content\\\/uploads\\\/2025\\\/11\\\/participacion-hub-militar-1.jpg\",\"inLanguage\":\"fr-FR\",\"potentialAction\":[{\"@type\":\"CommentAction\",\"name\":\"Comment\",\"target\":[\"https:\\\/\\\/distracted-northcutt.31-24-154-105.plesk.page\\\/fr\\\/participation-au-hub-militaire-daragon-en-particulier-au-wg8-infrastructures-duales-de-transport-et-de-logistique-en-ligne\\\/#respond\"]}]},{\"@type\":\"WebPage\",\"@id\":\"https:\\\/\\\/distracted-northcutt.31-24-154-105.plesk.page\\\/fr\\\/participation-au-hub-militaire-daragon-en-particulier-au-wg8-infrastructures-duales-de-transport-et-de-logistique-en-ligne\\\/\",\"url\":\"https:\\\/\\\/distracted-northcutt.31-24-154-105.plesk.page\\\/fr\\\/participation-au-hub-militaire-daragon-en-particulier-au-wg8-infrastructures-duales-de-transport-et-de-logistique-en-ligne\\\/\",\"name\":\"Participation au Hub militaire d'Aragon, en particulier au WG8 - Infrastructures duales de transport et de logistique. En ligne. - Transpirenaica\",\"isPartOf\":{\"@id\":\"https:\\\/\\\/distracted-northcutt.31-24-154-105.plesk.page\\\/fr\\\/#website\"},\"primaryImageOfPage\":{\"@id\":\"https:\\\/\\\/distracted-northcutt.31-24-154-105.plesk.page\\\/fr\\\/participation-au-hub-militaire-daragon-en-particulier-au-wg8-infrastructures-duales-de-transport-et-de-logistique-en-ligne\\\/#primaryimage\"},\"image\":{\"@id\":\"https:\\\/\\\/distracted-northcutt.31-24-154-105.plesk.page\\\/fr\\\/participation-au-hub-militaire-daragon-en-particulier-au-wg8-infrastructures-duales-de-transport-et-de-logistique-en-ligne\\\/#primaryimage\"},\"thumbnailUrl\":\"https:\\\/\\\/distracted-northcutt.31-24-154-105.plesk.page\\\/wp-content\\\/uploads\\\/2025\\\/11\\\/participacion-hub-militar-1.jpg\",\"datePublished\":\"2025-09-19T11:36:53+00:00\",\"dateModified\":\"2026-04-15T12:34:19+00:00\",\"author\":{\"@id\":\"https:\\\/\\\/distracted-northcutt.31-24-154-105.plesk.page\\\/fr\\\/#\\\/schema\\\/person\\\/bed177a72fa56765778e748fb312d115\"},\"breadcrumb\":{\"@id\":\"https:\\\/\\\/distracted-northcutt.31-24-154-105.plesk.page\\\/fr\\\/participation-au-hub-militaire-daragon-en-particulier-au-wg8-infrastructures-duales-de-transport-et-de-logistique-en-ligne\\\/#breadcrumb\"},\"inLanguage\":\"fr-FR\",\"potentialAction\":[{\"@type\":\"ReadAction\",\"target\":[\"https:\\\/\\\/distracted-northcutt.31-24-154-105.plesk.page\\\/fr\\\/participation-au-hub-militaire-daragon-en-particulier-au-wg8-infrastructures-duales-de-transport-et-de-logistique-en-ligne\\\/\"]}]},{\"@type\":\"ImageObject\",\"inLanguage\":\"fr-FR\",\"@id\":\"https:\\\/\\\/distracted-northcutt.31-24-154-105.plesk.page\\\/fr\\\/participation-au-hub-militaire-daragon-en-particulier-au-wg8-infrastructures-duales-de-transport-et-de-logistique-en-ligne\\\/#primaryimage\",\"url\":\"https:\\\/\\\/distracted-northcutt.31-24-154-105.plesk.page\\\/wp-content\\\/uploads\\\/2025\\\/11\\\/participacion-hub-militar-1.jpg\",\"contentUrl\":\"https:\\\/\\\/distracted-northcutt.31-24-154-105.plesk.page\\\/wp-content\\\/uploads\\\/2025\\\/11\\\/participacion-hub-militar-1.jpg\",\"width\":795,\"height\":552},{\"@type\":\"BreadcrumbList\",\"@id\":\"https:\\\/\\\/distracted-northcutt.31-24-154-105.plesk.page\\\/fr\\\/participation-au-hub-militaire-daragon-en-particulier-au-wg8-infrastructures-duales-de-transport-et-de-logistique-en-ligne\\\/#breadcrumb\",\"itemListElement\":[{\"@type\":\"ListItem\",\"position\":1,\"name\":\"Portada\",\"item\":\"https:\\\/\\\/distracted-northcutt.31-24-154-105.plesk.page\\\/fr\\\/\"},{\"@type\":\"ListItem\",\"position\":2,\"name\":\"Participation au Hub militaire d&rsquo;Aragon, en particulier au WG8 &#8211; Infrastructures duales de transport et de logistique. En ligne.\"}]},{\"@type\":\"WebSite\",\"@id\":\"https:\\\/\\\/distracted-northcutt.31-24-154-105.plesk.page\\\/fr\\\/#website\",\"url\":\"https:\\\/\\\/distracted-northcutt.31-24-154-105.plesk.page\\\/fr\\\/\",\"name\":\"Transpirenaica\",\"description\":\"Cooperaci\u00f3n y desarrollo sostenible  en Arag\u00f3n\",\"potentialAction\":[{\"@type\":\"SearchAction\",\"target\":{\"@type\":\"EntryPoint\",\"urlTemplate\":\"https:\\\/\\\/distracted-northcutt.31-24-154-105.plesk.page\\\/fr\\\/?s={search_term_string}\"},\"query-input\":{\"@type\":\"PropertyValueSpecification\",\"valueRequired\":true,\"valueName\":\"search_term_string\"}}],\"inLanguage\":\"fr-FR\"},{\"@type\":\"Person\",\"@id\":\"https:\\\/\\\/distracted-northcutt.31-24-154-105.plesk.page\\\/fr\\\/#\\\/schema\\\/person\\\/bed177a72fa56765778e748fb312d115\",\"name\":\"Transpirinaica\",\"image\":{\"@type\":\"ImageObject\",\"inLanguage\":\"fr-FR\",\"@id\":\"https:\\\/\\\/secure.gravatar.com\\\/avatar\\\/fe35d32b21526b39d15dea6c5d2aa09c1db6c901548f987afe7ac21cea36d758?s=96&d=mm&r=g\",\"url\":\"https:\\\/\\\/secure.gravatar.com\\\/avatar\\\/fe35d32b21526b39d15dea6c5d2aa09c1db6c901548f987afe7ac21cea36d758?s=96&d=mm&r=g\",\"contentUrl\":\"https:\\\/\\\/secure.gravatar.com\\\/avatar\\\/fe35d32b21526b39d15dea6c5d2aa09c1db6c901548f987afe7ac21cea36d758?s=96&d=mm&r=g\",\"caption\":\"Transpirinaica\"},\"url\":\"https:\\\/\\\/distracted-northcutt.31-24-154-105.plesk.page\\\/fr\\\/author\\\/o10mediab\\\/\"}]}<\/script>\n<!-- \/ Yoast SEO plugin. -->","yoast_head_json":{"title":"Participation au Hub militaire d'Aragon, en particulier au WG8 - Infrastructures duales de transport et de logistique. En ligne. - Transpirenaica","robots":{"index":"noindex","follow":"follow","max-snippet":"max-snippet:-1","max-image-preview":"max-image-preview:large","max-video-preview":"max-video-preview:-1"},"og_locale":"fr_FR","og_type":"article","og_title":"Participation au Hub militaire d'Aragon, en particulier au WG8 - Infrastructures duales de transport et de logistique. En ligne. - Transpirenaica","og_description":"Le directeur g\u00e9n\u00e9ral de la Fondation Trans-Pyr\u00e9n\u00e9es a particip\u00e9 \u00e0 la r\u00e9union du Groupe de Travail Lot 8 - Sous-commission Chemin de Fer Lin\u00e9aire organis\u00e9e [&hellip;]","og_url":"https:\/\/distracted-northcutt.31-24-154-105.plesk.page\/fr\/participation-au-hub-militaire-daragon-en-particulier-au-wg8-infrastructures-duales-de-transport-et-de-logistique-en-ligne\/","og_site_name":"Transpirenaica","article_published_time":"2025-09-19T11:36:53+00:00","article_modified_time":"2026-04-15T12:34:19+00:00","og_image":[{"width":795,"height":552,"url":"https:\/\/priceless-carson.188-95-114-7.plesk.page\/wp-content\/uploads\/2025\/11\/participacion-hub-militar-1.jpg","type":"image\/jpeg"}],"author":"Transpirinaica","twitter_card":"summary_large_image","twitter_misc":{"\u00c9crit par":"Transpirinaica","Dur\u00e9e de lecture estim\u00e9e":"1 minute"},"schema":{"@context":"https:\/\/schema.org","@graph":[{"@type":"Article","@id":"https:\/\/distracted-northcutt.31-24-154-105.plesk.page\/fr\/participation-au-hub-militaire-daragon-en-particulier-au-wg8-infrastructures-duales-de-transport-et-de-logistique-en-ligne\/#article","isPartOf":{"@id":"https:\/\/distracted-northcutt.31-24-154-105.plesk.page\/fr\/participation-au-hub-militaire-daragon-en-particulier-au-wg8-infrastructures-duales-de-transport-et-de-logistique-en-ligne\/"},"author":{"name":"Transpirinaica","@id":"https:\/\/distracted-northcutt.31-24-154-105.plesk.page\/fr\/#\/schema\/person\/bed177a72fa56765778e748fb312d115"},"headline":"Participation au Hub militaire d&rsquo;Aragon, en particulier au WG8 &#8211; Infrastructures duales de transport et de logistique. En ligne.","datePublished":"2025-09-19T11:36:53+00:00","dateModified":"2026-04-15T12:34:19+00:00","mainEntityOfPage":{"@id":"https:\/\/distracted-northcutt.31-24-154-105.plesk.page\/fr\/participation-au-hub-militaire-daragon-en-particulier-au-wg8-infrastructures-duales-de-transport-et-de-logistique-en-ligne\/"},"wordCount":262,"commentCount":0,"image":{"@id":"https:\/\/distracted-northcutt.31-24-154-105.plesk.page\/fr\/participation-au-hub-militaire-daragon-en-particulier-au-wg8-infrastructures-duales-de-transport-et-de-logistique-en-ligne\/#primaryimage"},"thumbnailUrl":"https:\/\/distracted-northcutt.31-24-154-105.plesk.page\/wp-content\/uploads\/2025\/11\/participacion-hub-militar-1.jpg","inLanguage":"fr-FR","potentialAction":[{"@type":"CommentAction","name":"Comment","target":["https:\/\/distracted-northcutt.31-24-154-105.plesk.page\/fr\/participation-au-hub-militaire-daragon-en-particulier-au-wg8-infrastructures-duales-de-transport-et-de-logistique-en-ligne\/#respond"]}]},{"@type":"WebPage","@id":"https:\/\/distracted-northcutt.31-24-154-105.plesk.page\/fr\/participation-au-hub-militaire-daragon-en-particulier-au-wg8-infrastructures-duales-de-transport-et-de-logistique-en-ligne\/","url":"https:\/\/distracted-northcutt.31-24-154-105.plesk.page\/fr\/participation-au-hub-militaire-daragon-en-particulier-au-wg8-infrastructures-duales-de-transport-et-de-logistique-en-ligne\/","name":"Participation au Hub militaire d'Aragon, en particulier au WG8 - Infrastructures duales de transport et de logistique. En ligne. - Transpirenaica","isPartOf":{"@id":"https:\/\/distracted-northcutt.31-24-154-105.plesk.page\/fr\/#website"},"primaryImageOfPage":{"@id":"https:\/\/distracted-northcutt.31-24-154-105.plesk.page\/fr\/participation-au-hub-militaire-daragon-en-particulier-au-wg8-infrastructures-duales-de-transport-et-de-logistique-en-ligne\/#primaryimage"},"image":{"@id":"https:\/\/distracted-northcutt.31-24-154-105.plesk.page\/fr\/participation-au-hub-militaire-daragon-en-particulier-au-wg8-infrastructures-duales-de-transport-et-de-logistique-en-ligne\/#primaryimage"},"thumbnailUrl":"https:\/\/distracted-northcutt.31-24-154-105.plesk.page\/wp-content\/uploads\/2025\/11\/participacion-hub-militar-1.jpg","datePublished":"2025-09-19T11:36:53+00:00","dateModified":"2026-04-15T12:34:19+00:00","author":{"@id":"https:\/\/distracted-northcutt.31-24-154-105.plesk.page\/fr\/#\/schema\/person\/bed177a72fa56765778e748fb312d115"},"breadcrumb":{"@id":"https:\/\/distracted-northcutt.31-24-154-105.plesk.page\/fr\/participation-au-hub-militaire-daragon-en-particulier-au-wg8-infrastructures-duales-de-transport-et-de-logistique-en-ligne\/#breadcrumb"},"inLanguage":"fr-FR","potentialAction":[{"@type":"ReadAction","target":["https:\/\/distracted-northcutt.31-24-154-105.plesk.page\/fr\/participation-au-hub-militaire-daragon-en-particulier-au-wg8-infrastructures-duales-de-transport-et-de-logistique-en-ligne\/"]}]},{"@type":"ImageObject","inLanguage":"fr-FR","@id":"https:\/\/distracted-northcutt.31-24-154-105.plesk.page\/fr\/participation-au-hub-militaire-daragon-en-particulier-au-wg8-infrastructures-duales-de-transport-et-de-logistique-en-ligne\/#primaryimage","url":"https:\/\/distracted-northcutt.31-24-154-105.plesk.page\/wp-content\/uploads\/2025\/11\/participacion-hub-militar-1.jpg","contentUrl":"https:\/\/distracted-northcutt.31-24-154-105.plesk.page\/wp-content\/uploads\/2025\/11\/participacion-hub-militar-1.jpg","width":795,"height":552},{"@type":"BreadcrumbList","@id":"https:\/\/distracted-northcutt.31-24-154-105.plesk.page\/fr\/participation-au-hub-militaire-daragon-en-particulier-au-wg8-infrastructures-duales-de-transport-et-de-logistique-en-ligne\/#breadcrumb","itemListElement":[{"@type":"ListItem","position":1,"name":"Portada","item":"https:\/\/distracted-northcutt.31-24-154-105.plesk.page\/fr\/"},{"@type":"ListItem","position":2,"name":"Participation au Hub militaire d&rsquo;Aragon, en particulier au WG8 &#8211; Infrastructures duales de transport et de logistique. En ligne."}]},{"@type":"WebSite","@id":"https:\/\/distracted-northcutt.31-24-154-105.plesk.page\/fr\/#website","url":"https:\/\/distracted-northcutt.31-24-154-105.plesk.page\/fr\/","name":"Transpirenaica","description":"Cooperaci\u00f3n y desarrollo sostenible  en Arag\u00f3n","potentialAction":[{"@type":"SearchAction","target":{"@type":"EntryPoint","urlTemplate":"https:\/\/distracted-northcutt.31-24-154-105.plesk.page\/fr\/?s={search_term_string}"},"query-input":{"@type":"PropertyValueSpecification","valueRequired":true,"valueName":"search_term_string"}}],"inLanguage":"fr-FR"},{"@type":"Person","@id":"https:\/\/distracted-northcutt.31-24-154-105.plesk.page\/fr\/#\/schema\/person\/bed177a72fa56765778e748fb312d115","name":"Transpirinaica","image":{"@type":"ImageObject","inLanguage":"fr-FR","@id":"https:\/\/secure.gravatar.com\/avatar\/fe35d32b21526b39d15dea6c5d2aa09c1db6c901548f987afe7ac21cea36d758?s=96&d=mm&r=g","url":"https:\/\/secure.gravatar.com\/avatar\/fe35d32b21526b39d15dea6c5d2aa09c1db6c901548f987afe7ac21cea36d758?s=96&d=mm&r=g","contentUrl":"https:\/\/secure.gravatar.com\/avatar\/fe35d32b21526b39d15dea6c5d2aa09c1db6c901548f987afe7ac21cea36d758?s=96&d=mm&r=g","caption":"Transpirinaica"},"url":"https:\/\/distracted-northcutt.31-24-154-105.plesk.page\/fr\/author\/o10mediab\/"}]}},"_links":{"self":[{"href":"https:\/\/distracted-northcutt.31-24-154-105.plesk.page\/fr\/wp-json\/wp\/v2\/posts\/231179","targetHints":{"allow":["GET"]}}],"collection":[{"href":"https:\/\/distracted-northcutt.31-24-154-105.plesk.page\/fr\/wp-json\/wp\/v2\/posts"}],"about":[{"href":"https:\/\/distracted-northcutt.31-24-154-105.plesk.page\/fr\/wp-json\/wp\/v2\/types\/post"}],"author":[{"embeddable":true,"href":"https:\/\/distracted-northcutt.31-24-154-105.plesk.page\/fr\/wp-json\/wp\/v2\/users\/2"}],"replies":[{"embeddable":true,"href":"https:\/\/distracted-northcutt.31-24-154-105.plesk.page\/fr\/wp-json\/wp\/v2\/comments?post=231179"}],"version-history":[{"count":1,"href":"https:\/\/distracted-northcutt.31-24-154-105.plesk.page\/fr\/wp-json\/wp\/v2\/posts\/231179\/revisions"}],"predecessor-version":[{"id":231189,"href":"https:\/\/distracted-northcutt.31-24-154-105.plesk.page\/fr\/wp-json\/wp\/v2\/posts\/231179\/revisions\/231189"}],"wp:featuredmedia":[{"embeddable":true,"href":"https:\/\/distracted-northcutt.31-24-154-105.plesk.page\/fr\/wp-json\/wp\/v2\/media\/231181"}],"wp:attachment":[{"href":"https:\/\/distracted-northcutt.31-24-154-105.plesk.page\/fr\/wp-json\/wp\/v2\/media?parent=231179"}],"wp:term":[{"taxonomy":"category","embeddable":true,"href":"https:\/\/distracted-northcutt.31-24-154-105.plesk.page\/fr\/wp-json\/wp\/v2\/categories?post=231179"},{"taxonomy":"post_tag","embeddable":true,"href":"https:\/\/distracted-northcutt.31-24-154-105.plesk.page\/fr\/wp-json\/wp\/v2\/tags?post=231179"}],"curies":[{"name":"wp","href":"https:\/\/api.w.org\/{rel}","templated":true}]}}