{"id":231166,"date":"2025-03-21T08:38:58","date_gmt":"2025-03-21T08:38:58","guid":{"rendered":"https:\/\/priceless-carson.188-95-114-7.plesk.page\/signature-dun-protocole-general-entre-le-gouvernement-daragon-et-le-gouvernement-regional-dandalousie\/"},"modified":"2026-04-15T12:34:17","modified_gmt":"2026-04-15T12:34:17","slug":"signature-dun-protocole-general-entre-le-gouvernement-daragon-et-le-gouvernement-regional-dandalousie","status":"publish","type":"post","link":"https:\/\/distracted-northcutt.31-24-154-105.plesk.page\/fr\/signature-dun-protocole-general-entre-le-gouvernement-daragon-et-le-gouvernement-regional-dandalousie\/","title":{"rendered":"Signature d&rsquo;un protocole g\u00e9n\u00e9ral entre le gouvernement d&rsquo;Aragon et le gouvernement r\u00e9gional d&rsquo;Andalousie."},"content":{"rendered":"<p>[et_pb_section fb_built=\u00a0\u00bb1&Prime; admin_label=\u00a0\u00bbsection\u00a0\u00bb _builder_version=\u00a0\u00bb4.16&Prime; custom_padding=\u00a0\u00bb9px|||||\u00a0\u00bb global_colors_info=\u00a0\u00bb{}\u00a0\u00bb][et_pb_row admin_label=\u00a0\u00bbrang\u00e9e\u00a0\u00bb _builder_version=\u00a0\u00bb4.16&Prime; background_size=\u00a0\u00bbinitial\u00a0\u00bb background_position=\u00a0\u00bbtop_left\u00a0\u00bb background_repeat=\u00a0\u00bbrepeat\u00a0\u00bb custom_padding=\u00a0\u00bb11px|||||\u00a0\u00bb global_colors_info=\u00a0\u00bb{}\u00a0\u00bb][et_pb_column type=\u00a0\u00bb4_4&Prime; _builder_version=\u00a0\u00bb4.16&Prime; custom_padding=\u00a0\u00bb|||\u00a0\u00bb global_colors_info=\u00a0\u00bb{}\u00a0\u00bb custom_padding__hover=\u00a0\u00bb|||\u00a0\u00bb][et_pb_text _builder_version=\u00a0\u00bb4.27.4&Prime; _module_preset=\u00a0\u00bbdefault\u00a0\u00bb hover_enabled=\u00a0\u00bb0&Prime; global_colors_info=\u00a0\u00bb{}\u00a0\u00bb header_2_line_height=\u00a0\u00bb1.3em\u00a0\u00bb sticky_enabled=\u00a0\u00bb0&Prime;]<\/p>\n<h2>Signature d&rsquo;un protocole g\u00e9n\u00e9ral entre le gouvernement d&rsquo;Aragon et le gouvernement r\u00e9gional d&rsquo;Andalousie pour la promotion de l&rsquo;autoroute ferroviaire Algeciras-Zaragoza (Saragosse).<\/h2>\n<p>Le pr\u00e9sident du gouvernement d&rsquo;Aragon, Jorge Azc\u00f3n, et le pr\u00e9sident du gouvernement r\u00e9gional d&rsquo;Andalousie, Juan Manuel Moreno Bonilla, ont sign\u00e9 \u00e0 Saragosse un protocole g\u00e9n\u00e9ral de coop\u00e9ration pour le d\u00e9veloppement et la promotion des infrastructures ferroviaires et logistiques.<br \/>Cet accord renforce le besoin de collaboration et g\u00e9n\u00e8re des synergies qui profitent \u00e0 l&rsquo;ensemble de l&rsquo;Espagne. En ce sens, l&rsquo;une des principales impulsions qu&rsquo;il cherche \u00e0 d\u00e9fendre est l&rsquo;autoroute ferroviaire Alg\u00e9siras-Zaragosse et d&rsquo;autres infrastructures cl\u00e9s, telles que le corridor cantabrique-m\u00e9diterran\u00e9en et la travers\u00e9e centrale des Pyr\u00e9n\u00e9es.<br \/>Ce protocole g\u00e9n\u00e9ral est ouvert \u00e0 toutes les communaut\u00e9s autonomes espagnoles, aux r\u00e9gions fran\u00e7aises et portugaises et aux repr\u00e9sentants socio-\u00e9conomiques, groupes d&rsquo;entreprises, chambres de commerce, associations professionnelles et entreprises, ainsi qu&rsquo;\u00e0 tous les agents qui souhaitent soutenir la mise en \u0153uvre de ces infrastructures de transport. <\/p>\n<p>[\/et_pb_text][et_pb_image src=\u00a0\u00bbhttps:\/\/distracted-northcutt.31-24-154-105.plesk.page\/wp-content\/uploads\/2025\/11\/firma-protocolo-general-2.jpg\u00a0\u00bb title_text=\u00a0\u00bbsignature-general-protocole-2&Prime; _builder_version=\u00a0\u00bb4.27.4&Prime; _module_preset=\u00a0\u00bbdefault\u00a0\u00bb hover_enabled=\u00a0\u00bb0&Prime; global_colors_info=\u00a0\u00bb{}\u00a0\u00bb align=\u00a0\u00bbcenter\u00a0\u00bb sticky_enabled=\u00a0\u00bb0&Prime;][\/et_pb_image][\/et_pb_column][\/et_pb_row][\/et_pb_section]<\/p>\n","protected":false},"excerpt":{"rendered":"<p>Signature d&rsquo;un protocole g\u00e9n\u00e9ral entre le gouvernement d&rsquo;Aragon et le gouvernement r\u00e9gional d&rsquo;Andalousie pour la promotion de l&rsquo;autoroute ferroviaire Algeciras-Zaragoza (Saragosse). Le pr\u00e9sident du gouvernement [&hellip;]<\/p>\n","protected":false},"author":2,"featured_media":231168,"comment_status":"open","ping_status":"open","sticky":false,"template":"","format":"standard","meta":{"_et_pb_use_builder":"on","_et_pb_old_content":"","_et_gb_content_width":"","footnotes":""},"categories":[10],"tags":[],"class_list":["post-231166","post","type-post","status-publish","format-standard","has-post-thumbnail","hentry","category-non-classe"],"yoast_head":"<!-- This site is optimized with the Yoast SEO plugin v27.4 - https:\/\/yoast.com\/product\/yoast-seo-wordpress\/ -->\n<title>Signature d&#039;un protocole g\u00e9n\u00e9ral entre le gouvernement d&#039;Aragon et le gouvernement r\u00e9gional d&#039;Andalousie. - Transpirenaica<\/title>\n<meta name=\"robots\" content=\"noindex, follow, max-snippet:-1, max-image-preview:large, max-video-preview:-1\" \/>\n<meta property=\"og:locale\" content=\"fr_FR\" \/>\n<meta property=\"og:type\" content=\"article\" \/>\n<meta property=\"og:title\" content=\"Signature d&#039;un protocole g\u00e9n\u00e9ral entre le gouvernement d&#039;Aragon et le gouvernement r\u00e9gional d&#039;Andalousie. - Transpirenaica\" \/>\n<meta property=\"og:description\" content=\"Signature d&#039;un protocole g\u00e9n\u00e9ral entre le gouvernement d&#039;Aragon et le gouvernement r\u00e9gional d&#039;Andalousie pour la promotion de l&#039;autoroute ferroviaire Algeciras-Zaragoza (Saragosse). Le pr\u00e9sident du gouvernement [&hellip;]\" \/>\n<meta property=\"og:url\" content=\"https:\/\/distracted-northcutt.31-24-154-105.plesk.page\/fr\/signature-dun-protocole-general-entre-le-gouvernement-daragon-et-le-gouvernement-regional-dandalousie\/\" \/>\n<meta property=\"og:site_name\" content=\"Transpirenaica\" \/>\n<meta property=\"article:published_time\" content=\"2025-03-21T08:38:58+00:00\" \/>\n<meta property=\"article:modified_time\" content=\"2026-04-15T12:34:17+00:00\" \/>\n<meta property=\"og:image\" content=\"https:\/\/priceless-carson.188-95-114-7.plesk.page\/wp-content\/uploads\/2025\/11\/firma-protocolo-general-1.jpg\" \/>\n\t<meta property=\"og:image:width\" content=\"795\" \/>\n\t<meta property=\"og:image:height\" content=\"552\" \/>\n\t<meta property=\"og:image:type\" content=\"image\/jpeg\" \/>\n<meta name=\"author\" content=\"Transpirinaica\" \/>\n<meta name=\"twitter:card\" content=\"summary_large_image\" \/>\n<meta name=\"twitter:label1\" content=\"\u00c9crit par\" \/>\n\t<meta name=\"twitter:data1\" content=\"Transpirinaica\" \/>\n\t<meta name=\"twitter:label2\" content=\"Dur\u00e9e de lecture estim\u00e9e\" \/>\n\t<meta name=\"twitter:data2\" content=\"1 minute\" \/>\n<script type=\"application\/ld+json\" class=\"yoast-schema-graph\">{\"@context\":\"https:\\\/\\\/schema.org\",\"@graph\":[{\"@type\":\"Article\",\"@id\":\"https:\\\/\\\/distracted-northcutt.31-24-154-105.plesk.page\\\/fr\\\/signature-dun-protocole-general-entre-le-gouvernement-daragon-et-le-gouvernement-regional-dandalousie\\\/#article\",\"isPartOf\":{\"@id\":\"https:\\\/\\\/distracted-northcutt.31-24-154-105.plesk.page\\\/fr\\\/signature-dun-protocole-general-entre-le-gouvernement-daragon-et-le-gouvernement-regional-dandalousie\\\/\"},\"author\":{\"name\":\"Transpirinaica\",\"@id\":\"https:\\\/\\\/distracted-northcutt.31-24-154-105.plesk.page\\\/fr\\\/#\\\/schema\\\/person\\\/bed177a72fa56765778e748fb312d115\"},\"headline\":\"Signature d&rsquo;un protocole g\u00e9n\u00e9ral entre le gouvernement d&rsquo;Aragon et le gouvernement r\u00e9gional d&rsquo;Andalousie.\",\"datePublished\":\"2025-03-21T08:38:58+00:00\",\"dateModified\":\"2026-04-15T12:34:17+00:00\",\"mainEntityOfPage\":{\"@id\":\"https:\\\/\\\/distracted-northcutt.31-24-154-105.plesk.page\\\/fr\\\/signature-dun-protocole-general-entre-le-gouvernement-daragon-et-le-gouvernement-regional-dandalousie\\\/\"},\"wordCount\":329,\"commentCount\":0,\"image\":{\"@id\":\"https:\\\/\\\/distracted-northcutt.31-24-154-105.plesk.page\\\/fr\\\/signature-dun-protocole-general-entre-le-gouvernement-daragon-et-le-gouvernement-regional-dandalousie\\\/#primaryimage\"},\"thumbnailUrl\":\"https:\\\/\\\/distracted-northcutt.31-24-154-105.plesk.page\\\/wp-content\\\/uploads\\\/2025\\\/11\\\/firma-protocolo-general-1.jpg\",\"inLanguage\":\"fr-FR\",\"potentialAction\":[{\"@type\":\"CommentAction\",\"name\":\"Comment\",\"target\":[\"https:\\\/\\\/distracted-northcutt.31-24-154-105.plesk.page\\\/fr\\\/signature-dun-protocole-general-entre-le-gouvernement-daragon-et-le-gouvernement-regional-dandalousie\\\/#respond\"]}]},{\"@type\":\"WebPage\",\"@id\":\"https:\\\/\\\/distracted-northcutt.31-24-154-105.plesk.page\\\/fr\\\/signature-dun-protocole-general-entre-le-gouvernement-daragon-et-le-gouvernement-regional-dandalousie\\\/\",\"url\":\"https:\\\/\\\/distracted-northcutt.31-24-154-105.plesk.page\\\/fr\\\/signature-dun-protocole-general-entre-le-gouvernement-daragon-et-le-gouvernement-regional-dandalousie\\\/\",\"name\":\"Signature d'un protocole g\u00e9n\u00e9ral entre le gouvernement d'Aragon et le gouvernement r\u00e9gional d'Andalousie. - Transpirenaica\",\"isPartOf\":{\"@id\":\"https:\\\/\\\/distracted-northcutt.31-24-154-105.plesk.page\\\/fr\\\/#website\"},\"primaryImageOfPage\":{\"@id\":\"https:\\\/\\\/distracted-northcutt.31-24-154-105.plesk.page\\\/fr\\\/signature-dun-protocole-general-entre-le-gouvernement-daragon-et-le-gouvernement-regional-dandalousie\\\/#primaryimage\"},\"image\":{\"@id\":\"https:\\\/\\\/distracted-northcutt.31-24-154-105.plesk.page\\\/fr\\\/signature-dun-protocole-general-entre-le-gouvernement-daragon-et-le-gouvernement-regional-dandalousie\\\/#primaryimage\"},\"thumbnailUrl\":\"https:\\\/\\\/distracted-northcutt.31-24-154-105.plesk.page\\\/wp-content\\\/uploads\\\/2025\\\/11\\\/firma-protocolo-general-1.jpg\",\"datePublished\":\"2025-03-21T08:38:58+00:00\",\"dateModified\":\"2026-04-15T12:34:17+00:00\",\"author\":{\"@id\":\"https:\\\/\\\/distracted-northcutt.31-24-154-105.plesk.page\\\/fr\\\/#\\\/schema\\\/person\\\/bed177a72fa56765778e748fb312d115\"},\"breadcrumb\":{\"@id\":\"https:\\\/\\\/distracted-northcutt.31-24-154-105.plesk.page\\\/fr\\\/signature-dun-protocole-general-entre-le-gouvernement-daragon-et-le-gouvernement-regional-dandalousie\\\/#breadcrumb\"},\"inLanguage\":\"fr-FR\",\"potentialAction\":[{\"@type\":\"ReadAction\",\"target\":[\"https:\\\/\\\/distracted-northcutt.31-24-154-105.plesk.page\\\/fr\\\/signature-dun-protocole-general-entre-le-gouvernement-daragon-et-le-gouvernement-regional-dandalousie\\\/\"]}]},{\"@type\":\"ImageObject\",\"inLanguage\":\"fr-FR\",\"@id\":\"https:\\\/\\\/distracted-northcutt.31-24-154-105.plesk.page\\\/fr\\\/signature-dun-protocole-general-entre-le-gouvernement-daragon-et-le-gouvernement-regional-dandalousie\\\/#primaryimage\",\"url\":\"https:\\\/\\\/distracted-northcutt.31-24-154-105.plesk.page\\\/wp-content\\\/uploads\\\/2025\\\/11\\\/firma-protocolo-general-1.jpg\",\"contentUrl\":\"https:\\\/\\\/distracted-northcutt.31-24-154-105.plesk.page\\\/wp-content\\\/uploads\\\/2025\\\/11\\\/firma-protocolo-general-1.jpg\",\"width\":795,\"height\":552},{\"@type\":\"BreadcrumbList\",\"@id\":\"https:\\\/\\\/distracted-northcutt.31-24-154-105.plesk.page\\\/fr\\\/signature-dun-protocole-general-entre-le-gouvernement-daragon-et-le-gouvernement-regional-dandalousie\\\/#breadcrumb\",\"itemListElement\":[{\"@type\":\"ListItem\",\"position\":1,\"name\":\"Portada\",\"item\":\"https:\\\/\\\/distracted-northcutt.31-24-154-105.plesk.page\\\/fr\\\/\"},{\"@type\":\"ListItem\",\"position\":2,\"name\":\"Signature d&#8217;un protocole g\u00e9n\u00e9ral entre le gouvernement d&#8217;Aragon et le gouvernement r\u00e9gional d&#8217;Andalousie.\"}]},{\"@type\":\"WebSite\",\"@id\":\"https:\\\/\\\/distracted-northcutt.31-24-154-105.plesk.page\\\/fr\\\/#website\",\"url\":\"https:\\\/\\\/distracted-northcutt.31-24-154-105.plesk.page\\\/fr\\\/\",\"name\":\"Transpirenaica\",\"description\":\"Cooperaci\u00f3n y desarrollo sostenible  en Arag\u00f3n\",\"potentialAction\":[{\"@type\":\"SearchAction\",\"target\":{\"@type\":\"EntryPoint\",\"urlTemplate\":\"https:\\\/\\\/distracted-northcutt.31-24-154-105.plesk.page\\\/fr\\\/?s={search_term_string}\"},\"query-input\":{\"@type\":\"PropertyValueSpecification\",\"valueRequired\":true,\"valueName\":\"search_term_string\"}}],\"inLanguage\":\"fr-FR\"},{\"@type\":\"Person\",\"@id\":\"https:\\\/\\\/distracted-northcutt.31-24-154-105.plesk.page\\\/fr\\\/#\\\/schema\\\/person\\\/bed177a72fa56765778e748fb312d115\",\"name\":\"Transpirinaica\",\"image\":{\"@type\":\"ImageObject\",\"inLanguage\":\"fr-FR\",\"@id\":\"https:\\\/\\\/secure.gravatar.com\\\/avatar\\\/fe35d32b21526b39d15dea6c5d2aa09c1db6c901548f987afe7ac21cea36d758?s=96&d=mm&r=g\",\"url\":\"https:\\\/\\\/secure.gravatar.com\\\/avatar\\\/fe35d32b21526b39d15dea6c5d2aa09c1db6c901548f987afe7ac21cea36d758?s=96&d=mm&r=g\",\"contentUrl\":\"https:\\\/\\\/secure.gravatar.com\\\/avatar\\\/fe35d32b21526b39d15dea6c5d2aa09c1db6c901548f987afe7ac21cea36d758?s=96&d=mm&r=g\",\"caption\":\"Transpirinaica\"},\"url\":\"https:\\\/\\\/distracted-northcutt.31-24-154-105.plesk.page\\\/fr\\\/author\\\/o10mediab\\\/\"}]}<\/script>\n<!-- \/ Yoast SEO plugin. -->","yoast_head_json":{"title":"Signature d'un protocole g\u00e9n\u00e9ral entre le gouvernement d'Aragon et le gouvernement r\u00e9gional d'Andalousie. - Transpirenaica","robots":{"index":"noindex","follow":"follow","max-snippet":"max-snippet:-1","max-image-preview":"max-image-preview:large","max-video-preview":"max-video-preview:-1"},"og_locale":"fr_FR","og_type":"article","og_title":"Signature d'un protocole g\u00e9n\u00e9ral entre le gouvernement d'Aragon et le gouvernement r\u00e9gional d'Andalousie. - Transpirenaica","og_description":"Signature d'un protocole g\u00e9n\u00e9ral entre le gouvernement d'Aragon et le gouvernement r\u00e9gional d'Andalousie pour la promotion de l'autoroute ferroviaire Algeciras-Zaragoza (Saragosse). Le pr\u00e9sident du gouvernement [&hellip;]","og_url":"https:\/\/distracted-northcutt.31-24-154-105.plesk.page\/fr\/signature-dun-protocole-general-entre-le-gouvernement-daragon-et-le-gouvernement-regional-dandalousie\/","og_site_name":"Transpirenaica","article_published_time":"2025-03-21T08:38:58+00:00","article_modified_time":"2026-04-15T12:34:17+00:00","og_image":[{"width":795,"height":552,"url":"https:\/\/priceless-carson.188-95-114-7.plesk.page\/wp-content\/uploads\/2025\/11\/firma-protocolo-general-1.jpg","type":"image\/jpeg"}],"author":"Transpirinaica","twitter_card":"summary_large_image","twitter_misc":{"\u00c9crit par":"Transpirinaica","Dur\u00e9e de lecture estim\u00e9e":"1 minute"},"schema":{"@context":"https:\/\/schema.org","@graph":[{"@type":"Article","@id":"https:\/\/distracted-northcutt.31-24-154-105.plesk.page\/fr\/signature-dun-protocole-general-entre-le-gouvernement-daragon-et-le-gouvernement-regional-dandalousie\/#article","isPartOf":{"@id":"https:\/\/distracted-northcutt.31-24-154-105.plesk.page\/fr\/signature-dun-protocole-general-entre-le-gouvernement-daragon-et-le-gouvernement-regional-dandalousie\/"},"author":{"name":"Transpirinaica","@id":"https:\/\/distracted-northcutt.31-24-154-105.plesk.page\/fr\/#\/schema\/person\/bed177a72fa56765778e748fb312d115"},"headline":"Signature d&rsquo;un protocole g\u00e9n\u00e9ral entre le gouvernement d&rsquo;Aragon et le gouvernement r\u00e9gional d&rsquo;Andalousie.","datePublished":"2025-03-21T08:38:58+00:00","dateModified":"2026-04-15T12:34:17+00:00","mainEntityOfPage":{"@id":"https:\/\/distracted-northcutt.31-24-154-105.plesk.page\/fr\/signature-dun-protocole-general-entre-le-gouvernement-daragon-et-le-gouvernement-regional-dandalousie\/"},"wordCount":329,"commentCount":0,"image":{"@id":"https:\/\/distracted-northcutt.31-24-154-105.plesk.page\/fr\/signature-dun-protocole-general-entre-le-gouvernement-daragon-et-le-gouvernement-regional-dandalousie\/#primaryimage"},"thumbnailUrl":"https:\/\/distracted-northcutt.31-24-154-105.plesk.page\/wp-content\/uploads\/2025\/11\/firma-protocolo-general-1.jpg","inLanguage":"fr-FR","potentialAction":[{"@type":"CommentAction","name":"Comment","target":["https:\/\/distracted-northcutt.31-24-154-105.plesk.page\/fr\/signature-dun-protocole-general-entre-le-gouvernement-daragon-et-le-gouvernement-regional-dandalousie\/#respond"]}]},{"@type":"WebPage","@id":"https:\/\/distracted-northcutt.31-24-154-105.plesk.page\/fr\/signature-dun-protocole-general-entre-le-gouvernement-daragon-et-le-gouvernement-regional-dandalousie\/","url":"https:\/\/distracted-northcutt.31-24-154-105.plesk.page\/fr\/signature-dun-protocole-general-entre-le-gouvernement-daragon-et-le-gouvernement-regional-dandalousie\/","name":"Signature d'un protocole g\u00e9n\u00e9ral entre le gouvernement d'Aragon et le gouvernement r\u00e9gional d'Andalousie. - Transpirenaica","isPartOf":{"@id":"https:\/\/distracted-northcutt.31-24-154-105.plesk.page\/fr\/#website"},"primaryImageOfPage":{"@id":"https:\/\/distracted-northcutt.31-24-154-105.plesk.page\/fr\/signature-dun-protocole-general-entre-le-gouvernement-daragon-et-le-gouvernement-regional-dandalousie\/#primaryimage"},"image":{"@id":"https:\/\/distracted-northcutt.31-24-154-105.plesk.page\/fr\/signature-dun-protocole-general-entre-le-gouvernement-daragon-et-le-gouvernement-regional-dandalousie\/#primaryimage"},"thumbnailUrl":"https:\/\/distracted-northcutt.31-24-154-105.plesk.page\/wp-content\/uploads\/2025\/11\/firma-protocolo-general-1.jpg","datePublished":"2025-03-21T08:38:58+00:00","dateModified":"2026-04-15T12:34:17+00:00","author":{"@id":"https:\/\/distracted-northcutt.31-24-154-105.plesk.page\/fr\/#\/schema\/person\/bed177a72fa56765778e748fb312d115"},"breadcrumb":{"@id":"https:\/\/distracted-northcutt.31-24-154-105.plesk.page\/fr\/signature-dun-protocole-general-entre-le-gouvernement-daragon-et-le-gouvernement-regional-dandalousie\/#breadcrumb"},"inLanguage":"fr-FR","potentialAction":[{"@type":"ReadAction","target":["https:\/\/distracted-northcutt.31-24-154-105.plesk.page\/fr\/signature-dun-protocole-general-entre-le-gouvernement-daragon-et-le-gouvernement-regional-dandalousie\/"]}]},{"@type":"ImageObject","inLanguage":"fr-FR","@id":"https:\/\/distracted-northcutt.31-24-154-105.plesk.page\/fr\/signature-dun-protocole-general-entre-le-gouvernement-daragon-et-le-gouvernement-regional-dandalousie\/#primaryimage","url":"https:\/\/distracted-northcutt.31-24-154-105.plesk.page\/wp-content\/uploads\/2025\/11\/firma-protocolo-general-1.jpg","contentUrl":"https:\/\/distracted-northcutt.31-24-154-105.plesk.page\/wp-content\/uploads\/2025\/11\/firma-protocolo-general-1.jpg","width":795,"height":552},{"@type":"BreadcrumbList","@id":"https:\/\/distracted-northcutt.31-24-154-105.plesk.page\/fr\/signature-dun-protocole-general-entre-le-gouvernement-daragon-et-le-gouvernement-regional-dandalousie\/#breadcrumb","itemListElement":[{"@type":"ListItem","position":1,"name":"Portada","item":"https:\/\/distracted-northcutt.31-24-154-105.plesk.page\/fr\/"},{"@type":"ListItem","position":2,"name":"Signature d&#8217;un protocole g\u00e9n\u00e9ral entre le gouvernement d&#8217;Aragon et le gouvernement r\u00e9gional d&#8217;Andalousie."}]},{"@type":"WebSite","@id":"https:\/\/distracted-northcutt.31-24-154-105.plesk.page\/fr\/#website","url":"https:\/\/distracted-northcutt.31-24-154-105.plesk.page\/fr\/","name":"Transpirenaica","description":"Cooperaci\u00f3n y desarrollo sostenible  en Arag\u00f3n","potentialAction":[{"@type":"SearchAction","target":{"@type":"EntryPoint","urlTemplate":"https:\/\/distracted-northcutt.31-24-154-105.plesk.page\/fr\/?s={search_term_string}"},"query-input":{"@type":"PropertyValueSpecification","valueRequired":true,"valueName":"search_term_string"}}],"inLanguage":"fr-FR"},{"@type":"Person","@id":"https:\/\/distracted-northcutt.31-24-154-105.plesk.page\/fr\/#\/schema\/person\/bed177a72fa56765778e748fb312d115","name":"Transpirinaica","image":{"@type":"ImageObject","inLanguage":"fr-FR","@id":"https:\/\/secure.gravatar.com\/avatar\/fe35d32b21526b39d15dea6c5d2aa09c1db6c901548f987afe7ac21cea36d758?s=96&d=mm&r=g","url":"https:\/\/secure.gravatar.com\/avatar\/fe35d32b21526b39d15dea6c5d2aa09c1db6c901548f987afe7ac21cea36d758?s=96&d=mm&r=g","contentUrl":"https:\/\/secure.gravatar.com\/avatar\/fe35d32b21526b39d15dea6c5d2aa09c1db6c901548f987afe7ac21cea36d758?s=96&d=mm&r=g","caption":"Transpirinaica"},"url":"https:\/\/distracted-northcutt.31-24-154-105.plesk.page\/fr\/author\/o10mediab\/"}]}},"_links":{"self":[{"href":"https:\/\/distracted-northcutt.31-24-154-105.plesk.page\/fr\/wp-json\/wp\/v2\/posts\/231166","targetHints":{"allow":["GET"]}}],"collection":[{"href":"https:\/\/distracted-northcutt.31-24-154-105.plesk.page\/fr\/wp-json\/wp\/v2\/posts"}],"about":[{"href":"https:\/\/distracted-northcutt.31-24-154-105.plesk.page\/fr\/wp-json\/wp\/v2\/types\/post"}],"author":[{"embeddable":true,"href":"https:\/\/distracted-northcutt.31-24-154-105.plesk.page\/fr\/wp-json\/wp\/v2\/users\/2"}],"replies":[{"embeddable":true,"href":"https:\/\/distracted-northcutt.31-24-154-105.plesk.page\/fr\/wp-json\/wp\/v2\/comments?post=231166"}],"version-history":[{"count":1,"href":"https:\/\/distracted-northcutt.31-24-154-105.plesk.page\/fr\/wp-json\/wp\/v2\/posts\/231166\/revisions"}],"predecessor-version":[{"id":231174,"href":"https:\/\/distracted-northcutt.31-24-154-105.plesk.page\/fr\/wp-json\/wp\/v2\/posts\/231166\/revisions\/231174"}],"wp:featuredmedia":[{"embeddable":true,"href":"https:\/\/distracted-northcutt.31-24-154-105.plesk.page\/fr\/wp-json\/wp\/v2\/media\/231168"}],"wp:attachment":[{"href":"https:\/\/distracted-northcutt.31-24-154-105.plesk.page\/fr\/wp-json\/wp\/v2\/media?parent=231166"}],"wp:term":[{"taxonomy":"category","embeddable":true,"href":"https:\/\/distracted-northcutt.31-24-154-105.plesk.page\/fr\/wp-json\/wp\/v2\/categories?post=231166"},{"taxonomy":"post_tag","embeddable":true,"href":"https:\/\/distracted-northcutt.31-24-154-105.plesk.page\/fr\/wp-json\/wp\/v2\/tags?post=231166"}],"curies":[{"name":"wp","href":"https:\/\/api.w.org\/{rel}","templated":true}]}}