{"id":230989,"date":"2025-12-16T10:00:04","date_gmt":"2025-12-16T10:00:04","guid":{"rendered":"https:\/\/priceless-carson.188-95-114-7.plesk.page\/reunion-de-suivi-de-letude-sur-les-synergies-regionales-autour-du-projet-de-reouverture-de-la-ligne-ferroviaire-pau-canfranc-zaragoza-en-ligne\/"},"modified":"2026-04-15T12:31:31","modified_gmt":"2026-04-15T12:31:31","slug":"reunion-de-suivi-de-letude-sur-les-synergies-regionales-autour-du-projet-de-reouverture-de-la-ligne-ferroviaire-pau-canfranc-zaragoza-en-ligne","status":"publish","type":"post","link":"https:\/\/distracted-northcutt.31-24-154-105.plesk.page\/fr\/reunion-de-suivi-de-letude-sur-les-synergies-regionales-autour-du-projet-de-reouverture-de-la-ligne-ferroviaire-pau-canfranc-zaragoza-en-ligne\/","title":{"rendered":"R\u00e9union de suivi de l&rsquo;\u00e9tude sur les synergies r\u00e9gionales autour du projet de r\u00e9ouverture de la ligne ferroviaire Pau-Canfranc-Zaragoza. En ligne."},"content":{"rendered":"<p>[et_pb_section fb_built=\u00a0\u00bb1&Prime; admin_label=\u00a0\u00bbsection\u00a0\u00bb _builder_version=\u00a0\u00bb4.16&Prime; custom_padding=\u00a0\u00bb9px|||||\u00a0\u00bb global_colors_info=\u00a0\u00bb{}\u00a0\u00bb][et_pb_row admin_label=\u00a0\u00bbrang\u00e9e\u00a0\u00bb _builder_version=\u00a0\u00bb4.16&Prime; background_size=\u00a0\u00bbinitial\u00a0\u00bb background_position=\u00a0\u00bbtop_left\u00a0\u00bb background_repeat=\u00a0\u00bbrepeat\u00a0\u00bb custom_padding=\u00a0\u00bb11px|||||\u00a0\u00bb global_colors_info=\u00a0\u00bb{}\u00a0\u00bb][et_pb_column type=\u00a0\u00bb4_4&Prime; _builder_version=\u00a0\u00bb4.16&Prime; custom_padding=\u00a0\u00bb|||\u00a0\u00bb global_colors_info=\u00a0\u00bb{}\u00a0\u00bb custom_padding__hover=\u00a0\u00bb|||\u00a0\u00bb][et_pb_text _builder_version=\u00a0\u00bb4.27.4&Prime; _module_preset=\u00a0\u00bbdefault\u00a0\u00bb hover_enabled=\u00a0\u00bb0&Prime; global_colors_info=\u00a0\u00bb{}\u00a0\u00bb sticky_enabled=\u00a0\u00bb0&Prime;]La Fondation Trans-Pyr\u00e9n\u00e9es a particip\u00e9 \u00e0 la r\u00e9union de lancement de l&rsquo;\u00e9tude sur les synergies r\u00e9gionales autour du projet de r\u00e9ouverture de la ligne ferroviaire Pau-Canfranc-Zaragoza, pilot\u00e9 par la r\u00e9gion Nouvelle-Aquitaine.<\/p>\n<p>Cette action fait partie du work package n\u00ba 2 du projet europ\u00e9en \u00ab\u00a0Overcoming missed connections between France and Spain : Pau-Canfranc-Zaragoza\u00a0\u00bb. <\/p>\n<p>L&rsquo;objectif de cette r\u00e9union, \u00e0 laquelle ont particip\u00e9 certains des partenaires du projet, \u00e9tait d&rsquo;informer sur les diff\u00e9rentes phases de l&rsquo;\u00e9tude et sur la m\u00e9thodologie \u00e0 suivre dans les diff\u00e9rentes \u00e9tapes.[\/et_pb_text][\/et_pb_column][\/et_pb_row][\/et_pb_section]<\/p>\n","protected":false},"excerpt":{"rendered":"<p>La Fondation Trans-Pyr\u00e9n\u00e9es a particip\u00e9 \u00e0 la r\u00e9union de lancement de l&rsquo;\u00e9tude sur les synergies r\u00e9gionales autour du projet de r\u00e9ouverture de la ligne ferroviaire [&hellip;]<\/p>\n","protected":false},"author":2,"featured_media":230990,"comment_status":"open","ping_status":"open","sticky":false,"template":"","format":"standard","meta":{"_et_pb_use_builder":"on","_et_pb_old_content":"","_et_gb_content_width":"","footnotes":""},"categories":[10],"tags":[],"class_list":["post-230989","post","type-post","status-publish","format-standard","has-post-thumbnail","hentry","category-non-classe"],"yoast_head":"<!-- This site is optimized with the Yoast SEO plugin v27.4 - https:\/\/yoast.com\/product\/yoast-seo-wordpress\/ -->\n<title>R\u00e9union de suivi de l&#039;\u00e9tude sur les synergies r\u00e9gionales autour du projet de r\u00e9ouverture de la ligne ferroviaire Pau-Canfranc-Zaragoza. En ligne. - Transpirenaica<\/title>\n<meta name=\"robots\" content=\"noindex, follow, max-snippet:-1, max-image-preview:large, max-video-preview:-1\" \/>\n<meta property=\"og:locale\" content=\"fr_FR\" \/>\n<meta property=\"og:type\" content=\"article\" \/>\n<meta property=\"og:title\" content=\"R\u00e9union de suivi de l&#039;\u00e9tude sur les synergies r\u00e9gionales autour du projet de r\u00e9ouverture de la ligne ferroviaire Pau-Canfranc-Zaragoza. En ligne. - Transpirenaica\" \/>\n<meta property=\"og:description\" content=\"La Fondation Trans-Pyr\u00e9n\u00e9es a particip\u00e9 \u00e0 la r\u00e9union de lancement de l&#039;\u00e9tude sur les synergies r\u00e9gionales autour du projet de r\u00e9ouverture de la ligne ferroviaire [&hellip;]\" \/>\n<meta property=\"og:url\" content=\"https:\/\/distracted-northcutt.31-24-154-105.plesk.page\/fr\/reunion-de-suivi-de-letude-sur-les-synergies-regionales-autour-du-projet-de-reouverture-de-la-ligne-ferroviaire-pau-canfranc-zaragoza-en-ligne\/\" \/>\n<meta property=\"og:site_name\" content=\"Transpirenaica\" \/>\n<meta property=\"article:published_time\" content=\"2025-12-16T10:00:04+00:00\" \/>\n<meta property=\"article:modified_time\" content=\"2026-04-15T12:31:31+00:00\" \/>\n<meta property=\"og:image\" content=\"https:\/\/priceless-carson.188-95-114-7.plesk.page\/wp-content\/uploads\/2026\/03\/resilencia-climatica-1.jpg\" \/>\n\t<meta property=\"og:image:width\" content=\"795\" \/>\n\t<meta property=\"og:image:height\" content=\"552\" \/>\n\t<meta property=\"og:image:type\" content=\"image\/jpeg\" \/>\n<meta name=\"author\" content=\"Transpirinaica\" \/>\n<meta name=\"twitter:card\" content=\"summary_large_image\" \/>\n<meta name=\"twitter:label1\" content=\"\u00c9crit par\" \/>\n\t<meta name=\"twitter:data1\" content=\"Transpirinaica\" \/>\n\t<meta name=\"twitter:label2\" content=\"Dur\u00e9e de lecture estim\u00e9e\" \/>\n\t<meta name=\"twitter:data2\" content=\"1 minute\" \/>\n<script type=\"application\/ld+json\" class=\"yoast-schema-graph\">{\"@context\":\"https:\\\/\\\/schema.org\",\"@graph\":[{\"@type\":\"Article\",\"@id\":\"https:\\\/\\\/distracted-northcutt.31-24-154-105.plesk.page\\\/fr\\\/reunion-de-suivi-de-letude-sur-les-synergies-regionales-autour-du-projet-de-reouverture-de-la-ligne-ferroviaire-pau-canfranc-zaragoza-en-ligne\\\/#article\",\"isPartOf\":{\"@id\":\"https:\\\/\\\/distracted-northcutt.31-24-154-105.plesk.page\\\/fr\\\/reunion-de-suivi-de-letude-sur-les-synergies-regionales-autour-du-projet-de-reouverture-de-la-ligne-ferroviaire-pau-canfranc-zaragoza-en-ligne\\\/\"},\"author\":{\"name\":\"Transpirinaica\",\"@id\":\"https:\\\/\\\/distracted-northcutt.31-24-154-105.plesk.page\\\/fr\\\/#\\\/schema\\\/person\\\/bed177a72fa56765778e748fb312d115\"},\"headline\":\"R\u00e9union de suivi de l&rsquo;\u00e9tude sur les synergies r\u00e9gionales autour du projet de r\u00e9ouverture de la ligne ferroviaire Pau-Canfranc-Zaragoza. En ligne.\",\"datePublished\":\"2025-12-16T10:00:04+00:00\",\"dateModified\":\"2026-04-15T12:31:31+00:00\",\"mainEntityOfPage\":{\"@id\":\"https:\\\/\\\/distracted-northcutt.31-24-154-105.plesk.page\\\/fr\\\/reunion-de-suivi-de-letude-sur-les-synergies-regionales-autour-du-projet-de-reouverture-de-la-ligne-ferroviaire-pau-canfranc-zaragoza-en-ligne\\\/\"},\"wordCount\":200,\"commentCount\":0,\"image\":{\"@id\":\"https:\\\/\\\/distracted-northcutt.31-24-154-105.plesk.page\\\/fr\\\/reunion-de-suivi-de-letude-sur-les-synergies-regionales-autour-du-projet-de-reouverture-de-la-ligne-ferroviaire-pau-canfranc-zaragoza-en-ligne\\\/#primaryimage\"},\"thumbnailUrl\":\"https:\\\/\\\/distracted-northcutt.31-24-154-105.plesk.page\\\/wp-content\\\/uploads\\\/2026\\\/03\\\/resilencia-climatica-1.jpg\",\"inLanguage\":\"fr-FR\",\"potentialAction\":[{\"@type\":\"CommentAction\",\"name\":\"Comment\",\"target\":[\"https:\\\/\\\/distracted-northcutt.31-24-154-105.plesk.page\\\/fr\\\/reunion-de-suivi-de-letude-sur-les-synergies-regionales-autour-du-projet-de-reouverture-de-la-ligne-ferroviaire-pau-canfranc-zaragoza-en-ligne\\\/#respond\"]}]},{\"@type\":\"WebPage\",\"@id\":\"https:\\\/\\\/distracted-northcutt.31-24-154-105.plesk.page\\\/fr\\\/reunion-de-suivi-de-letude-sur-les-synergies-regionales-autour-du-projet-de-reouverture-de-la-ligne-ferroviaire-pau-canfranc-zaragoza-en-ligne\\\/\",\"url\":\"https:\\\/\\\/distracted-northcutt.31-24-154-105.plesk.page\\\/fr\\\/reunion-de-suivi-de-letude-sur-les-synergies-regionales-autour-du-projet-de-reouverture-de-la-ligne-ferroviaire-pau-canfranc-zaragoza-en-ligne\\\/\",\"name\":\"R\u00e9union de suivi de l'\u00e9tude sur les synergies r\u00e9gionales autour du projet de r\u00e9ouverture de la ligne ferroviaire Pau-Canfranc-Zaragoza. En ligne. - Transpirenaica\",\"isPartOf\":{\"@id\":\"https:\\\/\\\/distracted-northcutt.31-24-154-105.plesk.page\\\/fr\\\/#website\"},\"primaryImageOfPage\":{\"@id\":\"https:\\\/\\\/distracted-northcutt.31-24-154-105.plesk.page\\\/fr\\\/reunion-de-suivi-de-letude-sur-les-synergies-regionales-autour-du-projet-de-reouverture-de-la-ligne-ferroviaire-pau-canfranc-zaragoza-en-ligne\\\/#primaryimage\"},\"image\":{\"@id\":\"https:\\\/\\\/distracted-northcutt.31-24-154-105.plesk.page\\\/fr\\\/reunion-de-suivi-de-letude-sur-les-synergies-regionales-autour-du-projet-de-reouverture-de-la-ligne-ferroviaire-pau-canfranc-zaragoza-en-ligne\\\/#primaryimage\"},\"thumbnailUrl\":\"https:\\\/\\\/distracted-northcutt.31-24-154-105.plesk.page\\\/wp-content\\\/uploads\\\/2026\\\/03\\\/resilencia-climatica-1.jpg\",\"datePublished\":\"2025-12-16T10:00:04+00:00\",\"dateModified\":\"2026-04-15T12:31:31+00:00\",\"author\":{\"@id\":\"https:\\\/\\\/distracted-northcutt.31-24-154-105.plesk.page\\\/fr\\\/#\\\/schema\\\/person\\\/bed177a72fa56765778e748fb312d115\"},\"breadcrumb\":{\"@id\":\"https:\\\/\\\/distracted-northcutt.31-24-154-105.plesk.page\\\/fr\\\/reunion-de-suivi-de-letude-sur-les-synergies-regionales-autour-du-projet-de-reouverture-de-la-ligne-ferroviaire-pau-canfranc-zaragoza-en-ligne\\\/#breadcrumb\"},\"inLanguage\":\"fr-FR\",\"potentialAction\":[{\"@type\":\"ReadAction\",\"target\":[\"https:\\\/\\\/distracted-northcutt.31-24-154-105.plesk.page\\\/fr\\\/reunion-de-suivi-de-letude-sur-les-synergies-regionales-autour-du-projet-de-reouverture-de-la-ligne-ferroviaire-pau-canfranc-zaragoza-en-ligne\\\/\"]}]},{\"@type\":\"ImageObject\",\"inLanguage\":\"fr-FR\",\"@id\":\"https:\\\/\\\/distracted-northcutt.31-24-154-105.plesk.page\\\/fr\\\/reunion-de-suivi-de-letude-sur-les-synergies-regionales-autour-du-projet-de-reouverture-de-la-ligne-ferroviaire-pau-canfranc-zaragoza-en-ligne\\\/#primaryimage\",\"url\":\"https:\\\/\\\/distracted-northcutt.31-24-154-105.plesk.page\\\/wp-content\\\/uploads\\\/2026\\\/03\\\/resilencia-climatica-1.jpg\",\"contentUrl\":\"https:\\\/\\\/distracted-northcutt.31-24-154-105.plesk.page\\\/wp-content\\\/uploads\\\/2026\\\/03\\\/resilencia-climatica-1.jpg\",\"width\":795,\"height\":552},{\"@type\":\"BreadcrumbList\",\"@id\":\"https:\\\/\\\/distracted-northcutt.31-24-154-105.plesk.page\\\/fr\\\/reunion-de-suivi-de-letude-sur-les-synergies-regionales-autour-du-projet-de-reouverture-de-la-ligne-ferroviaire-pau-canfranc-zaragoza-en-ligne\\\/#breadcrumb\",\"itemListElement\":[{\"@type\":\"ListItem\",\"position\":1,\"name\":\"Portada\",\"item\":\"https:\\\/\\\/distracted-northcutt.31-24-154-105.plesk.page\\\/fr\\\/\"},{\"@type\":\"ListItem\",\"position\":2,\"name\":\"R\u00e9union de suivi de l&rsquo;\u00e9tude sur les synergies r\u00e9gionales autour du projet de r\u00e9ouverture de la ligne ferroviaire Pau-Canfranc-Zaragoza. En ligne.\"}]},{\"@type\":\"WebSite\",\"@id\":\"https:\\\/\\\/distracted-northcutt.31-24-154-105.plesk.page\\\/fr\\\/#website\",\"url\":\"https:\\\/\\\/distracted-northcutt.31-24-154-105.plesk.page\\\/fr\\\/\",\"name\":\"Transpirenaica\",\"description\":\"Cooperaci\u00f3n y desarrollo sostenible  en Arag\u00f3n\",\"potentialAction\":[{\"@type\":\"SearchAction\",\"target\":{\"@type\":\"EntryPoint\",\"urlTemplate\":\"https:\\\/\\\/distracted-northcutt.31-24-154-105.plesk.page\\\/fr\\\/?s={search_term_string}\"},\"query-input\":{\"@type\":\"PropertyValueSpecification\",\"valueRequired\":true,\"valueName\":\"search_term_string\"}}],\"inLanguage\":\"fr-FR\"},{\"@type\":\"Person\",\"@id\":\"https:\\\/\\\/distracted-northcutt.31-24-154-105.plesk.page\\\/fr\\\/#\\\/schema\\\/person\\\/bed177a72fa56765778e748fb312d115\",\"name\":\"Transpirinaica\",\"image\":{\"@type\":\"ImageObject\",\"inLanguage\":\"fr-FR\",\"@id\":\"https:\\\/\\\/secure.gravatar.com\\\/avatar\\\/fe35d32b21526b39d15dea6c5d2aa09c1db6c901548f987afe7ac21cea36d758?s=96&d=mm&r=g\",\"url\":\"https:\\\/\\\/secure.gravatar.com\\\/avatar\\\/fe35d32b21526b39d15dea6c5d2aa09c1db6c901548f987afe7ac21cea36d758?s=96&d=mm&r=g\",\"contentUrl\":\"https:\\\/\\\/secure.gravatar.com\\\/avatar\\\/fe35d32b21526b39d15dea6c5d2aa09c1db6c901548f987afe7ac21cea36d758?s=96&d=mm&r=g\",\"caption\":\"Transpirinaica\"},\"url\":\"https:\\\/\\\/distracted-northcutt.31-24-154-105.plesk.page\\\/fr\\\/author\\\/o10mediab\\\/\"}]}<\/script>\n<!-- \/ Yoast SEO plugin. -->","yoast_head_json":{"title":"R\u00e9union de suivi de l'\u00e9tude sur les synergies r\u00e9gionales autour du projet de r\u00e9ouverture de la ligne ferroviaire Pau-Canfranc-Zaragoza. En ligne. - Transpirenaica","robots":{"index":"noindex","follow":"follow","max-snippet":"max-snippet:-1","max-image-preview":"max-image-preview:large","max-video-preview":"max-video-preview:-1"},"og_locale":"fr_FR","og_type":"article","og_title":"R\u00e9union de suivi de l'\u00e9tude sur les synergies r\u00e9gionales autour du projet de r\u00e9ouverture de la ligne ferroviaire Pau-Canfranc-Zaragoza. En ligne. - Transpirenaica","og_description":"La Fondation Trans-Pyr\u00e9n\u00e9es a particip\u00e9 \u00e0 la r\u00e9union de lancement de l'\u00e9tude sur les synergies r\u00e9gionales autour du projet de r\u00e9ouverture de la ligne ferroviaire [&hellip;]","og_url":"https:\/\/distracted-northcutt.31-24-154-105.plesk.page\/fr\/reunion-de-suivi-de-letude-sur-les-synergies-regionales-autour-du-projet-de-reouverture-de-la-ligne-ferroviaire-pau-canfranc-zaragoza-en-ligne\/","og_site_name":"Transpirenaica","article_published_time":"2025-12-16T10:00:04+00:00","article_modified_time":"2026-04-15T12:31:31+00:00","og_image":[{"width":795,"height":552,"url":"https:\/\/priceless-carson.188-95-114-7.plesk.page\/wp-content\/uploads\/2026\/03\/resilencia-climatica-1.jpg","type":"image\/jpeg"}],"author":"Transpirinaica","twitter_card":"summary_large_image","twitter_misc":{"\u00c9crit par":"Transpirinaica","Dur\u00e9e de lecture estim\u00e9e":"1 minute"},"schema":{"@context":"https:\/\/schema.org","@graph":[{"@type":"Article","@id":"https:\/\/distracted-northcutt.31-24-154-105.plesk.page\/fr\/reunion-de-suivi-de-letude-sur-les-synergies-regionales-autour-du-projet-de-reouverture-de-la-ligne-ferroviaire-pau-canfranc-zaragoza-en-ligne\/#article","isPartOf":{"@id":"https:\/\/distracted-northcutt.31-24-154-105.plesk.page\/fr\/reunion-de-suivi-de-letude-sur-les-synergies-regionales-autour-du-projet-de-reouverture-de-la-ligne-ferroviaire-pau-canfranc-zaragoza-en-ligne\/"},"author":{"name":"Transpirinaica","@id":"https:\/\/distracted-northcutt.31-24-154-105.plesk.page\/fr\/#\/schema\/person\/bed177a72fa56765778e748fb312d115"},"headline":"R\u00e9union de suivi de l&rsquo;\u00e9tude sur les synergies r\u00e9gionales autour du projet de r\u00e9ouverture de la ligne ferroviaire Pau-Canfranc-Zaragoza. En ligne.","datePublished":"2025-12-16T10:00:04+00:00","dateModified":"2026-04-15T12:31:31+00:00","mainEntityOfPage":{"@id":"https:\/\/distracted-northcutt.31-24-154-105.plesk.page\/fr\/reunion-de-suivi-de-letude-sur-les-synergies-regionales-autour-du-projet-de-reouverture-de-la-ligne-ferroviaire-pau-canfranc-zaragoza-en-ligne\/"},"wordCount":200,"commentCount":0,"image":{"@id":"https:\/\/distracted-northcutt.31-24-154-105.plesk.page\/fr\/reunion-de-suivi-de-letude-sur-les-synergies-regionales-autour-du-projet-de-reouverture-de-la-ligne-ferroviaire-pau-canfranc-zaragoza-en-ligne\/#primaryimage"},"thumbnailUrl":"https:\/\/distracted-northcutt.31-24-154-105.plesk.page\/wp-content\/uploads\/2026\/03\/resilencia-climatica-1.jpg","inLanguage":"fr-FR","potentialAction":[{"@type":"CommentAction","name":"Comment","target":["https:\/\/distracted-northcutt.31-24-154-105.plesk.page\/fr\/reunion-de-suivi-de-letude-sur-les-synergies-regionales-autour-du-projet-de-reouverture-de-la-ligne-ferroviaire-pau-canfranc-zaragoza-en-ligne\/#respond"]}]},{"@type":"WebPage","@id":"https:\/\/distracted-northcutt.31-24-154-105.plesk.page\/fr\/reunion-de-suivi-de-letude-sur-les-synergies-regionales-autour-du-projet-de-reouverture-de-la-ligne-ferroviaire-pau-canfranc-zaragoza-en-ligne\/","url":"https:\/\/distracted-northcutt.31-24-154-105.plesk.page\/fr\/reunion-de-suivi-de-letude-sur-les-synergies-regionales-autour-du-projet-de-reouverture-de-la-ligne-ferroviaire-pau-canfranc-zaragoza-en-ligne\/","name":"R\u00e9union de suivi de l'\u00e9tude sur les synergies r\u00e9gionales autour du projet de r\u00e9ouverture de la ligne ferroviaire Pau-Canfranc-Zaragoza. En ligne. - Transpirenaica","isPartOf":{"@id":"https:\/\/distracted-northcutt.31-24-154-105.plesk.page\/fr\/#website"},"primaryImageOfPage":{"@id":"https:\/\/distracted-northcutt.31-24-154-105.plesk.page\/fr\/reunion-de-suivi-de-letude-sur-les-synergies-regionales-autour-du-projet-de-reouverture-de-la-ligne-ferroviaire-pau-canfranc-zaragoza-en-ligne\/#primaryimage"},"image":{"@id":"https:\/\/distracted-northcutt.31-24-154-105.plesk.page\/fr\/reunion-de-suivi-de-letude-sur-les-synergies-regionales-autour-du-projet-de-reouverture-de-la-ligne-ferroviaire-pau-canfranc-zaragoza-en-ligne\/#primaryimage"},"thumbnailUrl":"https:\/\/distracted-northcutt.31-24-154-105.plesk.page\/wp-content\/uploads\/2026\/03\/resilencia-climatica-1.jpg","datePublished":"2025-12-16T10:00:04+00:00","dateModified":"2026-04-15T12:31:31+00:00","author":{"@id":"https:\/\/distracted-northcutt.31-24-154-105.plesk.page\/fr\/#\/schema\/person\/bed177a72fa56765778e748fb312d115"},"breadcrumb":{"@id":"https:\/\/distracted-northcutt.31-24-154-105.plesk.page\/fr\/reunion-de-suivi-de-letude-sur-les-synergies-regionales-autour-du-projet-de-reouverture-de-la-ligne-ferroviaire-pau-canfranc-zaragoza-en-ligne\/#breadcrumb"},"inLanguage":"fr-FR","potentialAction":[{"@type":"ReadAction","target":["https:\/\/distracted-northcutt.31-24-154-105.plesk.page\/fr\/reunion-de-suivi-de-letude-sur-les-synergies-regionales-autour-du-projet-de-reouverture-de-la-ligne-ferroviaire-pau-canfranc-zaragoza-en-ligne\/"]}]},{"@type":"ImageObject","inLanguage":"fr-FR","@id":"https:\/\/distracted-northcutt.31-24-154-105.plesk.page\/fr\/reunion-de-suivi-de-letude-sur-les-synergies-regionales-autour-du-projet-de-reouverture-de-la-ligne-ferroviaire-pau-canfranc-zaragoza-en-ligne\/#primaryimage","url":"https:\/\/distracted-northcutt.31-24-154-105.plesk.page\/wp-content\/uploads\/2026\/03\/resilencia-climatica-1.jpg","contentUrl":"https:\/\/distracted-northcutt.31-24-154-105.plesk.page\/wp-content\/uploads\/2026\/03\/resilencia-climatica-1.jpg","width":795,"height":552},{"@type":"BreadcrumbList","@id":"https:\/\/distracted-northcutt.31-24-154-105.plesk.page\/fr\/reunion-de-suivi-de-letude-sur-les-synergies-regionales-autour-du-projet-de-reouverture-de-la-ligne-ferroviaire-pau-canfranc-zaragoza-en-ligne\/#breadcrumb","itemListElement":[{"@type":"ListItem","position":1,"name":"Portada","item":"https:\/\/distracted-northcutt.31-24-154-105.plesk.page\/fr\/"},{"@type":"ListItem","position":2,"name":"R\u00e9union de suivi de l&rsquo;\u00e9tude sur les synergies r\u00e9gionales autour du projet de r\u00e9ouverture de la ligne ferroviaire Pau-Canfranc-Zaragoza. En ligne."}]},{"@type":"WebSite","@id":"https:\/\/distracted-northcutt.31-24-154-105.plesk.page\/fr\/#website","url":"https:\/\/distracted-northcutt.31-24-154-105.plesk.page\/fr\/","name":"Transpirenaica","description":"Cooperaci\u00f3n y desarrollo sostenible  en Arag\u00f3n","potentialAction":[{"@type":"SearchAction","target":{"@type":"EntryPoint","urlTemplate":"https:\/\/distracted-northcutt.31-24-154-105.plesk.page\/fr\/?s={search_term_string}"},"query-input":{"@type":"PropertyValueSpecification","valueRequired":true,"valueName":"search_term_string"}}],"inLanguage":"fr-FR"},{"@type":"Person","@id":"https:\/\/distracted-northcutt.31-24-154-105.plesk.page\/fr\/#\/schema\/person\/bed177a72fa56765778e748fb312d115","name":"Transpirinaica","image":{"@type":"ImageObject","inLanguage":"fr-FR","@id":"https:\/\/secure.gravatar.com\/avatar\/fe35d32b21526b39d15dea6c5d2aa09c1db6c901548f987afe7ac21cea36d758?s=96&d=mm&r=g","url":"https:\/\/secure.gravatar.com\/avatar\/fe35d32b21526b39d15dea6c5d2aa09c1db6c901548f987afe7ac21cea36d758?s=96&d=mm&r=g","contentUrl":"https:\/\/secure.gravatar.com\/avatar\/fe35d32b21526b39d15dea6c5d2aa09c1db6c901548f987afe7ac21cea36d758?s=96&d=mm&r=g","caption":"Transpirinaica"},"url":"https:\/\/distracted-northcutt.31-24-154-105.plesk.page\/fr\/author\/o10mediab\/"}]}},"_links":{"self":[{"href":"https:\/\/distracted-northcutt.31-24-154-105.plesk.page\/fr\/wp-json\/wp\/v2\/posts\/230989","targetHints":{"allow":["GET"]}}],"collection":[{"href":"https:\/\/distracted-northcutt.31-24-154-105.plesk.page\/fr\/wp-json\/wp\/v2\/posts"}],"about":[{"href":"https:\/\/distracted-northcutt.31-24-154-105.plesk.page\/fr\/wp-json\/wp\/v2\/types\/post"}],"author":[{"embeddable":true,"href":"https:\/\/distracted-northcutt.31-24-154-105.plesk.page\/fr\/wp-json\/wp\/v2\/users\/2"}],"replies":[{"embeddable":true,"href":"https:\/\/distracted-northcutt.31-24-154-105.plesk.page\/fr\/wp-json\/wp\/v2\/comments?post=230989"}],"version-history":[{"count":1,"href":"https:\/\/distracted-northcutt.31-24-154-105.plesk.page\/fr\/wp-json\/wp\/v2\/posts\/230989\/revisions"}],"predecessor-version":[{"id":230995,"href":"https:\/\/distracted-northcutt.31-24-154-105.plesk.page\/fr\/wp-json\/wp\/v2\/posts\/230989\/revisions\/230995"}],"wp:featuredmedia":[{"embeddable":true,"href":"https:\/\/distracted-northcutt.31-24-154-105.plesk.page\/fr\/wp-json\/wp\/v2\/media\/230990"}],"wp:attachment":[{"href":"https:\/\/distracted-northcutt.31-24-154-105.plesk.page\/fr\/wp-json\/wp\/v2\/media?parent=230989"}],"wp:term":[{"taxonomy":"category","embeddable":true,"href":"https:\/\/distracted-northcutt.31-24-154-105.plesk.page\/fr\/wp-json\/wp\/v2\/categories?post=230989"},{"taxonomy":"post_tag","embeddable":true,"href":"https:\/\/distracted-northcutt.31-24-154-105.plesk.page\/fr\/wp-json\/wp\/v2\/tags?post=230989"}],"curies":[{"name":"wp","href":"https:\/\/api.w.org\/{rel}","templated":true}]}}