{"id":230939,"date":"2025-10-02T09:16:08","date_gmt":"2025-10-02T09:16:08","guid":{"rendered":"https:\/\/priceless-carson.188-95-114-7.plesk.page\/journees-de-la-mobilite-urbaine-2025-mobilite-cycliste-en-ligne\/"},"modified":"2026-04-15T12:31:13","modified_gmt":"2026-04-15T12:31:13","slug":"journees-de-la-mobilite-urbaine-2025-mobilite-cycliste-en-ligne","status":"publish","type":"post","link":"https:\/\/distracted-northcutt.31-24-154-105.plesk.page\/fr\/journees-de-la-mobilite-urbaine-2025-mobilite-cycliste-en-ligne\/","title":{"rendered":"Journ\u00e9es de la mobilit\u00e9 urbaine 2025 : Mobilit\u00e9 cycliste. En ligne."},"content":{"rendered":"<p>[et_pb_section fb_built=\u00a0\u00bb1&Prime; admin_label=\u00a0\u00bbsection\u00a0\u00bb _builder_version=\u00a0\u00bb4.16&Prime; custom_padding=\u00a0\u00bb9px|||||\u00a0\u00bb global_colors_info=\u00a0\u00bb{}\u00a0\u00bb][et_pb_row admin_label=\u00a0\u00bbrang\u00e9e\u00a0\u00bb _builder_version=\u00a0\u00bb4.16&Prime; background_size=\u00a0\u00bbinitial\u00a0\u00bb background_position=\u00a0\u00bbtop_left\u00a0\u00bb background_repeat=\u00a0\u00bbrepeat\u00a0\u00bb custom_padding=\u00a0\u00bb11px|||||\u00a0\u00bb global_colors_info=\u00a0\u00bb{}\u00a0\u00bb][et_pb_column type=\u00a0\u00bb4_4&Prime; _builder_version=\u00a0\u00bb4.16&Prime; custom_padding=\u00a0\u00bb|||\u00a0\u00bb global_colors_info=\u00a0\u00bb{}\u00a0\u00bb custom_padding__hover=\u00a0\u00bb|||\u00a0\u00bb][et_pb_text _builder_version=\u00a0\u00bb4.27.4&Prime; _module_preset=\u00a0\u00bbdefault\u00a0\u00bb global_colors_info=\u00a0\u00bb{}\u00a0\u00bb]<\/p>\n<p>La conf\u00e9rence annuelle organis\u00e9e par la Commission europ\u00e9enne (DG MOVE) du 30 septembre au 2 octobre \u00e0 Vilnius a rassembl\u00e9 des d\u00e9cideurs publics, des experts et des repr\u00e9sentants r\u00e9gionaux pour discuter des n\u0153uds urbains, du v\u00e9lo et des transports publics. La deuxi\u00e8me journ\u00e9e a \u00e9t\u00e9 consacr\u00e9e \u00e0 la mobilit\u00e9 des cyclistes. <\/p>\n<p>La Fondation transpyr\u00e9n\u00e9enne a suivi les diff\u00e9rentes sessions organis\u00e9es. Parmi toutes les informations transmises, nous pouvons souligner les suivantes : <\/p>\n<ul>\n<li>Le Fonds social pour le climat semble \u00eatre le prochain cadre de financement pour les infrastructures cyclables et le soutien \u00e0 l&rsquo;achat de v\u00e9los \u00e9lectriques \u00e0 partir de 2027. REMARQUE : le Plan social pour le climat du gouvernement espagnol vise \u00e0 r\u00e9duire la pauvret\u00e9 dans les transports. Il fait actuellement l&rsquo;objet d&rsquo;une consultation publique.  <\/li>\n<li>Les bicyclettes peuvent jouer un r\u00f4le humanitaire tr\u00e8s important dans les situations de conflit. Le projet Bikes for Ukraine en t\u00e9moigne. <\/li>\n<li>Le portefeuille d&rsquo;identit\u00e9 num\u00e9rique de l&rsquo;UE jouera un r\u00f4le important dans les questions de mobilit\u00e9 : paiements sans contact, acc\u00e8s aux zones \u00e0 faibles \u00e9missions, certificats num\u00e9riques, authentification s\u00e9curis\u00e9e et mobilit\u00e9 active. NOTE : Associ\u00e9 \u00e0 un v\u00e9hicule de transport de marchandises, il peut \u00e9galement avoir des applications multiples (par exemple, des r\u00e9ductions pour faibles \u00e9missions). <\/li>\n<\/ul>\n<p>[\/et_pb_text][\/et_pb_column][\/et_pb_row][\/et_pb_section]<\/p>\n","protected":false},"excerpt":{"rendered":"<p>La conf\u00e9rence annuelle organis\u00e9e par la Commission europ\u00e9enne (DG MOVE) du 30 septembre au 2 octobre \u00e0 Vilnius a rassembl\u00e9 des d\u00e9cideurs publics, des experts [&hellip;]<\/p>\n","protected":false},"author":2,"featured_media":230941,"comment_status":"open","ping_status":"open","sticky":false,"template":"","format":"standard","meta":{"_et_pb_use_builder":"on","_et_pb_old_content":"","_et_gb_content_width":"","footnotes":""},"categories":[10],"tags":[],"class_list":["post-230939","post","type-post","status-publish","format-standard","has-post-thumbnail","hentry","category-non-classe"],"yoast_head":"<!-- This site is optimized with the Yoast SEO plugin v27.4 - https:\/\/yoast.com\/product\/yoast-seo-wordpress\/ -->\n<title>Journ\u00e9es de la mobilit\u00e9 urbaine 2025 : Mobilit\u00e9 cycliste. En ligne. - Transpirenaica<\/title>\n<meta name=\"robots\" content=\"noindex, follow, max-snippet:-1, max-image-preview:large, max-video-preview:-1\" \/>\n<meta property=\"og:locale\" content=\"fr_FR\" \/>\n<meta property=\"og:type\" content=\"article\" \/>\n<meta property=\"og:title\" content=\"Journ\u00e9es de la mobilit\u00e9 urbaine 2025 : Mobilit\u00e9 cycliste. En ligne. - Transpirenaica\" \/>\n<meta property=\"og:description\" content=\"La conf\u00e9rence annuelle organis\u00e9e par la Commission europ\u00e9enne (DG MOVE) du 30 septembre au 2 octobre \u00e0 Vilnius a rassembl\u00e9 des d\u00e9cideurs publics, des experts [&hellip;]\" \/>\n<meta property=\"og:url\" content=\"https:\/\/distracted-northcutt.31-24-154-105.plesk.page\/fr\/journees-de-la-mobilite-urbaine-2025-mobilite-cycliste-en-ligne\/\" \/>\n<meta property=\"og:site_name\" content=\"Transpirenaica\" \/>\n<meta property=\"article:published_time\" content=\"2025-10-02T09:16:08+00:00\" \/>\n<meta property=\"article:modified_time\" content=\"2026-04-15T12:31:13+00:00\" \/>\n<meta property=\"og:image\" content=\"https:\/\/priceless-carson.188-95-114-7.plesk.page\/wp-content\/uploads\/2026\/03\/Urban-Mobility-Days-2025-1.jpg\" \/>\n\t<meta property=\"og:image:width\" content=\"795\" \/>\n\t<meta property=\"og:image:height\" content=\"552\" \/>\n\t<meta property=\"og:image:type\" content=\"image\/jpeg\" \/>\n<meta name=\"author\" content=\"Transpirinaica\" \/>\n<meta name=\"twitter:card\" content=\"summary_large_image\" \/>\n<meta name=\"twitter:label1\" content=\"\u00c9crit par\" \/>\n\t<meta name=\"twitter:data1\" content=\"Transpirinaica\" \/>\n\t<meta name=\"twitter:label2\" content=\"Dur\u00e9e de lecture estim\u00e9e\" \/>\n\t<meta name=\"twitter:data2\" content=\"1 minute\" \/>\n<script type=\"application\/ld+json\" class=\"yoast-schema-graph\">{\"@context\":\"https:\\\/\\\/schema.org\",\"@graph\":[{\"@type\":\"Article\",\"@id\":\"https:\\\/\\\/distracted-northcutt.31-24-154-105.plesk.page\\\/fr\\\/journees-de-la-mobilite-urbaine-2025-mobilite-cycliste-en-ligne\\\/#article\",\"isPartOf\":{\"@id\":\"https:\\\/\\\/distracted-northcutt.31-24-154-105.plesk.page\\\/fr\\\/journees-de-la-mobilite-urbaine-2025-mobilite-cycliste-en-ligne\\\/\"},\"author\":{\"name\":\"Transpirinaica\",\"@id\":\"https:\\\/\\\/distracted-northcutt.31-24-154-105.plesk.page\\\/fr\\\/#\\\/schema\\\/person\\\/bed177a72fa56765778e748fb312d115\"},\"headline\":\"Journ\u00e9es de la mobilit\u00e9 urbaine 2025 : Mobilit\u00e9 cycliste. En ligne.\",\"datePublished\":\"2025-10-02T09:16:08+00:00\",\"dateModified\":\"2026-04-15T12:31:13+00:00\",\"mainEntityOfPage\":{\"@id\":\"https:\\\/\\\/distracted-northcutt.31-24-154-105.plesk.page\\\/fr\\\/journees-de-la-mobilite-urbaine-2025-mobilite-cycliste-en-ligne\\\/\"},\"wordCount\":310,\"commentCount\":0,\"image\":{\"@id\":\"https:\\\/\\\/distracted-northcutt.31-24-154-105.plesk.page\\\/fr\\\/journees-de-la-mobilite-urbaine-2025-mobilite-cycliste-en-ligne\\\/#primaryimage\"},\"thumbnailUrl\":\"https:\\\/\\\/distracted-northcutt.31-24-154-105.plesk.page\\\/wp-content\\\/uploads\\\/2026\\\/03\\\/Urban-Mobility-Days-2025-1.jpg\",\"inLanguage\":\"fr-FR\",\"potentialAction\":[{\"@type\":\"CommentAction\",\"name\":\"Comment\",\"target\":[\"https:\\\/\\\/distracted-northcutt.31-24-154-105.plesk.page\\\/fr\\\/journees-de-la-mobilite-urbaine-2025-mobilite-cycliste-en-ligne\\\/#respond\"]}]},{\"@type\":\"WebPage\",\"@id\":\"https:\\\/\\\/distracted-northcutt.31-24-154-105.plesk.page\\\/fr\\\/journees-de-la-mobilite-urbaine-2025-mobilite-cycliste-en-ligne\\\/\",\"url\":\"https:\\\/\\\/distracted-northcutt.31-24-154-105.plesk.page\\\/fr\\\/journees-de-la-mobilite-urbaine-2025-mobilite-cycliste-en-ligne\\\/\",\"name\":\"Journ\u00e9es de la mobilit\u00e9 urbaine 2025 : Mobilit\u00e9 cycliste. En ligne. - Transpirenaica\",\"isPartOf\":{\"@id\":\"https:\\\/\\\/distracted-northcutt.31-24-154-105.plesk.page\\\/fr\\\/#website\"},\"primaryImageOfPage\":{\"@id\":\"https:\\\/\\\/distracted-northcutt.31-24-154-105.plesk.page\\\/fr\\\/journees-de-la-mobilite-urbaine-2025-mobilite-cycliste-en-ligne\\\/#primaryimage\"},\"image\":{\"@id\":\"https:\\\/\\\/distracted-northcutt.31-24-154-105.plesk.page\\\/fr\\\/journees-de-la-mobilite-urbaine-2025-mobilite-cycliste-en-ligne\\\/#primaryimage\"},\"thumbnailUrl\":\"https:\\\/\\\/distracted-northcutt.31-24-154-105.plesk.page\\\/wp-content\\\/uploads\\\/2026\\\/03\\\/Urban-Mobility-Days-2025-1.jpg\",\"datePublished\":\"2025-10-02T09:16:08+00:00\",\"dateModified\":\"2026-04-15T12:31:13+00:00\",\"author\":{\"@id\":\"https:\\\/\\\/distracted-northcutt.31-24-154-105.plesk.page\\\/fr\\\/#\\\/schema\\\/person\\\/bed177a72fa56765778e748fb312d115\"},\"breadcrumb\":{\"@id\":\"https:\\\/\\\/distracted-northcutt.31-24-154-105.plesk.page\\\/fr\\\/journees-de-la-mobilite-urbaine-2025-mobilite-cycliste-en-ligne\\\/#breadcrumb\"},\"inLanguage\":\"fr-FR\",\"potentialAction\":[{\"@type\":\"ReadAction\",\"target\":[\"https:\\\/\\\/distracted-northcutt.31-24-154-105.plesk.page\\\/fr\\\/journees-de-la-mobilite-urbaine-2025-mobilite-cycliste-en-ligne\\\/\"]}]},{\"@type\":\"ImageObject\",\"inLanguage\":\"fr-FR\",\"@id\":\"https:\\\/\\\/distracted-northcutt.31-24-154-105.plesk.page\\\/fr\\\/journees-de-la-mobilite-urbaine-2025-mobilite-cycliste-en-ligne\\\/#primaryimage\",\"url\":\"https:\\\/\\\/distracted-northcutt.31-24-154-105.plesk.page\\\/wp-content\\\/uploads\\\/2026\\\/03\\\/Urban-Mobility-Days-2025-1.jpg\",\"contentUrl\":\"https:\\\/\\\/distracted-northcutt.31-24-154-105.plesk.page\\\/wp-content\\\/uploads\\\/2026\\\/03\\\/Urban-Mobility-Days-2025-1.jpg\",\"width\":795,\"height\":552},{\"@type\":\"BreadcrumbList\",\"@id\":\"https:\\\/\\\/distracted-northcutt.31-24-154-105.plesk.page\\\/fr\\\/journees-de-la-mobilite-urbaine-2025-mobilite-cycliste-en-ligne\\\/#breadcrumb\",\"itemListElement\":[{\"@type\":\"ListItem\",\"position\":1,\"name\":\"Portada\",\"item\":\"https:\\\/\\\/distracted-northcutt.31-24-154-105.plesk.page\\\/fr\\\/\"},{\"@type\":\"ListItem\",\"position\":2,\"name\":\"Journ\u00e9es de la mobilit\u00e9 urbaine 2025 : Mobilit\u00e9 cycliste. En ligne.\"}]},{\"@type\":\"WebSite\",\"@id\":\"https:\\\/\\\/distracted-northcutt.31-24-154-105.plesk.page\\\/fr\\\/#website\",\"url\":\"https:\\\/\\\/distracted-northcutt.31-24-154-105.plesk.page\\\/fr\\\/\",\"name\":\"Transpirenaica\",\"description\":\"Cooperaci\u00f3n y desarrollo sostenible  en Arag\u00f3n\",\"potentialAction\":[{\"@type\":\"SearchAction\",\"target\":{\"@type\":\"EntryPoint\",\"urlTemplate\":\"https:\\\/\\\/distracted-northcutt.31-24-154-105.plesk.page\\\/fr\\\/?s={search_term_string}\"},\"query-input\":{\"@type\":\"PropertyValueSpecification\",\"valueRequired\":true,\"valueName\":\"search_term_string\"}}],\"inLanguage\":\"fr-FR\"},{\"@type\":\"Person\",\"@id\":\"https:\\\/\\\/distracted-northcutt.31-24-154-105.plesk.page\\\/fr\\\/#\\\/schema\\\/person\\\/bed177a72fa56765778e748fb312d115\",\"name\":\"Transpirinaica\",\"image\":{\"@type\":\"ImageObject\",\"inLanguage\":\"fr-FR\",\"@id\":\"https:\\\/\\\/secure.gravatar.com\\\/avatar\\\/fe35d32b21526b39d15dea6c5d2aa09c1db6c901548f987afe7ac21cea36d758?s=96&d=mm&r=g\",\"url\":\"https:\\\/\\\/secure.gravatar.com\\\/avatar\\\/fe35d32b21526b39d15dea6c5d2aa09c1db6c901548f987afe7ac21cea36d758?s=96&d=mm&r=g\",\"contentUrl\":\"https:\\\/\\\/secure.gravatar.com\\\/avatar\\\/fe35d32b21526b39d15dea6c5d2aa09c1db6c901548f987afe7ac21cea36d758?s=96&d=mm&r=g\",\"caption\":\"Transpirinaica\"},\"url\":\"https:\\\/\\\/distracted-northcutt.31-24-154-105.plesk.page\\\/fr\\\/author\\\/o10mediab\\\/\"}]}<\/script>\n<!-- \/ Yoast SEO plugin. -->","yoast_head_json":{"title":"Journ\u00e9es de la mobilit\u00e9 urbaine 2025 : Mobilit\u00e9 cycliste. En ligne. - Transpirenaica","robots":{"index":"noindex","follow":"follow","max-snippet":"max-snippet:-1","max-image-preview":"max-image-preview:large","max-video-preview":"max-video-preview:-1"},"og_locale":"fr_FR","og_type":"article","og_title":"Journ\u00e9es de la mobilit\u00e9 urbaine 2025 : Mobilit\u00e9 cycliste. En ligne. - Transpirenaica","og_description":"La conf\u00e9rence annuelle organis\u00e9e par la Commission europ\u00e9enne (DG MOVE) du 30 septembre au 2 octobre \u00e0 Vilnius a rassembl\u00e9 des d\u00e9cideurs publics, des experts [&hellip;]","og_url":"https:\/\/distracted-northcutt.31-24-154-105.plesk.page\/fr\/journees-de-la-mobilite-urbaine-2025-mobilite-cycliste-en-ligne\/","og_site_name":"Transpirenaica","article_published_time":"2025-10-02T09:16:08+00:00","article_modified_time":"2026-04-15T12:31:13+00:00","og_image":[{"width":795,"height":552,"url":"https:\/\/priceless-carson.188-95-114-7.plesk.page\/wp-content\/uploads\/2026\/03\/Urban-Mobility-Days-2025-1.jpg","type":"image\/jpeg"}],"author":"Transpirinaica","twitter_card":"summary_large_image","twitter_misc":{"\u00c9crit par":"Transpirinaica","Dur\u00e9e de lecture estim\u00e9e":"1 minute"},"schema":{"@context":"https:\/\/schema.org","@graph":[{"@type":"Article","@id":"https:\/\/distracted-northcutt.31-24-154-105.plesk.page\/fr\/journees-de-la-mobilite-urbaine-2025-mobilite-cycliste-en-ligne\/#article","isPartOf":{"@id":"https:\/\/distracted-northcutt.31-24-154-105.plesk.page\/fr\/journees-de-la-mobilite-urbaine-2025-mobilite-cycliste-en-ligne\/"},"author":{"name":"Transpirinaica","@id":"https:\/\/distracted-northcutt.31-24-154-105.plesk.page\/fr\/#\/schema\/person\/bed177a72fa56765778e748fb312d115"},"headline":"Journ\u00e9es de la mobilit\u00e9 urbaine 2025 : Mobilit\u00e9 cycliste. En ligne.","datePublished":"2025-10-02T09:16:08+00:00","dateModified":"2026-04-15T12:31:13+00:00","mainEntityOfPage":{"@id":"https:\/\/distracted-northcutt.31-24-154-105.plesk.page\/fr\/journees-de-la-mobilite-urbaine-2025-mobilite-cycliste-en-ligne\/"},"wordCount":310,"commentCount":0,"image":{"@id":"https:\/\/distracted-northcutt.31-24-154-105.plesk.page\/fr\/journees-de-la-mobilite-urbaine-2025-mobilite-cycliste-en-ligne\/#primaryimage"},"thumbnailUrl":"https:\/\/distracted-northcutt.31-24-154-105.plesk.page\/wp-content\/uploads\/2026\/03\/Urban-Mobility-Days-2025-1.jpg","inLanguage":"fr-FR","potentialAction":[{"@type":"CommentAction","name":"Comment","target":["https:\/\/distracted-northcutt.31-24-154-105.plesk.page\/fr\/journees-de-la-mobilite-urbaine-2025-mobilite-cycliste-en-ligne\/#respond"]}]},{"@type":"WebPage","@id":"https:\/\/distracted-northcutt.31-24-154-105.plesk.page\/fr\/journees-de-la-mobilite-urbaine-2025-mobilite-cycliste-en-ligne\/","url":"https:\/\/distracted-northcutt.31-24-154-105.plesk.page\/fr\/journees-de-la-mobilite-urbaine-2025-mobilite-cycliste-en-ligne\/","name":"Journ\u00e9es de la mobilit\u00e9 urbaine 2025 : Mobilit\u00e9 cycliste. En ligne. - Transpirenaica","isPartOf":{"@id":"https:\/\/distracted-northcutt.31-24-154-105.plesk.page\/fr\/#website"},"primaryImageOfPage":{"@id":"https:\/\/distracted-northcutt.31-24-154-105.plesk.page\/fr\/journees-de-la-mobilite-urbaine-2025-mobilite-cycliste-en-ligne\/#primaryimage"},"image":{"@id":"https:\/\/distracted-northcutt.31-24-154-105.plesk.page\/fr\/journees-de-la-mobilite-urbaine-2025-mobilite-cycliste-en-ligne\/#primaryimage"},"thumbnailUrl":"https:\/\/distracted-northcutt.31-24-154-105.plesk.page\/wp-content\/uploads\/2026\/03\/Urban-Mobility-Days-2025-1.jpg","datePublished":"2025-10-02T09:16:08+00:00","dateModified":"2026-04-15T12:31:13+00:00","author":{"@id":"https:\/\/distracted-northcutt.31-24-154-105.plesk.page\/fr\/#\/schema\/person\/bed177a72fa56765778e748fb312d115"},"breadcrumb":{"@id":"https:\/\/distracted-northcutt.31-24-154-105.plesk.page\/fr\/journees-de-la-mobilite-urbaine-2025-mobilite-cycliste-en-ligne\/#breadcrumb"},"inLanguage":"fr-FR","potentialAction":[{"@type":"ReadAction","target":["https:\/\/distracted-northcutt.31-24-154-105.plesk.page\/fr\/journees-de-la-mobilite-urbaine-2025-mobilite-cycliste-en-ligne\/"]}]},{"@type":"ImageObject","inLanguage":"fr-FR","@id":"https:\/\/distracted-northcutt.31-24-154-105.plesk.page\/fr\/journees-de-la-mobilite-urbaine-2025-mobilite-cycliste-en-ligne\/#primaryimage","url":"https:\/\/distracted-northcutt.31-24-154-105.plesk.page\/wp-content\/uploads\/2026\/03\/Urban-Mobility-Days-2025-1.jpg","contentUrl":"https:\/\/distracted-northcutt.31-24-154-105.plesk.page\/wp-content\/uploads\/2026\/03\/Urban-Mobility-Days-2025-1.jpg","width":795,"height":552},{"@type":"BreadcrumbList","@id":"https:\/\/distracted-northcutt.31-24-154-105.plesk.page\/fr\/journees-de-la-mobilite-urbaine-2025-mobilite-cycliste-en-ligne\/#breadcrumb","itemListElement":[{"@type":"ListItem","position":1,"name":"Portada","item":"https:\/\/distracted-northcutt.31-24-154-105.plesk.page\/fr\/"},{"@type":"ListItem","position":2,"name":"Journ\u00e9es de la mobilit\u00e9 urbaine 2025 : Mobilit\u00e9 cycliste. En ligne."}]},{"@type":"WebSite","@id":"https:\/\/distracted-northcutt.31-24-154-105.plesk.page\/fr\/#website","url":"https:\/\/distracted-northcutt.31-24-154-105.plesk.page\/fr\/","name":"Transpirenaica","description":"Cooperaci\u00f3n y desarrollo sostenible  en Arag\u00f3n","potentialAction":[{"@type":"SearchAction","target":{"@type":"EntryPoint","urlTemplate":"https:\/\/distracted-northcutt.31-24-154-105.plesk.page\/fr\/?s={search_term_string}"},"query-input":{"@type":"PropertyValueSpecification","valueRequired":true,"valueName":"search_term_string"}}],"inLanguage":"fr-FR"},{"@type":"Person","@id":"https:\/\/distracted-northcutt.31-24-154-105.plesk.page\/fr\/#\/schema\/person\/bed177a72fa56765778e748fb312d115","name":"Transpirinaica","image":{"@type":"ImageObject","inLanguage":"fr-FR","@id":"https:\/\/secure.gravatar.com\/avatar\/fe35d32b21526b39d15dea6c5d2aa09c1db6c901548f987afe7ac21cea36d758?s=96&d=mm&r=g","url":"https:\/\/secure.gravatar.com\/avatar\/fe35d32b21526b39d15dea6c5d2aa09c1db6c901548f987afe7ac21cea36d758?s=96&d=mm&r=g","contentUrl":"https:\/\/secure.gravatar.com\/avatar\/fe35d32b21526b39d15dea6c5d2aa09c1db6c901548f987afe7ac21cea36d758?s=96&d=mm&r=g","caption":"Transpirinaica"},"url":"https:\/\/distracted-northcutt.31-24-154-105.plesk.page\/fr\/author\/o10mediab\/"}]}},"_links":{"self":[{"href":"https:\/\/distracted-northcutt.31-24-154-105.plesk.page\/fr\/wp-json\/wp\/v2\/posts\/230939","targetHints":{"allow":["GET"]}}],"collection":[{"href":"https:\/\/distracted-northcutt.31-24-154-105.plesk.page\/fr\/wp-json\/wp\/v2\/posts"}],"about":[{"href":"https:\/\/distracted-northcutt.31-24-154-105.plesk.page\/fr\/wp-json\/wp\/v2\/types\/post"}],"author":[{"embeddable":true,"href":"https:\/\/distracted-northcutt.31-24-154-105.plesk.page\/fr\/wp-json\/wp\/v2\/users\/2"}],"replies":[{"embeddable":true,"href":"https:\/\/distracted-northcutt.31-24-154-105.plesk.page\/fr\/wp-json\/wp\/v2\/comments?post=230939"}],"version-history":[{"count":4,"href":"https:\/\/distracted-northcutt.31-24-154-105.plesk.page\/fr\/wp-json\/wp\/v2\/posts\/230939\/revisions"}],"predecessor-version":[{"id":230953,"href":"https:\/\/distracted-northcutt.31-24-154-105.plesk.page\/fr\/wp-json\/wp\/v2\/posts\/230939\/revisions\/230953"}],"wp:featuredmedia":[{"embeddable":true,"href":"https:\/\/distracted-northcutt.31-24-154-105.plesk.page\/fr\/wp-json\/wp\/v2\/media\/230941"}],"wp:attachment":[{"href":"https:\/\/distracted-northcutt.31-24-154-105.plesk.page\/fr\/wp-json\/wp\/v2\/media?parent=230939"}],"wp:term":[{"taxonomy":"category","embeddable":true,"href":"https:\/\/distracted-northcutt.31-24-154-105.plesk.page\/fr\/wp-json\/wp\/v2\/categories?post=230939"},{"taxonomy":"post_tag","embeddable":true,"href":"https:\/\/distracted-northcutt.31-24-154-105.plesk.page\/fr\/wp-json\/wp\/v2\/tags?post=230939"}],"curies":[{"name":"wp","href":"https:\/\/api.w.org\/{rel}","templated":true}]}}