{"id":230929,"date":"2025-10-25T09:23:13","date_gmt":"2025-10-25T09:23:13","guid":{"rendered":"https:\/\/priceless-carson.188-95-114-7.plesk.page\/les-projets-volver-al-camino-et-risk-rapid-selectionnes-pour-un-financement-du-feder\/"},"modified":"2026-04-15T12:30:52","modified_gmt":"2026-04-15T12:30:52","slug":"les-projets-volver-al-camino-et-risk-rapid-selectionnes-pour-un-financement-du-feder","status":"publish","type":"post","link":"https:\/\/distracted-northcutt.31-24-154-105.plesk.page\/fr\/les-projets-volver-al-camino-et-risk-rapid-selectionnes-pour-un-financement-du-feder\/","title":{"rendered":"Les projets \u00ab\u00a0Volver al Camino\u00a0\u00bb et \u00ab\u00a0Risk Rapid\u00a0\u00bb, s\u00e9lectionn\u00e9s pour un financement du FEDER."},"content":{"rendered":"<p>[et_pb_section fb_built=\u00a0\u00bb1&Prime; admin_label=\u00a0\u00bbsection\u00a0\u00bb _builder_version=\u00a0\u00bb4.16&Prime; custom_padding=\u00a0\u00bb9px|||||\u00a0\u00bb global_colors_info=\u00a0\u00bb{}\u00a0\u00bb][et_pb_row admin_label=\u00a0\u00bbrang\u00e9e\u00a0\u00bb _builder_version=\u00a0\u00bb4.16&Prime; background_size=\u00a0\u00bbinitial\u00a0\u00bb background_position=\u00a0\u00bbtop_left\u00a0\u00bb background_repeat=\u00a0\u00bbrepeat\u00a0\u00bb custom_padding=\u00a0\u00bb11px|||||\u00a0\u00bb global_colors_info=\u00a0\u00bb{}\u00a0\u00bb][et_pb_column type=\u00a0\u00bb4_4&Prime; _builder_version=\u00a0\u00bb4.16&Prime; custom_padding=\u00a0\u00bb|||\u00a0\u00bb global_colors_info=\u00a0\u00bb{}\u00a0\u00bb custom_padding__hover=\u00a0\u00bb|||\u00a0\u00bb][et_pb_text _builder_version=\u00a0\u00bb4.27.4&Prime; _module_preset=\u00a0\u00bbdefault\u00a0\u00bb global_colors_info=\u00a0\u00bb{}\u00a0\u00bb]Les deux projets pr\u00e9sent\u00e9s par le D\u00e9partement des travaux publics au deuxi\u00e8me appel du programme europ\u00e9en POCTEFA 2021-2027 pour la coop\u00e9ration territoriale et la promotion du d\u00e9veloppement durable du territoire frontalier de l&rsquo;Espagne, de la France et de l&rsquo;Andorre ont \u00e9t\u00e9 s\u00e9lectionn\u00e9s pour obtenir 3,41 millions d&rsquo;euros de fonds FEDER.  <\/p>\n<p>Risk Rapid est un projet visant \u00e0 promouvoir l&rsquo;adaptation au changement climatique, la pr\u00e9vention des risques de catastrophes et la r\u00e9silience, en tenant compte des approches bas\u00e9es sur les \u00e9cosyst\u00e8mes. Le minist\u00e8re des Travaux publics est impliqu\u00e9 dans ce projet par l&rsquo;interm\u00e9diaire de la Direction g\u00e9n\u00e9rale des routes et des infrastructures, cofondateur et participant du GECT Pyr\u00e9n\u00e9es-Pyr\u00e9n\u00e9es. <\/p>\n<p>Back to the Way\u00a0\u00bb est un projet qui renforce le r\u00f4le de la culture et du tourisme durable dans le d\u00e9veloppement \u00e9conomique, l&rsquo;inclusion sociale et l&rsquo;innovation sociale, auquel le minist\u00e8re des Travaux publics participe par l&rsquo;interm\u00e9diaire de la direction g\u00e9n\u00e9rale de l&rsquo;urbanisme et de la planification r\u00e9gionale.[\/et_pb_text][\/et_pb_column][\/et_pb_row][\/et_pb_section]<\/p>\n","protected":false},"excerpt":{"rendered":"<p>Les deux projets pr\u00e9sent\u00e9s par le D\u00e9partement des travaux publics au deuxi\u00e8me appel du programme europ\u00e9en POCTEFA 2021-2027 pour la coop\u00e9ration territoriale et la promotion [&hellip;]<\/p>\n","protected":false},"author":2,"featured_media":230930,"comment_status":"open","ping_status":"open","sticky":false,"template":"","format":"standard","meta":{"_et_pb_use_builder":"on","_et_pb_old_content":"","_et_gb_content_width":"","footnotes":""},"categories":[10],"tags":[],"class_list":["post-230929","post","type-post","status-publish","format-standard","has-post-thumbnail","hentry","category-non-classe"],"yoast_head":"<!-- This site is optimized with the Yoast SEO plugin v27.4 - https:\/\/yoast.com\/product\/yoast-seo-wordpress\/ -->\n<title>Les projets &quot;Volver al Camino&quot; et &quot;Risk Rapid&quot;, s\u00e9lectionn\u00e9s pour un financement du FEDER. - Transpirenaica<\/title>\n<meta name=\"robots\" content=\"noindex, follow, max-snippet:-1, max-image-preview:large, max-video-preview:-1\" \/>\n<meta property=\"og:locale\" content=\"fr_FR\" \/>\n<meta property=\"og:type\" content=\"article\" \/>\n<meta property=\"og:title\" content=\"Les projets &quot;Volver al Camino&quot; et &quot;Risk Rapid&quot;, s\u00e9lectionn\u00e9s pour un financement du FEDER. - Transpirenaica\" \/>\n<meta property=\"og:description\" content=\"Les deux projets pr\u00e9sent\u00e9s par le D\u00e9partement des travaux publics au deuxi\u00e8me appel du programme europ\u00e9en POCTEFA 2021-2027 pour la coop\u00e9ration territoriale et la promotion [&hellip;]\" \/>\n<meta property=\"og:url\" content=\"https:\/\/distracted-northcutt.31-24-154-105.plesk.page\/fr\/les-projets-volver-al-camino-et-risk-rapid-selectionnes-pour-un-financement-du-feder\/\" \/>\n<meta property=\"og:site_name\" content=\"Transpirenaica\" \/>\n<meta property=\"article:published_time\" content=\"2025-10-25T09:23:13+00:00\" \/>\n<meta property=\"article:modified_time\" content=\"2026-04-15T12:30:52+00:00\" \/>\n<meta property=\"og:image\" content=\"https:\/\/priceless-carson.188-95-114-7.plesk.page\/wp-content\/uploads\/2026\/03\/proyectos-Volver-al-Camino-Risk-Rapid-1.jpg\" \/>\n\t<meta property=\"og:image:width\" content=\"795\" \/>\n\t<meta property=\"og:image:height\" content=\"552\" \/>\n\t<meta property=\"og:image:type\" content=\"image\/jpeg\" \/>\n<meta name=\"author\" content=\"Transpirinaica\" \/>\n<meta name=\"twitter:card\" content=\"summary_large_image\" \/>\n<meta name=\"twitter:label1\" content=\"\u00c9crit par\" \/>\n\t<meta name=\"twitter:data1\" content=\"Transpirinaica\" \/>\n\t<meta name=\"twitter:label2\" content=\"Dur\u00e9e de lecture estim\u00e9e\" \/>\n\t<meta name=\"twitter:data2\" content=\"1 minute\" \/>\n<script type=\"application\/ld+json\" class=\"yoast-schema-graph\">{\"@context\":\"https:\\\/\\\/schema.org\",\"@graph\":[{\"@type\":\"Article\",\"@id\":\"https:\\\/\\\/distracted-northcutt.31-24-154-105.plesk.page\\\/fr\\\/les-projets-volver-al-camino-et-risk-rapid-selectionnes-pour-un-financement-du-feder\\\/#article\",\"isPartOf\":{\"@id\":\"https:\\\/\\\/distracted-northcutt.31-24-154-105.plesk.page\\\/fr\\\/les-projets-volver-al-camino-et-risk-rapid-selectionnes-pour-un-financement-du-feder\\\/\"},\"author\":{\"name\":\"Transpirinaica\",\"@id\":\"https:\\\/\\\/distracted-northcutt.31-24-154-105.plesk.page\\\/fr\\\/#\\\/schema\\\/person\\\/bed177a72fa56765778e748fb312d115\"},\"headline\":\"Les projets \u00ab\u00a0Volver al Camino\u00a0\u00bb et \u00ab\u00a0Risk Rapid\u00a0\u00bb, s\u00e9lectionn\u00e9s pour un financement du FEDER.\",\"datePublished\":\"2025-10-25T09:23:13+00:00\",\"dateModified\":\"2026-04-15T12:30:52+00:00\",\"mainEntityOfPage\":{\"@id\":\"https:\\\/\\\/distracted-northcutt.31-24-154-105.plesk.page\\\/fr\\\/les-projets-volver-al-camino-et-risk-rapid-selectionnes-pour-un-financement-du-feder\\\/\"},\"wordCount\":283,\"commentCount\":0,\"image\":{\"@id\":\"https:\\\/\\\/distracted-northcutt.31-24-154-105.plesk.page\\\/fr\\\/les-projets-volver-al-camino-et-risk-rapid-selectionnes-pour-un-financement-du-feder\\\/#primaryimage\"},\"thumbnailUrl\":\"https:\\\/\\\/distracted-northcutt.31-24-154-105.plesk.page\\\/wp-content\\\/uploads\\\/2026\\\/03\\\/proyectos-Volver-al-Camino-Risk-Rapid-1.jpg\",\"inLanguage\":\"fr-FR\",\"potentialAction\":[{\"@type\":\"CommentAction\",\"name\":\"Comment\",\"target\":[\"https:\\\/\\\/distracted-northcutt.31-24-154-105.plesk.page\\\/fr\\\/les-projets-volver-al-camino-et-risk-rapid-selectionnes-pour-un-financement-du-feder\\\/#respond\"]}]},{\"@type\":\"WebPage\",\"@id\":\"https:\\\/\\\/distracted-northcutt.31-24-154-105.plesk.page\\\/fr\\\/les-projets-volver-al-camino-et-risk-rapid-selectionnes-pour-un-financement-du-feder\\\/\",\"url\":\"https:\\\/\\\/distracted-northcutt.31-24-154-105.plesk.page\\\/fr\\\/les-projets-volver-al-camino-et-risk-rapid-selectionnes-pour-un-financement-du-feder\\\/\",\"name\":\"Les projets \\\"Volver al Camino\\\" et \\\"Risk Rapid\\\", s\u00e9lectionn\u00e9s pour un financement du FEDER. - Transpirenaica\",\"isPartOf\":{\"@id\":\"https:\\\/\\\/distracted-northcutt.31-24-154-105.plesk.page\\\/fr\\\/#website\"},\"primaryImageOfPage\":{\"@id\":\"https:\\\/\\\/distracted-northcutt.31-24-154-105.plesk.page\\\/fr\\\/les-projets-volver-al-camino-et-risk-rapid-selectionnes-pour-un-financement-du-feder\\\/#primaryimage\"},\"image\":{\"@id\":\"https:\\\/\\\/distracted-northcutt.31-24-154-105.plesk.page\\\/fr\\\/les-projets-volver-al-camino-et-risk-rapid-selectionnes-pour-un-financement-du-feder\\\/#primaryimage\"},\"thumbnailUrl\":\"https:\\\/\\\/distracted-northcutt.31-24-154-105.plesk.page\\\/wp-content\\\/uploads\\\/2026\\\/03\\\/proyectos-Volver-al-Camino-Risk-Rapid-1.jpg\",\"datePublished\":\"2025-10-25T09:23:13+00:00\",\"dateModified\":\"2026-04-15T12:30:52+00:00\",\"author\":{\"@id\":\"https:\\\/\\\/distracted-northcutt.31-24-154-105.plesk.page\\\/fr\\\/#\\\/schema\\\/person\\\/bed177a72fa56765778e748fb312d115\"},\"breadcrumb\":{\"@id\":\"https:\\\/\\\/distracted-northcutt.31-24-154-105.plesk.page\\\/fr\\\/les-projets-volver-al-camino-et-risk-rapid-selectionnes-pour-un-financement-du-feder\\\/#breadcrumb\"},\"inLanguage\":\"fr-FR\",\"potentialAction\":[{\"@type\":\"ReadAction\",\"target\":[\"https:\\\/\\\/distracted-northcutt.31-24-154-105.plesk.page\\\/fr\\\/les-projets-volver-al-camino-et-risk-rapid-selectionnes-pour-un-financement-du-feder\\\/\"]}]},{\"@type\":\"ImageObject\",\"inLanguage\":\"fr-FR\",\"@id\":\"https:\\\/\\\/distracted-northcutt.31-24-154-105.plesk.page\\\/fr\\\/les-projets-volver-al-camino-et-risk-rapid-selectionnes-pour-un-financement-du-feder\\\/#primaryimage\",\"url\":\"https:\\\/\\\/distracted-northcutt.31-24-154-105.plesk.page\\\/wp-content\\\/uploads\\\/2026\\\/03\\\/proyectos-Volver-al-Camino-Risk-Rapid-1.jpg\",\"contentUrl\":\"https:\\\/\\\/distracted-northcutt.31-24-154-105.plesk.page\\\/wp-content\\\/uploads\\\/2026\\\/03\\\/proyectos-Volver-al-Camino-Risk-Rapid-1.jpg\",\"width\":795,\"height\":552},{\"@type\":\"BreadcrumbList\",\"@id\":\"https:\\\/\\\/distracted-northcutt.31-24-154-105.plesk.page\\\/fr\\\/les-projets-volver-al-camino-et-risk-rapid-selectionnes-pour-un-financement-du-feder\\\/#breadcrumb\",\"itemListElement\":[{\"@type\":\"ListItem\",\"position\":1,\"name\":\"Portada\",\"item\":\"https:\\\/\\\/distracted-northcutt.31-24-154-105.plesk.page\\\/fr\\\/\"},{\"@type\":\"ListItem\",\"position\":2,\"name\":\"Les projets \u00ab\u00a0Volver al Camino\u00a0\u00bb et \u00ab\u00a0Risk Rapid\u00a0\u00bb, s\u00e9lectionn\u00e9s pour un financement du FEDER.\"}]},{\"@type\":\"WebSite\",\"@id\":\"https:\\\/\\\/distracted-northcutt.31-24-154-105.plesk.page\\\/fr\\\/#website\",\"url\":\"https:\\\/\\\/distracted-northcutt.31-24-154-105.plesk.page\\\/fr\\\/\",\"name\":\"Transpirenaica\",\"description\":\"Cooperaci\u00f3n y desarrollo sostenible  en Arag\u00f3n\",\"potentialAction\":[{\"@type\":\"SearchAction\",\"target\":{\"@type\":\"EntryPoint\",\"urlTemplate\":\"https:\\\/\\\/distracted-northcutt.31-24-154-105.plesk.page\\\/fr\\\/?s={search_term_string}\"},\"query-input\":{\"@type\":\"PropertyValueSpecification\",\"valueRequired\":true,\"valueName\":\"search_term_string\"}}],\"inLanguage\":\"fr-FR\"},{\"@type\":\"Person\",\"@id\":\"https:\\\/\\\/distracted-northcutt.31-24-154-105.plesk.page\\\/fr\\\/#\\\/schema\\\/person\\\/bed177a72fa56765778e748fb312d115\",\"name\":\"Transpirinaica\",\"image\":{\"@type\":\"ImageObject\",\"inLanguage\":\"fr-FR\",\"@id\":\"https:\\\/\\\/secure.gravatar.com\\\/avatar\\\/fe35d32b21526b39d15dea6c5d2aa09c1db6c901548f987afe7ac21cea36d758?s=96&d=mm&r=g\",\"url\":\"https:\\\/\\\/secure.gravatar.com\\\/avatar\\\/fe35d32b21526b39d15dea6c5d2aa09c1db6c901548f987afe7ac21cea36d758?s=96&d=mm&r=g\",\"contentUrl\":\"https:\\\/\\\/secure.gravatar.com\\\/avatar\\\/fe35d32b21526b39d15dea6c5d2aa09c1db6c901548f987afe7ac21cea36d758?s=96&d=mm&r=g\",\"caption\":\"Transpirinaica\"},\"url\":\"https:\\\/\\\/distracted-northcutt.31-24-154-105.plesk.page\\\/fr\\\/author\\\/o10mediab\\\/\"}]}<\/script>\n<!-- \/ Yoast SEO plugin. -->","yoast_head_json":{"title":"Les projets \"Volver al Camino\" et \"Risk Rapid\", s\u00e9lectionn\u00e9s pour un financement du FEDER. - Transpirenaica","robots":{"index":"noindex","follow":"follow","max-snippet":"max-snippet:-1","max-image-preview":"max-image-preview:large","max-video-preview":"max-video-preview:-1"},"og_locale":"fr_FR","og_type":"article","og_title":"Les projets \"Volver al Camino\" et \"Risk Rapid\", s\u00e9lectionn\u00e9s pour un financement du FEDER. - Transpirenaica","og_description":"Les deux projets pr\u00e9sent\u00e9s par le D\u00e9partement des travaux publics au deuxi\u00e8me appel du programme europ\u00e9en POCTEFA 2021-2027 pour la coop\u00e9ration territoriale et la promotion [&hellip;]","og_url":"https:\/\/distracted-northcutt.31-24-154-105.plesk.page\/fr\/les-projets-volver-al-camino-et-risk-rapid-selectionnes-pour-un-financement-du-feder\/","og_site_name":"Transpirenaica","article_published_time":"2025-10-25T09:23:13+00:00","article_modified_time":"2026-04-15T12:30:52+00:00","og_image":[{"width":795,"height":552,"url":"https:\/\/priceless-carson.188-95-114-7.plesk.page\/wp-content\/uploads\/2026\/03\/proyectos-Volver-al-Camino-Risk-Rapid-1.jpg","type":"image\/jpeg"}],"author":"Transpirinaica","twitter_card":"summary_large_image","twitter_misc":{"\u00c9crit par":"Transpirinaica","Dur\u00e9e de lecture estim\u00e9e":"1 minute"},"schema":{"@context":"https:\/\/schema.org","@graph":[{"@type":"Article","@id":"https:\/\/distracted-northcutt.31-24-154-105.plesk.page\/fr\/les-projets-volver-al-camino-et-risk-rapid-selectionnes-pour-un-financement-du-feder\/#article","isPartOf":{"@id":"https:\/\/distracted-northcutt.31-24-154-105.plesk.page\/fr\/les-projets-volver-al-camino-et-risk-rapid-selectionnes-pour-un-financement-du-feder\/"},"author":{"name":"Transpirinaica","@id":"https:\/\/distracted-northcutt.31-24-154-105.plesk.page\/fr\/#\/schema\/person\/bed177a72fa56765778e748fb312d115"},"headline":"Les projets \u00ab\u00a0Volver al Camino\u00a0\u00bb et \u00ab\u00a0Risk Rapid\u00a0\u00bb, s\u00e9lectionn\u00e9s pour un financement du FEDER.","datePublished":"2025-10-25T09:23:13+00:00","dateModified":"2026-04-15T12:30:52+00:00","mainEntityOfPage":{"@id":"https:\/\/distracted-northcutt.31-24-154-105.plesk.page\/fr\/les-projets-volver-al-camino-et-risk-rapid-selectionnes-pour-un-financement-du-feder\/"},"wordCount":283,"commentCount":0,"image":{"@id":"https:\/\/distracted-northcutt.31-24-154-105.plesk.page\/fr\/les-projets-volver-al-camino-et-risk-rapid-selectionnes-pour-un-financement-du-feder\/#primaryimage"},"thumbnailUrl":"https:\/\/distracted-northcutt.31-24-154-105.plesk.page\/wp-content\/uploads\/2026\/03\/proyectos-Volver-al-Camino-Risk-Rapid-1.jpg","inLanguage":"fr-FR","potentialAction":[{"@type":"CommentAction","name":"Comment","target":["https:\/\/distracted-northcutt.31-24-154-105.plesk.page\/fr\/les-projets-volver-al-camino-et-risk-rapid-selectionnes-pour-un-financement-du-feder\/#respond"]}]},{"@type":"WebPage","@id":"https:\/\/distracted-northcutt.31-24-154-105.plesk.page\/fr\/les-projets-volver-al-camino-et-risk-rapid-selectionnes-pour-un-financement-du-feder\/","url":"https:\/\/distracted-northcutt.31-24-154-105.plesk.page\/fr\/les-projets-volver-al-camino-et-risk-rapid-selectionnes-pour-un-financement-du-feder\/","name":"Les projets \"Volver al Camino\" et \"Risk Rapid\", s\u00e9lectionn\u00e9s pour un financement du FEDER. - Transpirenaica","isPartOf":{"@id":"https:\/\/distracted-northcutt.31-24-154-105.plesk.page\/fr\/#website"},"primaryImageOfPage":{"@id":"https:\/\/distracted-northcutt.31-24-154-105.plesk.page\/fr\/les-projets-volver-al-camino-et-risk-rapid-selectionnes-pour-un-financement-du-feder\/#primaryimage"},"image":{"@id":"https:\/\/distracted-northcutt.31-24-154-105.plesk.page\/fr\/les-projets-volver-al-camino-et-risk-rapid-selectionnes-pour-un-financement-du-feder\/#primaryimage"},"thumbnailUrl":"https:\/\/distracted-northcutt.31-24-154-105.plesk.page\/wp-content\/uploads\/2026\/03\/proyectos-Volver-al-Camino-Risk-Rapid-1.jpg","datePublished":"2025-10-25T09:23:13+00:00","dateModified":"2026-04-15T12:30:52+00:00","author":{"@id":"https:\/\/distracted-northcutt.31-24-154-105.plesk.page\/fr\/#\/schema\/person\/bed177a72fa56765778e748fb312d115"},"breadcrumb":{"@id":"https:\/\/distracted-northcutt.31-24-154-105.plesk.page\/fr\/les-projets-volver-al-camino-et-risk-rapid-selectionnes-pour-un-financement-du-feder\/#breadcrumb"},"inLanguage":"fr-FR","potentialAction":[{"@type":"ReadAction","target":["https:\/\/distracted-northcutt.31-24-154-105.plesk.page\/fr\/les-projets-volver-al-camino-et-risk-rapid-selectionnes-pour-un-financement-du-feder\/"]}]},{"@type":"ImageObject","inLanguage":"fr-FR","@id":"https:\/\/distracted-northcutt.31-24-154-105.plesk.page\/fr\/les-projets-volver-al-camino-et-risk-rapid-selectionnes-pour-un-financement-du-feder\/#primaryimage","url":"https:\/\/distracted-northcutt.31-24-154-105.plesk.page\/wp-content\/uploads\/2026\/03\/proyectos-Volver-al-Camino-Risk-Rapid-1.jpg","contentUrl":"https:\/\/distracted-northcutt.31-24-154-105.plesk.page\/wp-content\/uploads\/2026\/03\/proyectos-Volver-al-Camino-Risk-Rapid-1.jpg","width":795,"height":552},{"@type":"BreadcrumbList","@id":"https:\/\/distracted-northcutt.31-24-154-105.plesk.page\/fr\/les-projets-volver-al-camino-et-risk-rapid-selectionnes-pour-un-financement-du-feder\/#breadcrumb","itemListElement":[{"@type":"ListItem","position":1,"name":"Portada","item":"https:\/\/distracted-northcutt.31-24-154-105.plesk.page\/fr\/"},{"@type":"ListItem","position":2,"name":"Les projets \u00ab\u00a0Volver al Camino\u00a0\u00bb et \u00ab\u00a0Risk Rapid\u00a0\u00bb, s\u00e9lectionn\u00e9s pour un financement du FEDER."}]},{"@type":"WebSite","@id":"https:\/\/distracted-northcutt.31-24-154-105.plesk.page\/fr\/#website","url":"https:\/\/distracted-northcutt.31-24-154-105.plesk.page\/fr\/","name":"Transpirenaica","description":"Cooperaci\u00f3n y desarrollo sostenible  en Arag\u00f3n","potentialAction":[{"@type":"SearchAction","target":{"@type":"EntryPoint","urlTemplate":"https:\/\/distracted-northcutt.31-24-154-105.plesk.page\/fr\/?s={search_term_string}"},"query-input":{"@type":"PropertyValueSpecification","valueRequired":true,"valueName":"search_term_string"}}],"inLanguage":"fr-FR"},{"@type":"Person","@id":"https:\/\/distracted-northcutt.31-24-154-105.plesk.page\/fr\/#\/schema\/person\/bed177a72fa56765778e748fb312d115","name":"Transpirinaica","image":{"@type":"ImageObject","inLanguage":"fr-FR","@id":"https:\/\/secure.gravatar.com\/avatar\/fe35d32b21526b39d15dea6c5d2aa09c1db6c901548f987afe7ac21cea36d758?s=96&d=mm&r=g","url":"https:\/\/secure.gravatar.com\/avatar\/fe35d32b21526b39d15dea6c5d2aa09c1db6c901548f987afe7ac21cea36d758?s=96&d=mm&r=g","contentUrl":"https:\/\/secure.gravatar.com\/avatar\/fe35d32b21526b39d15dea6c5d2aa09c1db6c901548f987afe7ac21cea36d758?s=96&d=mm&r=g","caption":"Transpirinaica"},"url":"https:\/\/distracted-northcutt.31-24-154-105.plesk.page\/fr\/author\/o10mediab\/"}]}},"_links":{"self":[{"href":"https:\/\/distracted-northcutt.31-24-154-105.plesk.page\/fr\/wp-json\/wp\/v2\/posts\/230929","targetHints":{"allow":["GET"]}}],"collection":[{"href":"https:\/\/distracted-northcutt.31-24-154-105.plesk.page\/fr\/wp-json\/wp\/v2\/posts"}],"about":[{"href":"https:\/\/distracted-northcutt.31-24-154-105.plesk.page\/fr\/wp-json\/wp\/v2\/types\/post"}],"author":[{"embeddable":true,"href":"https:\/\/distracted-northcutt.31-24-154-105.plesk.page\/fr\/wp-json\/wp\/v2\/users\/2"}],"replies":[{"embeddable":true,"href":"https:\/\/distracted-northcutt.31-24-154-105.plesk.page\/fr\/wp-json\/wp\/v2\/comments?post=230929"}],"version-history":[{"count":4,"href":"https:\/\/distracted-northcutt.31-24-154-105.plesk.page\/fr\/wp-json\/wp\/v2\/posts\/230929\/revisions"}],"predecessor-version":[{"id":230936,"href":"https:\/\/distracted-northcutt.31-24-154-105.plesk.page\/fr\/wp-json\/wp\/v2\/posts\/230929\/revisions\/230936"}],"wp:featuredmedia":[{"embeddable":true,"href":"https:\/\/distracted-northcutt.31-24-154-105.plesk.page\/fr\/wp-json\/wp\/v2\/media\/230930"}],"wp:attachment":[{"href":"https:\/\/distracted-northcutt.31-24-154-105.plesk.page\/fr\/wp-json\/wp\/v2\/media?parent=230929"}],"wp:term":[{"taxonomy":"category","embeddable":true,"href":"https:\/\/distracted-northcutt.31-24-154-105.plesk.page\/fr\/wp-json\/wp\/v2\/categories?post=230929"},{"taxonomy":"post_tag","embeddable":true,"href":"https:\/\/distracted-northcutt.31-24-154-105.plesk.page\/fr\/wp-json\/wp\/v2\/tags?post=230929"}],"curies":[{"name":"wp","href":"https:\/\/api.w.org\/{rel}","templated":true}]}}