{"id":230914,"date":"2026-02-11T10:17:45","date_gmt":"2026-02-11T10:17:45","guid":{"rendered":"https:\/\/priceless-carson.188-95-114-7.plesk.page\/conference-la-connexion-centrale-des-pyrenees\/"},"modified":"2026-04-15T12:30:12","modified_gmt":"2026-04-15T12:30:12","slug":"conference-la-connexion-centrale-des-pyrenees","status":"publish","type":"post","link":"https:\/\/distracted-northcutt.31-24-154-105.plesk.page\/fr\/conference-la-connexion-centrale-des-pyrenees\/","title":{"rendered":"Conf\u00e9rence \u00ab\u00a0La connexion centrale des Pyr\u00e9n\u00e9es\u00a0\u00bb."},"content":{"rendered":"<p>[et_pb_section fb_built=\u00a0\u00bb1&Prime; admin_label=\u00a0\u00bbsection\u00a0\u00bb _builder_version=\u00a0\u00bb4.16&Prime; custom_padding=\u00a0\u00bb9px|||||\u00a0\u00bb global_colors_info=\u00a0\u00bb{}\u00a0\u00bb][et_pb_row admin_label=\u00a0\u00bbrang\u00e9e\u00a0\u00bb _builder_version=\u00a0\u00bb4.16&Prime; background_size=\u00a0\u00bbinitial\u00a0\u00bb background_position=\u00a0\u00bbtop_left\u00a0\u00bb background_repeat=\u00a0\u00bbrepeat\u00a0\u00bb custom_padding=\u00a0\u00bb11px|||||\u00a0\u00bb global_colors_info=\u00a0\u00bb{}\u00a0\u00bb][et_pb_column type=\u00a0\u00bb4_4&Prime; _builder_version=\u00a0\u00bb4.16&Prime; custom_padding=\u00a0\u00bb|||\u00a0\u00bb global_colors_info=\u00a0\u00bb{}\u00a0\u00bb custom_padding__hover=\u00a0\u00bb|||\u00a0\u00bb][et_pb_text _builder_version=\u00a0\u00bb4.27.4&Prime; _module_preset=\u00a0\u00bbdefault\u00a0\u00bb global_colors_info=\u00a0\u00bb{}\u00a0\u00bb]<\/p>\n<h2>Conf\u00e9rence \u00ab\u00a0La connexion centrale des Pyr\u00e9n\u00e9es\u00a0\u00bb, une infrastructure d&rsquo;avenir pour avancer dans le d\u00e9veloppement durable.<\/h2>\n<p>Le Colegio Mayor Universitario Miraflores et la Fondation Ibercaja ont organis\u00e9 une conf\u00e9rence consacr\u00e9e \u00e0 l&rsquo;analyse de la connexion centrale des Pyr\u00e9n\u00e9es.<\/p>\n<p>La r\u00e9union a rassembl\u00e9 des experts techniques, des repr\u00e9sentants politiques, des hommes d&rsquo;affaires et des responsables institutionnels des deux pays afin d&rsquo;examiner, sous diff\u00e9rents angles, les possibilit\u00e9s d&rsquo;am\u00e9lioration de la connexion ferroviaire dans la zone centrale des Pyr\u00e9n\u00e9es. Cette infrastructure est consid\u00e9r\u00e9e comme essentielle pour accro\u00eetre la comp\u00e9titivit\u00e9 \u00e9conomique, am\u00e9liorer la durabilit\u00e9 du transport de marchandises et renforcer la coop\u00e9ration transfrontali\u00e8re. <\/p>\n<p>La conf\u00e9rence comprenait \u00e9galement une analyse de l&rsquo;interconnexion \u00e9lectrique entre l&rsquo;Espagne et la France, un \u00e9l\u00e9ment strat\u00e9gique dans le contexte actuel pour garantir un soutien \u00e9nerg\u00e9tique mutuel en cas de pics de demande, renfor\u00e7ant ainsi la s\u00e9curit\u00e9 et l&rsquo;efficacit\u00e9 des deux syst\u00e8mes.<\/p>\n<p>Le programme \u00e9tait structur\u00e9 en diff\u00e9rentes tables rondes. La premi\u00e8re, intitul\u00e9e \u00ab\u00a0Infrastructures\u00a0\u00bb, a vu la participation d&rsquo;I\u00f1aki Barr\u00f3n de Angoiti, professeur et consultant international en mati\u00e8re ferroviaire, et de Rafael L\u00f3pez Guarga, doyen de l&rsquo;Association des ing\u00e9nieurs civils d&rsquo;Aragon, sous la mod\u00e9ration de Manuel Liedana. <\/p>\n<p>Elle a \u00e9t\u00e9 suivie par la table ronde \u00ab\u00a0Logistique, op\u00e9rations et \u00e9nergie\u00a0\u00bb, avec la participation de Salvador Galve, pr\u00e9sident de corREDores.eu, et de Jos\u00e9 Ignacio Lallana, d\u00e9l\u00e9gu\u00e9 r\u00e9gional de REDEIA, \u00e9galement mod\u00e9r\u00e9e par Manuel Liedana.<\/p>\n<p>La journ\u00e9e a \u00e9galement \u00e9t\u00e9 marqu\u00e9e par un dialogue entre les hauts repr\u00e9sentants des chambres de commerce, avec Jorge Villaroya Greschuhna, pr\u00e9sident de la chambre de commerce de Saragosse, Didier Laporte, pr\u00e9sident de la chambre de commerce de Pau-B\u00e9arn, et Manuel Rodr\u00edguez Chesa, pr\u00e9sident du conseil des chambres d&rsquo;Aragon et de la chambre de commerce de Huesca, anim\u00e9 par Ana Gasc\u00f3n, professeure \u00e0 l&rsquo;universit\u00e9 de Saragosse.<\/p>\n<p>Mar\u00eda Dom\u00ednguez, PDG d&rsquo;Equimodal, Javier Apell\u00e1niz, directeur de TransCanfranc, et Jos\u00e9 V\u00edctor Esteban, directeur de la Fundaci\u00f3n Corell, mod\u00e9r\u00e9s par Jaime Armengol, directeur de Mobility City, ont particip\u00e9 \u00e0 la table ronde \u00ab\u00a0Entreprises et soci\u00e9t\u00e9\u00a0\u00bb.<\/p>\n<p>La c\u00e9r\u00e9monie de cl\u00f4ture a \u00e9t\u00e9 marqu\u00e9e par les interventions institutionnelles de Val\u00e9rie Demangel, Directrice Europe et International de la Communaut\u00e9 d&rsquo;Agglom\u00e9ration Pau B\u00e9arn Pyr\u00e9n\u00e9es, Rosa Serrano, D\u00e9put\u00e9e europ\u00e9enne, Borja Gim\u00e9nez Larraz, D\u00e9put\u00e9 europ\u00e9en et Cristina Garc\u00eda Gracia, D\u00e9l\u00e9gu\u00e9e g\u00e9n\u00e9rale de la Fondation Transpyr\u00e9n\u00e9enne.<\/p>\n<p>Au cours de la conf\u00e9rence, les diff\u00e9rents aspects li\u00e9s \u00e0 la connexion centrale des Pyr\u00e9n\u00e9es ont \u00e9t\u00e9 analys\u00e9s d&rsquo;un point de vue social, \u00e9conomique et technique, \u00e0 travers les contributions des diff\u00e9rents acteurs impliqu\u00e9s. Les participants se sont accord\u00e9s sur la n\u00e9cessit\u00e9 de cette infrastructure strat\u00e9gique, consid\u00e9r\u00e9e comme essentielle pour le d\u00e9veloppement des territoires et pour l&rsquo;am\u00e9lioration de la comp\u00e9titivit\u00e9 et de la durabilit\u00e9 du transport entre les deux pays.   <\/p>\n<p>De m\u00eame, l&rsquo;importance de parvenir \u00e0 un consensus global accompagn\u00e9 d&rsquo;une volont\u00e9 politique claire de la part des \u00c9tats fran\u00e7ais et espagnol d&rsquo;avancer dans sa concr\u00e9tisation a \u00e9galement \u00e9t\u00e9 soulign\u00e9e. \u00c0 cet \u00e9gard, les d\u00e9put\u00e9s europ\u00e9ens participants ont exprim\u00e9 leur soutien et leur engagement en faveur de la promotion de cette infrastructure, en soulignant son caract\u00e8re prioritaire au sein des connexions europ\u00e9ennes et en s&rsquo;engageant \u00e0 d\u00e9fendre l&rsquo;importance de ce projet aupr\u00e8s de la Commission europ\u00e9enne en proposant son inclusion dans la liste des projets d&rsquo;int\u00e9r\u00eat commun \u00e0 dimension transfrontali\u00e8re de la prochaine \u00a0\u00bb Connecting Europe Facility \u00a0\u00bb pour la p\u00e9riode 2028-2034 dans le cadre du nouveau Cadre Financier Pluriannuel (CFP).[\/et_pb_text][\/et_pb_column][\/et_pb_row][\/et_pb_section]<\/p>\n","protected":false},"excerpt":{"rendered":"<p>Conf\u00e9rence \u00ab\u00a0La connexion centrale des Pyr\u00e9n\u00e9es\u00a0\u00bb, une infrastructure d&rsquo;avenir pour avancer dans le d\u00e9veloppement durable. Le Colegio Mayor Universitario Miraflores et la Fondation Ibercaja ont [&hellip;]<\/p>\n","protected":false},"author":2,"featured_media":230916,"comment_status":"open","ping_status":"open","sticky":false,"template":"","format":"standard","meta":{"_et_pb_use_builder":"on","_et_pb_old_content":"","_et_gb_content_width":"","footnotes":""},"categories":[10],"tags":[],"class_list":["post-230914","post","type-post","status-publish","format-standard","has-post-thumbnail","hentry","category-non-classe"],"yoast_head":"<!-- This site is optimized with the Yoast SEO plugin v27.4 - https:\/\/yoast.com\/product\/yoast-seo-wordpress\/ -->\n<title>Conf\u00e9rence &quot;La connexion centrale des Pyr\u00e9n\u00e9es&quot;. - Transpirenaica<\/title>\n<meta name=\"robots\" content=\"noindex, follow, max-snippet:-1, max-image-preview:large, max-video-preview:-1\" \/>\n<meta property=\"og:locale\" content=\"fr_FR\" \/>\n<meta property=\"og:type\" content=\"article\" \/>\n<meta property=\"og:title\" content=\"Conf\u00e9rence &quot;La connexion centrale des Pyr\u00e9n\u00e9es&quot;. - Transpirenaica\" \/>\n<meta property=\"og:description\" content=\"Conf\u00e9rence &quot;La connexion centrale des Pyr\u00e9n\u00e9es&quot;, une infrastructure d&#039;avenir pour avancer dans le d\u00e9veloppement durable. Le Colegio Mayor Universitario Miraflores et la Fondation Ibercaja ont [&hellip;]\" \/>\n<meta property=\"og:url\" content=\"https:\/\/distracted-northcutt.31-24-154-105.plesk.page\/fr\/conference-la-connexion-centrale-des-pyrenees\/\" \/>\n<meta property=\"og:site_name\" content=\"Transpirenaica\" \/>\n<meta property=\"article:published_time\" content=\"2026-02-11T10:17:45+00:00\" \/>\n<meta property=\"article:modified_time\" content=\"2026-04-15T12:30:12+00:00\" \/>\n<meta property=\"og:image\" content=\"https:\/\/priceless-carson.188-95-114-7.plesk.page\/wp-content\/uploads\/2026\/02\/conexion-central-pirineos-1.jpg\" \/>\n\t<meta property=\"og:image:width\" content=\"795\" \/>\n\t<meta property=\"og:image:height\" content=\"552\" \/>\n\t<meta property=\"og:image:type\" content=\"image\/jpeg\" \/>\n<meta name=\"author\" content=\"Transpirinaica\" \/>\n<meta name=\"twitter:card\" content=\"summary_large_image\" \/>\n<meta name=\"twitter:label1\" content=\"\u00c9crit par\" \/>\n\t<meta name=\"twitter:data1\" content=\"Transpirinaica\" \/>\n\t<meta name=\"twitter:label2\" content=\"Dur\u00e9e de lecture estim\u00e9e\" \/>\n\t<meta name=\"twitter:data2\" content=\"4 minutes\" \/>\n<script type=\"application\/ld+json\" class=\"yoast-schema-graph\">{\"@context\":\"https:\\\/\\\/schema.org\",\"@graph\":[{\"@type\":\"Article\",\"@id\":\"https:\\\/\\\/distracted-northcutt.31-24-154-105.plesk.page\\\/fr\\\/conference-la-connexion-centrale-des-pyrenees\\\/#article\",\"isPartOf\":{\"@id\":\"https:\\\/\\\/distracted-northcutt.31-24-154-105.plesk.page\\\/fr\\\/conference-la-connexion-centrale-des-pyrenees\\\/\"},\"author\":{\"name\":\"Transpirinaica\",\"@id\":\"https:\\\/\\\/distracted-northcutt.31-24-154-105.plesk.page\\\/fr\\\/#\\\/schema\\\/person\\\/bed177a72fa56765778e748fb312d115\"},\"headline\":\"Conf\u00e9rence \u00ab\u00a0La connexion centrale des Pyr\u00e9n\u00e9es\u00a0\u00bb.\",\"datePublished\":\"2026-02-11T10:17:45+00:00\",\"dateModified\":\"2026-04-15T12:30:12+00:00\",\"mainEntityOfPage\":{\"@id\":\"https:\\\/\\\/distracted-northcutt.31-24-154-105.plesk.page\\\/fr\\\/conference-la-connexion-centrale-des-pyrenees\\\/\"},\"wordCount\":763,\"commentCount\":0,\"image\":{\"@id\":\"https:\\\/\\\/distracted-northcutt.31-24-154-105.plesk.page\\\/fr\\\/conference-la-connexion-centrale-des-pyrenees\\\/#primaryimage\"},\"thumbnailUrl\":\"https:\\\/\\\/distracted-northcutt.31-24-154-105.plesk.page\\\/wp-content\\\/uploads\\\/2026\\\/02\\\/conexion-central-pirineos-1.jpg\",\"inLanguage\":\"fr-FR\",\"potentialAction\":[{\"@type\":\"CommentAction\",\"name\":\"Comment\",\"target\":[\"https:\\\/\\\/distracted-northcutt.31-24-154-105.plesk.page\\\/fr\\\/conference-la-connexion-centrale-des-pyrenees\\\/#respond\"]}]},{\"@type\":\"WebPage\",\"@id\":\"https:\\\/\\\/distracted-northcutt.31-24-154-105.plesk.page\\\/fr\\\/conference-la-connexion-centrale-des-pyrenees\\\/\",\"url\":\"https:\\\/\\\/distracted-northcutt.31-24-154-105.plesk.page\\\/fr\\\/conference-la-connexion-centrale-des-pyrenees\\\/\",\"name\":\"Conf\u00e9rence \\\"La connexion centrale des Pyr\u00e9n\u00e9es\\\". - Transpirenaica\",\"isPartOf\":{\"@id\":\"https:\\\/\\\/distracted-northcutt.31-24-154-105.plesk.page\\\/fr\\\/#website\"},\"primaryImageOfPage\":{\"@id\":\"https:\\\/\\\/distracted-northcutt.31-24-154-105.plesk.page\\\/fr\\\/conference-la-connexion-centrale-des-pyrenees\\\/#primaryimage\"},\"image\":{\"@id\":\"https:\\\/\\\/distracted-northcutt.31-24-154-105.plesk.page\\\/fr\\\/conference-la-connexion-centrale-des-pyrenees\\\/#primaryimage\"},\"thumbnailUrl\":\"https:\\\/\\\/distracted-northcutt.31-24-154-105.plesk.page\\\/wp-content\\\/uploads\\\/2026\\\/02\\\/conexion-central-pirineos-1.jpg\",\"datePublished\":\"2026-02-11T10:17:45+00:00\",\"dateModified\":\"2026-04-15T12:30:12+00:00\",\"author\":{\"@id\":\"https:\\\/\\\/distracted-northcutt.31-24-154-105.plesk.page\\\/fr\\\/#\\\/schema\\\/person\\\/bed177a72fa56765778e748fb312d115\"},\"breadcrumb\":{\"@id\":\"https:\\\/\\\/distracted-northcutt.31-24-154-105.plesk.page\\\/fr\\\/conference-la-connexion-centrale-des-pyrenees\\\/#breadcrumb\"},\"inLanguage\":\"fr-FR\",\"potentialAction\":[{\"@type\":\"ReadAction\",\"target\":[\"https:\\\/\\\/distracted-northcutt.31-24-154-105.plesk.page\\\/fr\\\/conference-la-connexion-centrale-des-pyrenees\\\/\"]}]},{\"@type\":\"ImageObject\",\"inLanguage\":\"fr-FR\",\"@id\":\"https:\\\/\\\/distracted-northcutt.31-24-154-105.plesk.page\\\/fr\\\/conference-la-connexion-centrale-des-pyrenees\\\/#primaryimage\",\"url\":\"https:\\\/\\\/distracted-northcutt.31-24-154-105.plesk.page\\\/wp-content\\\/uploads\\\/2026\\\/02\\\/conexion-central-pirineos-1.jpg\",\"contentUrl\":\"https:\\\/\\\/distracted-northcutt.31-24-154-105.plesk.page\\\/wp-content\\\/uploads\\\/2026\\\/02\\\/conexion-central-pirineos-1.jpg\",\"width\":795,\"height\":552},{\"@type\":\"BreadcrumbList\",\"@id\":\"https:\\\/\\\/distracted-northcutt.31-24-154-105.plesk.page\\\/fr\\\/conference-la-connexion-centrale-des-pyrenees\\\/#breadcrumb\",\"itemListElement\":[{\"@type\":\"ListItem\",\"position\":1,\"name\":\"Portada\",\"item\":\"https:\\\/\\\/distracted-northcutt.31-24-154-105.plesk.page\\\/fr\\\/\"},{\"@type\":\"ListItem\",\"position\":2,\"name\":\"Conf\u00e9rence \u00ab\u00a0La connexion centrale des Pyr\u00e9n\u00e9es\u00a0\u00bb.\"}]},{\"@type\":\"WebSite\",\"@id\":\"https:\\\/\\\/distracted-northcutt.31-24-154-105.plesk.page\\\/fr\\\/#website\",\"url\":\"https:\\\/\\\/distracted-northcutt.31-24-154-105.plesk.page\\\/fr\\\/\",\"name\":\"Transpirenaica\",\"description\":\"Cooperaci\u00f3n y desarrollo sostenible  en Arag\u00f3n\",\"potentialAction\":[{\"@type\":\"SearchAction\",\"target\":{\"@type\":\"EntryPoint\",\"urlTemplate\":\"https:\\\/\\\/distracted-northcutt.31-24-154-105.plesk.page\\\/fr\\\/?s={search_term_string}\"},\"query-input\":{\"@type\":\"PropertyValueSpecification\",\"valueRequired\":true,\"valueName\":\"search_term_string\"}}],\"inLanguage\":\"fr-FR\"},{\"@type\":\"Person\",\"@id\":\"https:\\\/\\\/distracted-northcutt.31-24-154-105.plesk.page\\\/fr\\\/#\\\/schema\\\/person\\\/bed177a72fa56765778e748fb312d115\",\"name\":\"Transpirinaica\",\"image\":{\"@type\":\"ImageObject\",\"inLanguage\":\"fr-FR\",\"@id\":\"https:\\\/\\\/secure.gravatar.com\\\/avatar\\\/fe35d32b21526b39d15dea6c5d2aa09c1db6c901548f987afe7ac21cea36d758?s=96&d=mm&r=g\",\"url\":\"https:\\\/\\\/secure.gravatar.com\\\/avatar\\\/fe35d32b21526b39d15dea6c5d2aa09c1db6c901548f987afe7ac21cea36d758?s=96&d=mm&r=g\",\"contentUrl\":\"https:\\\/\\\/secure.gravatar.com\\\/avatar\\\/fe35d32b21526b39d15dea6c5d2aa09c1db6c901548f987afe7ac21cea36d758?s=96&d=mm&r=g\",\"caption\":\"Transpirinaica\"},\"url\":\"https:\\\/\\\/distracted-northcutt.31-24-154-105.plesk.page\\\/fr\\\/author\\\/o10mediab\\\/\"}]}<\/script>\n<!-- \/ Yoast SEO plugin. -->","yoast_head_json":{"title":"Conf\u00e9rence \"La connexion centrale des Pyr\u00e9n\u00e9es\". - Transpirenaica","robots":{"index":"noindex","follow":"follow","max-snippet":"max-snippet:-1","max-image-preview":"max-image-preview:large","max-video-preview":"max-video-preview:-1"},"og_locale":"fr_FR","og_type":"article","og_title":"Conf\u00e9rence \"La connexion centrale des Pyr\u00e9n\u00e9es\". - Transpirenaica","og_description":"Conf\u00e9rence \"La connexion centrale des Pyr\u00e9n\u00e9es\", une infrastructure d'avenir pour avancer dans le d\u00e9veloppement durable. Le Colegio Mayor Universitario Miraflores et la Fondation Ibercaja ont [&hellip;]","og_url":"https:\/\/distracted-northcutt.31-24-154-105.plesk.page\/fr\/conference-la-connexion-centrale-des-pyrenees\/","og_site_name":"Transpirenaica","article_published_time":"2026-02-11T10:17:45+00:00","article_modified_time":"2026-04-15T12:30:12+00:00","og_image":[{"width":795,"height":552,"url":"https:\/\/priceless-carson.188-95-114-7.plesk.page\/wp-content\/uploads\/2026\/02\/conexion-central-pirineos-1.jpg","type":"image\/jpeg"}],"author":"Transpirinaica","twitter_card":"summary_large_image","twitter_misc":{"\u00c9crit par":"Transpirinaica","Dur\u00e9e de lecture estim\u00e9e":"4 minutes"},"schema":{"@context":"https:\/\/schema.org","@graph":[{"@type":"Article","@id":"https:\/\/distracted-northcutt.31-24-154-105.plesk.page\/fr\/conference-la-connexion-centrale-des-pyrenees\/#article","isPartOf":{"@id":"https:\/\/distracted-northcutt.31-24-154-105.plesk.page\/fr\/conference-la-connexion-centrale-des-pyrenees\/"},"author":{"name":"Transpirinaica","@id":"https:\/\/distracted-northcutt.31-24-154-105.plesk.page\/fr\/#\/schema\/person\/bed177a72fa56765778e748fb312d115"},"headline":"Conf\u00e9rence \u00ab\u00a0La connexion centrale des Pyr\u00e9n\u00e9es\u00a0\u00bb.","datePublished":"2026-02-11T10:17:45+00:00","dateModified":"2026-04-15T12:30:12+00:00","mainEntityOfPage":{"@id":"https:\/\/distracted-northcutt.31-24-154-105.plesk.page\/fr\/conference-la-connexion-centrale-des-pyrenees\/"},"wordCount":763,"commentCount":0,"image":{"@id":"https:\/\/distracted-northcutt.31-24-154-105.plesk.page\/fr\/conference-la-connexion-centrale-des-pyrenees\/#primaryimage"},"thumbnailUrl":"https:\/\/distracted-northcutt.31-24-154-105.plesk.page\/wp-content\/uploads\/2026\/02\/conexion-central-pirineos-1.jpg","inLanguage":"fr-FR","potentialAction":[{"@type":"CommentAction","name":"Comment","target":["https:\/\/distracted-northcutt.31-24-154-105.plesk.page\/fr\/conference-la-connexion-centrale-des-pyrenees\/#respond"]}]},{"@type":"WebPage","@id":"https:\/\/distracted-northcutt.31-24-154-105.plesk.page\/fr\/conference-la-connexion-centrale-des-pyrenees\/","url":"https:\/\/distracted-northcutt.31-24-154-105.plesk.page\/fr\/conference-la-connexion-centrale-des-pyrenees\/","name":"Conf\u00e9rence \"La connexion centrale des Pyr\u00e9n\u00e9es\". - Transpirenaica","isPartOf":{"@id":"https:\/\/distracted-northcutt.31-24-154-105.plesk.page\/fr\/#website"},"primaryImageOfPage":{"@id":"https:\/\/distracted-northcutt.31-24-154-105.plesk.page\/fr\/conference-la-connexion-centrale-des-pyrenees\/#primaryimage"},"image":{"@id":"https:\/\/distracted-northcutt.31-24-154-105.plesk.page\/fr\/conference-la-connexion-centrale-des-pyrenees\/#primaryimage"},"thumbnailUrl":"https:\/\/distracted-northcutt.31-24-154-105.plesk.page\/wp-content\/uploads\/2026\/02\/conexion-central-pirineos-1.jpg","datePublished":"2026-02-11T10:17:45+00:00","dateModified":"2026-04-15T12:30:12+00:00","author":{"@id":"https:\/\/distracted-northcutt.31-24-154-105.plesk.page\/fr\/#\/schema\/person\/bed177a72fa56765778e748fb312d115"},"breadcrumb":{"@id":"https:\/\/distracted-northcutt.31-24-154-105.plesk.page\/fr\/conference-la-connexion-centrale-des-pyrenees\/#breadcrumb"},"inLanguage":"fr-FR","potentialAction":[{"@type":"ReadAction","target":["https:\/\/distracted-northcutt.31-24-154-105.plesk.page\/fr\/conference-la-connexion-centrale-des-pyrenees\/"]}]},{"@type":"ImageObject","inLanguage":"fr-FR","@id":"https:\/\/distracted-northcutt.31-24-154-105.plesk.page\/fr\/conference-la-connexion-centrale-des-pyrenees\/#primaryimage","url":"https:\/\/distracted-northcutt.31-24-154-105.plesk.page\/wp-content\/uploads\/2026\/02\/conexion-central-pirineos-1.jpg","contentUrl":"https:\/\/distracted-northcutt.31-24-154-105.plesk.page\/wp-content\/uploads\/2026\/02\/conexion-central-pirineos-1.jpg","width":795,"height":552},{"@type":"BreadcrumbList","@id":"https:\/\/distracted-northcutt.31-24-154-105.plesk.page\/fr\/conference-la-connexion-centrale-des-pyrenees\/#breadcrumb","itemListElement":[{"@type":"ListItem","position":1,"name":"Portada","item":"https:\/\/distracted-northcutt.31-24-154-105.plesk.page\/fr\/"},{"@type":"ListItem","position":2,"name":"Conf\u00e9rence \u00ab\u00a0La connexion centrale des Pyr\u00e9n\u00e9es\u00a0\u00bb."}]},{"@type":"WebSite","@id":"https:\/\/distracted-northcutt.31-24-154-105.plesk.page\/fr\/#website","url":"https:\/\/distracted-northcutt.31-24-154-105.plesk.page\/fr\/","name":"Transpirenaica","description":"Cooperaci\u00f3n y desarrollo sostenible  en Arag\u00f3n","potentialAction":[{"@type":"SearchAction","target":{"@type":"EntryPoint","urlTemplate":"https:\/\/distracted-northcutt.31-24-154-105.plesk.page\/fr\/?s={search_term_string}"},"query-input":{"@type":"PropertyValueSpecification","valueRequired":true,"valueName":"search_term_string"}}],"inLanguage":"fr-FR"},{"@type":"Person","@id":"https:\/\/distracted-northcutt.31-24-154-105.plesk.page\/fr\/#\/schema\/person\/bed177a72fa56765778e748fb312d115","name":"Transpirinaica","image":{"@type":"ImageObject","inLanguage":"fr-FR","@id":"https:\/\/secure.gravatar.com\/avatar\/fe35d32b21526b39d15dea6c5d2aa09c1db6c901548f987afe7ac21cea36d758?s=96&d=mm&r=g","url":"https:\/\/secure.gravatar.com\/avatar\/fe35d32b21526b39d15dea6c5d2aa09c1db6c901548f987afe7ac21cea36d758?s=96&d=mm&r=g","contentUrl":"https:\/\/secure.gravatar.com\/avatar\/fe35d32b21526b39d15dea6c5d2aa09c1db6c901548f987afe7ac21cea36d758?s=96&d=mm&r=g","caption":"Transpirinaica"},"url":"https:\/\/distracted-northcutt.31-24-154-105.plesk.page\/fr\/author\/o10mediab\/"}]}},"_links":{"self":[{"href":"https:\/\/distracted-northcutt.31-24-154-105.plesk.page\/fr\/wp-json\/wp\/v2\/posts\/230914","targetHints":{"allow":["GET"]}}],"collection":[{"href":"https:\/\/distracted-northcutt.31-24-154-105.plesk.page\/fr\/wp-json\/wp\/v2\/posts"}],"about":[{"href":"https:\/\/distracted-northcutt.31-24-154-105.plesk.page\/fr\/wp-json\/wp\/v2\/types\/post"}],"author":[{"embeddable":true,"href":"https:\/\/distracted-northcutt.31-24-154-105.plesk.page\/fr\/wp-json\/wp\/v2\/users\/2"}],"replies":[{"embeddable":true,"href":"https:\/\/distracted-northcutt.31-24-154-105.plesk.page\/fr\/wp-json\/wp\/v2\/comments?post=230914"}],"version-history":[{"count":6,"href":"https:\/\/distracted-northcutt.31-24-154-105.plesk.page\/fr\/wp-json\/wp\/v2\/posts\/230914\/revisions"}],"predecessor-version":[{"id":230927,"href":"https:\/\/distracted-northcutt.31-24-154-105.plesk.page\/fr\/wp-json\/wp\/v2\/posts\/230914\/revisions\/230927"}],"wp:featuredmedia":[{"embeddable":true,"href":"https:\/\/distracted-northcutt.31-24-154-105.plesk.page\/fr\/wp-json\/wp\/v2\/media\/230916"}],"wp:attachment":[{"href":"https:\/\/distracted-northcutt.31-24-154-105.plesk.page\/fr\/wp-json\/wp\/v2\/media?parent=230914"}],"wp:term":[{"taxonomy":"category","embeddable":true,"href":"https:\/\/distracted-northcutt.31-24-154-105.plesk.page\/fr\/wp-json\/wp\/v2\/categories?post=230914"},{"taxonomy":"post_tag","embeddable":true,"href":"https:\/\/distracted-northcutt.31-24-154-105.plesk.page\/fr\/wp-json\/wp\/v2\/tags?post=230914"}],"curies":[{"name":"wp","href":"https:\/\/api.w.org\/{rel}","templated":true}]}}