{"id":230906,"date":"2025-11-20T09:34:06","date_gmt":"2025-11-20T09:34:06","guid":{"rendered":"https:\/\/priceless-carson.188-95-114-7.plesk.page\/assemblee-generale-de-la-crpm-barcelone\/"},"modified":"2026-04-15T12:29:59","modified_gmt":"2026-04-15T12:29:59","slug":"assemblee-generale-de-la-crpm-barcelone","status":"publish","type":"post","link":"https:\/\/distracted-northcutt.31-24-154-105.plesk.page\/fr\/assemblee-generale-de-la-crpm-barcelone\/","title":{"rendered":"Assembl\u00e9e g\u00e9n\u00e9rale de la CRPM. Barcelone"},"content":{"rendered":"<p>[et_pb_section fb_built=\u00a0\u00bb1&Prime; admin_label=\u00a0\u00bbsection\u00a0\u00bb _builder_version=\u00a0\u00bb4.16&Prime; custom_padding=\u00a0\u00bb9px|||||\u00a0\u00bb global_colors_info=\u00a0\u00bb{}\u00a0\u00bb][et_pb_row admin_label=\u00a0\u00bbrang\u00e9e\u00a0\u00bb _builder_version=\u00a0\u00bb4.16&Prime; background_size=\u00a0\u00bbinitial\u00a0\u00bb background_position=\u00a0\u00bbtop_left\u00a0\u00bb background_repeat=\u00a0\u00bbrepeat\u00a0\u00bb custom_padding=\u00a0\u00bb11px|||||\u00a0\u00bb global_colors_info=\u00a0\u00bb{}\u00a0\u00bb][et_pb_column type=\u00a0\u00bb4_4&Prime; _builder_version=\u00a0\u00bb4.16&Prime; custom_padding=\u00a0\u00bb|||\u00a0\u00bb global_colors_info=\u00a0\u00bb{}\u00a0\u00bb custom_padding__hover=\u00a0\u00bb|||\u00a0\u00bb][et_pb_text _builder_version=\u00a0\u00bb4.27.4&Prime; _module_preset=\u00a0\u00bbdefault\u00a0\u00bb global_colors_info=\u00a0\u00bb{}\u00a0\u00bb]Le Directeur g\u00e9n\u00e9ral de la Fondation Transpyr\u00e9n\u00e9enne a particip\u00e9 \u00e0 Barcelone \u00e0 l&rsquo;Assembl\u00e9e g\u00e9n\u00e9rale annuelle de la Conf\u00e9rence des R\u00e9gions P\u00e9riph\u00e9riques Maritimes (CRPM).<\/p>\n<p>L&rsquo;\u00e9v\u00e9nement rassemble des r\u00e9gions de toute l&rsquo;Europe pour d\u00e9finir des priorit\u00e9s communes en mati\u00e8re de coh\u00e9sion, de transport, d&rsquo;\u00e9nergie, d&rsquo;affaires maritimes, de voisinage, de transition durable et du futur Cadre Financier Pluriannuel 2028-2034.<\/p>\n<p>Au cours de l&rsquo;\u00e9v\u00e9nement, le rapport d&rsquo;activit\u00e9 2024-2025 de la CRPM a \u00e9t\u00e9 pr\u00e9sent\u00e9, ainsi que le plan d&rsquo;action 2025-2026 sur le climat, l&rsquo;\u00e9nergie, la coh\u00e9sion, les transports, les affaires maritimes et le voisinage.<\/p>\n<p>Deux sessions th\u00e9matiques cl\u00e9s se sont tenues tout au long de la matin\u00e9e : la session 4 sur \u00ab\u00a0La comp\u00e9titivit\u00e9 territoriale et la pr\u00e9paration des territoires au nouveau cycle europ\u00e9en\u00a0\u00bb et la session 5 sur \u00ab\u00a0Le budget de l&rsquo;UE 2028-2034 et les politiques prioritaires de la CRPM\u00a0\u00bb, avec la participation de repr\u00e9sentants du Parlement europ\u00e9en, du Conseil et de r\u00e9gions telles que la Corse.[\/et_pb_text][\/et_pb_column][\/et_pb_row][\/et_pb_section]<\/p>\n","protected":false},"excerpt":{"rendered":"<p>Le Directeur g\u00e9n\u00e9ral de la Fondation Transpyr\u00e9n\u00e9enne a particip\u00e9 \u00e0 Barcelone \u00e0 l&rsquo;Assembl\u00e9e g\u00e9n\u00e9rale annuelle de la Conf\u00e9rence des R\u00e9gions P\u00e9riph\u00e9riques Maritimes (CRPM). L&rsquo;\u00e9v\u00e9nement rassemble [&hellip;]<\/p>\n","protected":false},"author":2,"featured_media":230907,"comment_status":"open","ping_status":"open","sticky":false,"template":"","format":"standard","meta":{"_et_pb_use_builder":"on","_et_pb_old_content":"","_et_gb_content_width":"","footnotes":""},"categories":[10],"tags":[],"class_list":["post-230906","post","type-post","status-publish","format-standard","has-post-thumbnail","hentry","category-non-classe"],"yoast_head":"<!-- This site is optimized with the Yoast SEO plugin v27.4 - https:\/\/yoast.com\/product\/yoast-seo-wordpress\/ -->\n<title>Assembl\u00e9e g\u00e9n\u00e9rale de la CRPM. Barcelone - Transpirenaica<\/title>\n<meta name=\"robots\" content=\"noindex, follow, max-snippet:-1, max-image-preview:large, max-video-preview:-1\" \/>\n<meta property=\"og:locale\" content=\"fr_FR\" \/>\n<meta property=\"og:type\" content=\"article\" \/>\n<meta property=\"og:title\" content=\"Assembl\u00e9e g\u00e9n\u00e9rale de la CRPM. Barcelone - Transpirenaica\" \/>\n<meta property=\"og:description\" content=\"Le Directeur g\u00e9n\u00e9ral de la Fondation Transpyr\u00e9n\u00e9enne a particip\u00e9 \u00e0 Barcelone \u00e0 l&#039;Assembl\u00e9e g\u00e9n\u00e9rale annuelle de la Conf\u00e9rence des R\u00e9gions P\u00e9riph\u00e9riques Maritimes (CRPM). L&#039;\u00e9v\u00e9nement rassemble [&hellip;]\" \/>\n<meta property=\"og:url\" content=\"https:\/\/distracted-northcutt.31-24-154-105.plesk.page\/fr\/assemblee-generale-de-la-crpm-barcelone\/\" \/>\n<meta property=\"og:site_name\" content=\"Transpirenaica\" \/>\n<meta property=\"article:published_time\" content=\"2025-11-20T09:34:06+00:00\" \/>\n<meta property=\"article:modified_time\" content=\"2026-04-15T12:29:59+00:00\" \/>\n<meta property=\"og:image\" content=\"https:\/\/priceless-carson.188-95-114-7.plesk.page\/wp-content\/uploads\/2026\/03\/asamblea-general-crpm-1.jpg\" \/>\n\t<meta property=\"og:image:width\" content=\"795\" \/>\n\t<meta property=\"og:image:height\" content=\"552\" \/>\n\t<meta property=\"og:image:type\" content=\"image\/jpeg\" \/>\n<meta name=\"author\" content=\"Transpirinaica\" \/>\n<meta name=\"twitter:card\" content=\"summary_large_image\" \/>\n<meta name=\"twitter:label1\" content=\"\u00c9crit par\" \/>\n\t<meta name=\"twitter:data1\" content=\"Transpirinaica\" \/>\n\t<meta name=\"twitter:label2\" content=\"Dur\u00e9e de lecture estim\u00e9e\" \/>\n\t<meta name=\"twitter:data2\" content=\"1 minute\" \/>\n<script type=\"application\/ld+json\" class=\"yoast-schema-graph\">{\"@context\":\"https:\\\/\\\/schema.org\",\"@graph\":[{\"@type\":\"Article\",\"@id\":\"https:\\\/\\\/distracted-northcutt.31-24-154-105.plesk.page\\\/fr\\\/assemblee-generale-de-la-crpm-barcelone\\\/#article\",\"isPartOf\":{\"@id\":\"https:\\\/\\\/distracted-northcutt.31-24-154-105.plesk.page\\\/fr\\\/assemblee-generale-de-la-crpm-barcelone\\\/\"},\"author\":{\"name\":\"Transpirinaica\",\"@id\":\"https:\\\/\\\/distracted-northcutt.31-24-154-105.plesk.page\\\/fr\\\/#\\\/schema\\\/person\\\/bed177a72fa56765778e748fb312d115\"},\"headline\":\"Assembl\u00e9e g\u00e9n\u00e9rale de la CRPM. Barcelone\",\"datePublished\":\"2025-11-20T09:34:06+00:00\",\"dateModified\":\"2026-04-15T12:29:59+00:00\",\"mainEntityOfPage\":{\"@id\":\"https:\\\/\\\/distracted-northcutt.31-24-154-105.plesk.page\\\/fr\\\/assemblee-generale-de-la-crpm-barcelone\\\/\"},\"wordCount\":275,\"commentCount\":0,\"image\":{\"@id\":\"https:\\\/\\\/distracted-northcutt.31-24-154-105.plesk.page\\\/fr\\\/assemblee-generale-de-la-crpm-barcelone\\\/#primaryimage\"},\"thumbnailUrl\":\"https:\\\/\\\/distracted-northcutt.31-24-154-105.plesk.page\\\/wp-content\\\/uploads\\\/2026\\\/03\\\/asamblea-general-crpm-1.jpg\",\"inLanguage\":\"fr-FR\",\"potentialAction\":[{\"@type\":\"CommentAction\",\"name\":\"Comment\",\"target\":[\"https:\\\/\\\/distracted-northcutt.31-24-154-105.plesk.page\\\/fr\\\/assemblee-generale-de-la-crpm-barcelone\\\/#respond\"]}]},{\"@type\":\"WebPage\",\"@id\":\"https:\\\/\\\/distracted-northcutt.31-24-154-105.plesk.page\\\/fr\\\/assemblee-generale-de-la-crpm-barcelone\\\/\",\"url\":\"https:\\\/\\\/distracted-northcutt.31-24-154-105.plesk.page\\\/fr\\\/assemblee-generale-de-la-crpm-barcelone\\\/\",\"name\":\"Assembl\u00e9e g\u00e9n\u00e9rale de la CRPM. Barcelone - Transpirenaica\",\"isPartOf\":{\"@id\":\"https:\\\/\\\/distracted-northcutt.31-24-154-105.plesk.page\\\/fr\\\/#website\"},\"primaryImageOfPage\":{\"@id\":\"https:\\\/\\\/distracted-northcutt.31-24-154-105.plesk.page\\\/fr\\\/assemblee-generale-de-la-crpm-barcelone\\\/#primaryimage\"},\"image\":{\"@id\":\"https:\\\/\\\/distracted-northcutt.31-24-154-105.plesk.page\\\/fr\\\/assemblee-generale-de-la-crpm-barcelone\\\/#primaryimage\"},\"thumbnailUrl\":\"https:\\\/\\\/distracted-northcutt.31-24-154-105.plesk.page\\\/wp-content\\\/uploads\\\/2026\\\/03\\\/asamblea-general-crpm-1.jpg\",\"datePublished\":\"2025-11-20T09:34:06+00:00\",\"dateModified\":\"2026-04-15T12:29:59+00:00\",\"author\":{\"@id\":\"https:\\\/\\\/distracted-northcutt.31-24-154-105.plesk.page\\\/fr\\\/#\\\/schema\\\/person\\\/bed177a72fa56765778e748fb312d115\"},\"breadcrumb\":{\"@id\":\"https:\\\/\\\/distracted-northcutt.31-24-154-105.plesk.page\\\/fr\\\/assemblee-generale-de-la-crpm-barcelone\\\/#breadcrumb\"},\"inLanguage\":\"fr-FR\",\"potentialAction\":[{\"@type\":\"ReadAction\",\"target\":[\"https:\\\/\\\/distracted-northcutt.31-24-154-105.plesk.page\\\/fr\\\/assemblee-generale-de-la-crpm-barcelone\\\/\"]}]},{\"@type\":\"ImageObject\",\"inLanguage\":\"fr-FR\",\"@id\":\"https:\\\/\\\/distracted-northcutt.31-24-154-105.plesk.page\\\/fr\\\/assemblee-generale-de-la-crpm-barcelone\\\/#primaryimage\",\"url\":\"https:\\\/\\\/distracted-northcutt.31-24-154-105.plesk.page\\\/wp-content\\\/uploads\\\/2026\\\/03\\\/asamblea-general-crpm-1.jpg\",\"contentUrl\":\"https:\\\/\\\/distracted-northcutt.31-24-154-105.plesk.page\\\/wp-content\\\/uploads\\\/2026\\\/03\\\/asamblea-general-crpm-1.jpg\",\"width\":795,\"height\":552},{\"@type\":\"BreadcrumbList\",\"@id\":\"https:\\\/\\\/distracted-northcutt.31-24-154-105.plesk.page\\\/fr\\\/assemblee-generale-de-la-crpm-barcelone\\\/#breadcrumb\",\"itemListElement\":[{\"@type\":\"ListItem\",\"position\":1,\"name\":\"Portada\",\"item\":\"https:\\\/\\\/distracted-northcutt.31-24-154-105.plesk.page\\\/fr\\\/\"},{\"@type\":\"ListItem\",\"position\":2,\"name\":\"Assembl\u00e9e g\u00e9n\u00e9rale de la CRPM. Barcelone\"}]},{\"@type\":\"WebSite\",\"@id\":\"https:\\\/\\\/distracted-northcutt.31-24-154-105.plesk.page\\\/fr\\\/#website\",\"url\":\"https:\\\/\\\/distracted-northcutt.31-24-154-105.plesk.page\\\/fr\\\/\",\"name\":\"Transpirenaica\",\"description\":\"Cooperaci\u00f3n y desarrollo sostenible  en Arag\u00f3n\",\"potentialAction\":[{\"@type\":\"SearchAction\",\"target\":{\"@type\":\"EntryPoint\",\"urlTemplate\":\"https:\\\/\\\/distracted-northcutt.31-24-154-105.plesk.page\\\/fr\\\/?s={search_term_string}\"},\"query-input\":{\"@type\":\"PropertyValueSpecification\",\"valueRequired\":true,\"valueName\":\"search_term_string\"}}],\"inLanguage\":\"fr-FR\"},{\"@type\":\"Person\",\"@id\":\"https:\\\/\\\/distracted-northcutt.31-24-154-105.plesk.page\\\/fr\\\/#\\\/schema\\\/person\\\/bed177a72fa56765778e748fb312d115\",\"name\":\"Transpirinaica\",\"image\":{\"@type\":\"ImageObject\",\"inLanguage\":\"fr-FR\",\"@id\":\"https:\\\/\\\/secure.gravatar.com\\\/avatar\\\/fe35d32b21526b39d15dea6c5d2aa09c1db6c901548f987afe7ac21cea36d758?s=96&d=mm&r=g\",\"url\":\"https:\\\/\\\/secure.gravatar.com\\\/avatar\\\/fe35d32b21526b39d15dea6c5d2aa09c1db6c901548f987afe7ac21cea36d758?s=96&d=mm&r=g\",\"contentUrl\":\"https:\\\/\\\/secure.gravatar.com\\\/avatar\\\/fe35d32b21526b39d15dea6c5d2aa09c1db6c901548f987afe7ac21cea36d758?s=96&d=mm&r=g\",\"caption\":\"Transpirinaica\"},\"url\":\"https:\\\/\\\/distracted-northcutt.31-24-154-105.plesk.page\\\/fr\\\/author\\\/o10mediab\\\/\"}]}<\/script>\n<!-- \/ Yoast SEO plugin. -->","yoast_head_json":{"title":"Assembl\u00e9e g\u00e9n\u00e9rale de la CRPM. Barcelone - Transpirenaica","robots":{"index":"noindex","follow":"follow","max-snippet":"max-snippet:-1","max-image-preview":"max-image-preview:large","max-video-preview":"max-video-preview:-1"},"og_locale":"fr_FR","og_type":"article","og_title":"Assembl\u00e9e g\u00e9n\u00e9rale de la CRPM. Barcelone - Transpirenaica","og_description":"Le Directeur g\u00e9n\u00e9ral de la Fondation Transpyr\u00e9n\u00e9enne a particip\u00e9 \u00e0 Barcelone \u00e0 l'Assembl\u00e9e g\u00e9n\u00e9rale annuelle de la Conf\u00e9rence des R\u00e9gions P\u00e9riph\u00e9riques Maritimes (CRPM). L'\u00e9v\u00e9nement rassemble [&hellip;]","og_url":"https:\/\/distracted-northcutt.31-24-154-105.plesk.page\/fr\/assemblee-generale-de-la-crpm-barcelone\/","og_site_name":"Transpirenaica","article_published_time":"2025-11-20T09:34:06+00:00","article_modified_time":"2026-04-15T12:29:59+00:00","og_image":[{"width":795,"height":552,"url":"https:\/\/priceless-carson.188-95-114-7.plesk.page\/wp-content\/uploads\/2026\/03\/asamblea-general-crpm-1.jpg","type":"image\/jpeg"}],"author":"Transpirinaica","twitter_card":"summary_large_image","twitter_misc":{"\u00c9crit par":"Transpirinaica","Dur\u00e9e de lecture estim\u00e9e":"1 minute"},"schema":{"@context":"https:\/\/schema.org","@graph":[{"@type":"Article","@id":"https:\/\/distracted-northcutt.31-24-154-105.plesk.page\/fr\/assemblee-generale-de-la-crpm-barcelone\/#article","isPartOf":{"@id":"https:\/\/distracted-northcutt.31-24-154-105.plesk.page\/fr\/assemblee-generale-de-la-crpm-barcelone\/"},"author":{"name":"Transpirinaica","@id":"https:\/\/distracted-northcutt.31-24-154-105.plesk.page\/fr\/#\/schema\/person\/bed177a72fa56765778e748fb312d115"},"headline":"Assembl\u00e9e g\u00e9n\u00e9rale de la CRPM. Barcelone","datePublished":"2025-11-20T09:34:06+00:00","dateModified":"2026-04-15T12:29:59+00:00","mainEntityOfPage":{"@id":"https:\/\/distracted-northcutt.31-24-154-105.plesk.page\/fr\/assemblee-generale-de-la-crpm-barcelone\/"},"wordCount":275,"commentCount":0,"image":{"@id":"https:\/\/distracted-northcutt.31-24-154-105.plesk.page\/fr\/assemblee-generale-de-la-crpm-barcelone\/#primaryimage"},"thumbnailUrl":"https:\/\/distracted-northcutt.31-24-154-105.plesk.page\/wp-content\/uploads\/2026\/03\/asamblea-general-crpm-1.jpg","inLanguage":"fr-FR","potentialAction":[{"@type":"CommentAction","name":"Comment","target":["https:\/\/distracted-northcutt.31-24-154-105.plesk.page\/fr\/assemblee-generale-de-la-crpm-barcelone\/#respond"]}]},{"@type":"WebPage","@id":"https:\/\/distracted-northcutt.31-24-154-105.plesk.page\/fr\/assemblee-generale-de-la-crpm-barcelone\/","url":"https:\/\/distracted-northcutt.31-24-154-105.plesk.page\/fr\/assemblee-generale-de-la-crpm-barcelone\/","name":"Assembl\u00e9e g\u00e9n\u00e9rale de la CRPM. Barcelone - Transpirenaica","isPartOf":{"@id":"https:\/\/distracted-northcutt.31-24-154-105.plesk.page\/fr\/#website"},"primaryImageOfPage":{"@id":"https:\/\/distracted-northcutt.31-24-154-105.plesk.page\/fr\/assemblee-generale-de-la-crpm-barcelone\/#primaryimage"},"image":{"@id":"https:\/\/distracted-northcutt.31-24-154-105.plesk.page\/fr\/assemblee-generale-de-la-crpm-barcelone\/#primaryimage"},"thumbnailUrl":"https:\/\/distracted-northcutt.31-24-154-105.plesk.page\/wp-content\/uploads\/2026\/03\/asamblea-general-crpm-1.jpg","datePublished":"2025-11-20T09:34:06+00:00","dateModified":"2026-04-15T12:29:59+00:00","author":{"@id":"https:\/\/distracted-northcutt.31-24-154-105.plesk.page\/fr\/#\/schema\/person\/bed177a72fa56765778e748fb312d115"},"breadcrumb":{"@id":"https:\/\/distracted-northcutt.31-24-154-105.plesk.page\/fr\/assemblee-generale-de-la-crpm-barcelone\/#breadcrumb"},"inLanguage":"fr-FR","potentialAction":[{"@type":"ReadAction","target":["https:\/\/distracted-northcutt.31-24-154-105.plesk.page\/fr\/assemblee-generale-de-la-crpm-barcelone\/"]}]},{"@type":"ImageObject","inLanguage":"fr-FR","@id":"https:\/\/distracted-northcutt.31-24-154-105.plesk.page\/fr\/assemblee-generale-de-la-crpm-barcelone\/#primaryimage","url":"https:\/\/distracted-northcutt.31-24-154-105.plesk.page\/wp-content\/uploads\/2026\/03\/asamblea-general-crpm-1.jpg","contentUrl":"https:\/\/distracted-northcutt.31-24-154-105.plesk.page\/wp-content\/uploads\/2026\/03\/asamblea-general-crpm-1.jpg","width":795,"height":552},{"@type":"BreadcrumbList","@id":"https:\/\/distracted-northcutt.31-24-154-105.plesk.page\/fr\/assemblee-generale-de-la-crpm-barcelone\/#breadcrumb","itemListElement":[{"@type":"ListItem","position":1,"name":"Portada","item":"https:\/\/distracted-northcutt.31-24-154-105.plesk.page\/fr\/"},{"@type":"ListItem","position":2,"name":"Assembl\u00e9e g\u00e9n\u00e9rale de la CRPM. Barcelone"}]},{"@type":"WebSite","@id":"https:\/\/distracted-northcutt.31-24-154-105.plesk.page\/fr\/#website","url":"https:\/\/distracted-northcutt.31-24-154-105.plesk.page\/fr\/","name":"Transpirenaica","description":"Cooperaci\u00f3n y desarrollo sostenible  en Arag\u00f3n","potentialAction":[{"@type":"SearchAction","target":{"@type":"EntryPoint","urlTemplate":"https:\/\/distracted-northcutt.31-24-154-105.plesk.page\/fr\/?s={search_term_string}"},"query-input":{"@type":"PropertyValueSpecification","valueRequired":true,"valueName":"search_term_string"}}],"inLanguage":"fr-FR"},{"@type":"Person","@id":"https:\/\/distracted-northcutt.31-24-154-105.plesk.page\/fr\/#\/schema\/person\/bed177a72fa56765778e748fb312d115","name":"Transpirinaica","image":{"@type":"ImageObject","inLanguage":"fr-FR","@id":"https:\/\/secure.gravatar.com\/avatar\/fe35d32b21526b39d15dea6c5d2aa09c1db6c901548f987afe7ac21cea36d758?s=96&d=mm&r=g","url":"https:\/\/secure.gravatar.com\/avatar\/fe35d32b21526b39d15dea6c5d2aa09c1db6c901548f987afe7ac21cea36d758?s=96&d=mm&r=g","contentUrl":"https:\/\/secure.gravatar.com\/avatar\/fe35d32b21526b39d15dea6c5d2aa09c1db6c901548f987afe7ac21cea36d758?s=96&d=mm&r=g","caption":"Transpirinaica"},"url":"https:\/\/distracted-northcutt.31-24-154-105.plesk.page\/fr\/author\/o10mediab\/"}]}},"_links":{"self":[{"href":"https:\/\/distracted-northcutt.31-24-154-105.plesk.page\/fr\/wp-json\/wp\/v2\/posts\/230906","targetHints":{"allow":["GET"]}}],"collection":[{"href":"https:\/\/distracted-northcutt.31-24-154-105.plesk.page\/fr\/wp-json\/wp\/v2\/posts"}],"about":[{"href":"https:\/\/distracted-northcutt.31-24-154-105.plesk.page\/fr\/wp-json\/wp\/v2\/types\/post"}],"author":[{"embeddable":true,"href":"https:\/\/distracted-northcutt.31-24-154-105.plesk.page\/fr\/wp-json\/wp\/v2\/users\/2"}],"replies":[{"embeddable":true,"href":"https:\/\/distracted-northcutt.31-24-154-105.plesk.page\/fr\/wp-json\/wp\/v2\/comments?post=230906"}],"version-history":[{"count":2,"href":"https:\/\/distracted-northcutt.31-24-154-105.plesk.page\/fr\/wp-json\/wp\/v2\/posts\/230906\/revisions"}],"predecessor-version":[{"id":230909,"href":"https:\/\/distracted-northcutt.31-24-154-105.plesk.page\/fr\/wp-json\/wp\/v2\/posts\/230906\/revisions\/230909"}],"wp:featuredmedia":[{"embeddable":true,"href":"https:\/\/distracted-northcutt.31-24-154-105.plesk.page\/fr\/wp-json\/wp\/v2\/media\/230907"}],"wp:attachment":[{"href":"https:\/\/distracted-northcutt.31-24-154-105.plesk.page\/fr\/wp-json\/wp\/v2\/media?parent=230906"}],"wp:term":[{"taxonomy":"category","embeddable":true,"href":"https:\/\/distracted-northcutt.31-24-154-105.plesk.page\/fr\/wp-json\/wp\/v2\/categories?post=230906"},{"taxonomy":"post_tag","embeddable":true,"href":"https:\/\/distracted-northcutt.31-24-154-105.plesk.page\/fr\/wp-json\/wp\/v2\/tags?post=230906"}],"curies":[{"name":"wp","href":"https:\/\/api.w.org\/{rel}","templated":true}]}}