{"id":231140,"date":"2026-02-11T10:17:45","date_gmt":"2026-02-11T10:17:45","guid":{"rendered":"https:\/\/priceless-carson.188-95-114-7.plesk.page\/conference-the-central-connection-of-the-pyrenees\/"},"modified":"2026-04-15T12:33:54","modified_gmt":"2026-04-15T12:33:54","slug":"conference-the-central-connection-of-the-pyrenees","status":"publish","type":"post","link":"https:\/\/distracted-northcutt.31-24-154-105.plesk.page\/en\/conference-the-central-connection-of-the-pyrenees\/","title":{"rendered":"Conference &#8220;The central connection of the Pyrenees&#8221;."},"content":{"rendered":"<p>[et_pb_section fb_built=&#8221;1&#8243; admin_label=&#8221;section&#8221; _builder_version=&#8221;4.16&#8243; custom_padding=&#8221;9px|||||&#8221; global_colors_info=&#8221;{}&#8221;][et_pb_row admin_label=&#8221;row&#8221; _builder_version=&#8221;4.16&#8243; background_size=&#8221;initial&#8221; background_position=&#8221;top_left&#8221; background_repeat=&#8221;repeat&#8221; custom_padding=&#8221;11px|||||&#8221; global_colors_info=&#8221;{}&#8221;][et_pb_column type=&#8221;4_4&#8243; _builder_version=&#8221;4.16&#8243; custom_padding=&#8221;|||&#8221; global_colors_info=&#8221;{}&#8221; custom_padding__hover=&#8221;|||&#8221;][et_pb_text _builder_version=&#8221;4.27.4&#8243; _module_preset=&#8221;default&#8221; global_colors_info=&#8221;{}&#8221;]<\/p>\n<h2>Conference &#8220;The central connection of the Pyrenees&#8221;, infrastructure of the future to advance in a sustainable development.<\/h2>\n<p>The Colegio Mayor Universitario Miraflores and the Ibercaja Foundation have organized a conference dedicated to the analysis of the central connection of the Pyrenees.<\/p>\n<p>The meeting brought together technical experts, political representatives, businessmen and institutional leaders from both countries to address, from different perspectives, the opportunities of improving the railroad connection in the central Pyrenees. This infrastructure is considered key to increasing economic competitiveness, improving the sustainability of freight transport and strengthening cross-border cooperation. <\/p>\n<p>In addition, the conference included an analysis of the electricity interconnection between Spain and France, a strategic element in the current context to guarantee mutual energy support in the event of demand peaks, reinforcing the security and efficiency of both systems.<\/p>\n<p>The program was structured in different round tables. The first one, under the title &#8220;Infrastructures&#8221;, counted with the participation of I\u00f1aki Barr\u00f3n de Angoiti, professor and international consultant in railway matters, and Rafael L\u00f3pez Guarga, dean of the Association of Civil Engineers in Arag\u00f3n, moderated by Manuel Liedana. <\/p>\n<p>This was followed by the round table &#8220;Logistics, Operation and Energy&#8221;, with the participation of Salvador Galve, president of corREDores.eu, and Jos\u00e9 Ignacio Lallana, regional delegate of REDEIA, also moderated by Manuel Liedana.<\/p>\n<p>The day also included a dialogue between top representatives of the Chambers of Commerce, with Jorge Villaroya Greschuhna, president of the Zaragoza Chamber of Commerce; Didier Laporte, president of the Pau-B\u00e9arn Chamber of Commerce; and Manuel Rodr\u00edguez Chesa, president of the Aragonese Council of Chambers and of the Huesca Chamber of Commerce, moderated by Ana Gasc\u00f3n, professor at the University of Zaragoza.<\/p>\n<p>Mar\u00eda Dom\u00ednguez, CEO of Equimodal; Javier Apell\u00e1niz, director of TransCanfranc; and Jos\u00e9 V\u00edctor Esteban, director of Fundaci\u00f3n Corell, participated in the round table &#8220;Business and Society&#8221;, moderated by Jaime Armengol, director of Mobility City.<\/p>\n<p>The closing ceremony included institutional interventions by Val\u00e9rie Demangel, Director for Europe and International of the Pau B\u00e9arn Pyr\u00e9n\u00e9es conurbation; Rosa Serrano, Member of the European Parliament; Borja Gim\u00e9nez Larraz, Member of the European Parliament; and Cristina Garc\u00eda Gracia, Managing Director of the Trans-Pyrenees Foundation.<\/p>\n<p>During the conference, the different aspects related to the central connection of the Pyrenees were analyzed from the social, economic and technical perspectives, through the contributions of the different agents involved. The participants agreed on the need for this strategic infrastructure, considered fundamental for the development of the territories and for the improvement of the competitiveness and sustainability of transport between both countries.   <\/p>\n<p>Likewise, the importance of reaching a global consensus accompanied by a clear political will on the part of the French and Spanish States to advance in its materialization was also highlighted. In this sense, the participating MEPs expressed their support and commitment to the promotion of this infrastructure, highlighting its priority nature within the European connections and committing themselves to defend before the European Commission the importance of this project by proposing its inclusion in the list of projects of common interest with a cross-border dimension of the next &#8220;Connecting Europe Facility&#8221; for the period 2028-2034 within the framework of the new Multiannual Financial Framework (MFF).[\/et_pb_text][\/et_pb_column][\/et_pb_row][\/et_pb_section]<\/p>\n","protected":false},"excerpt":{"rendered":"<p>Conference &#8220;The central connection of the Pyrenees&#8221;, infrastructure of the future to advance in a sustainable development. The Colegio Mayor Universitario Miraflores and the Ibercaja [&hellip;]<\/p>\n","protected":false},"author":2,"featured_media":231144,"comment_status":"open","ping_status":"open","sticky":false,"template":"","format":"standard","meta":{"_et_pb_use_builder":"on","_et_pb_old_content":"","_et_gb_content_width":"","footnotes":""},"categories":[1],"tags":[],"class_list":["post-231140","post","type-post","status-publish","format-standard","has-post-thumbnail","hentry","category-sin-categorizar"],"yoast_head":"<!-- This site is optimized with the Yoast SEO plugin v27.4 - https:\/\/yoast.com\/product\/yoast-seo-wordpress\/ -->\n<title>Conference &quot;The central connection of the Pyrenees&quot;. - Transpirenaica<\/title>\n<meta name=\"robots\" content=\"noindex, follow, max-snippet:-1, max-image-preview:large, max-video-preview:-1\" \/>\n<meta property=\"og:locale\" content=\"en_US\" \/>\n<meta property=\"og:type\" content=\"article\" \/>\n<meta property=\"og:title\" content=\"Conference &quot;The central connection of the Pyrenees&quot;. - Transpirenaica\" \/>\n<meta property=\"og:description\" content=\"Conference &quot;The central connection of the Pyrenees&quot;, infrastructure of the future to advance in a sustainable development. The Colegio Mayor Universitario Miraflores and the Ibercaja [&hellip;]\" \/>\n<meta property=\"og:url\" content=\"https:\/\/distracted-northcutt.31-24-154-105.plesk.page\/en\/conference-the-central-connection-of-the-pyrenees\/\" \/>\n<meta property=\"og:site_name\" content=\"Transpirenaica\" \/>\n<meta property=\"article:published_time\" content=\"2026-02-11T10:17:45+00:00\" \/>\n<meta property=\"article:modified_time\" content=\"2026-04-15T12:33:54+00:00\" \/>\n<meta property=\"og:image\" content=\"https:\/\/priceless-carson.188-95-114-7.plesk.page\/wp-content\/uploads\/2026\/02\/conexion-central-pirineos-1.jpg\" \/>\n\t<meta property=\"og:image:width\" content=\"795\" \/>\n\t<meta property=\"og:image:height\" content=\"552\" \/>\n\t<meta property=\"og:image:type\" content=\"image\/jpeg\" \/>\n<meta name=\"author\" content=\"Transpirinaica\" \/>\n<meta name=\"twitter:card\" content=\"summary_large_image\" \/>\n<meta name=\"twitter:label1\" content=\"Written by\" \/>\n\t<meta name=\"twitter:data1\" content=\"Transpirinaica\" \/>\n\t<meta name=\"twitter:label2\" content=\"Est. reading time\" \/>\n\t<meta name=\"twitter:data2\" content=\"3 minutes\" \/>\n<script type=\"application\/ld+json\" class=\"yoast-schema-graph\">{\"@context\":\"https:\\\/\\\/schema.org\",\"@graph\":[{\"@type\":\"Article\",\"@id\":\"https:\\\/\\\/distracted-northcutt.31-24-154-105.plesk.page\\\/en\\\/conference-the-central-connection-of-the-pyrenees\\\/#article\",\"isPartOf\":{\"@id\":\"https:\\\/\\\/distracted-northcutt.31-24-154-105.plesk.page\\\/en\\\/conference-the-central-connection-of-the-pyrenees\\\/\"},\"author\":{\"name\":\"Transpirinaica\",\"@id\":\"https:\\\/\\\/distracted-northcutt.31-24-154-105.plesk.page\\\/en\\\/#\\\/schema\\\/person\\\/bed177a72fa56765778e748fb312d115\"},\"headline\":\"Conference &#8220;The central connection of the Pyrenees&#8221;.\",\"datePublished\":\"2026-02-11T10:17:45+00:00\",\"dateModified\":\"2026-04-15T12:33:54+00:00\",\"mainEntityOfPage\":{\"@id\":\"https:\\\/\\\/distracted-northcutt.31-24-154-105.plesk.page\\\/en\\\/conference-the-central-connection-of-the-pyrenees\\\/\"},\"wordCount\":626,\"commentCount\":0,\"image\":{\"@id\":\"https:\\\/\\\/distracted-northcutt.31-24-154-105.plesk.page\\\/en\\\/conference-the-central-connection-of-the-pyrenees\\\/#primaryimage\"},\"thumbnailUrl\":\"https:\\\/\\\/distracted-northcutt.31-24-154-105.plesk.page\\\/wp-content\\\/uploads\\\/2026\\\/02\\\/conexion-central-pirineos-1.jpg\",\"articleSection\":[\"Sin categorizar\"],\"inLanguage\":\"en-US\",\"potentialAction\":[{\"@type\":\"CommentAction\",\"name\":\"Comment\",\"target\":[\"https:\\\/\\\/distracted-northcutt.31-24-154-105.plesk.page\\\/en\\\/conference-the-central-connection-of-the-pyrenees\\\/#respond\"]}]},{\"@type\":\"WebPage\",\"@id\":\"https:\\\/\\\/distracted-northcutt.31-24-154-105.plesk.page\\\/en\\\/conference-the-central-connection-of-the-pyrenees\\\/\",\"url\":\"https:\\\/\\\/distracted-northcutt.31-24-154-105.plesk.page\\\/en\\\/conference-the-central-connection-of-the-pyrenees\\\/\",\"name\":\"Conference \\\"The central connection of the Pyrenees\\\". - Transpirenaica\",\"isPartOf\":{\"@id\":\"https:\\\/\\\/distracted-northcutt.31-24-154-105.plesk.page\\\/en\\\/#website\"},\"primaryImageOfPage\":{\"@id\":\"https:\\\/\\\/distracted-northcutt.31-24-154-105.plesk.page\\\/en\\\/conference-the-central-connection-of-the-pyrenees\\\/#primaryimage\"},\"image\":{\"@id\":\"https:\\\/\\\/distracted-northcutt.31-24-154-105.plesk.page\\\/en\\\/conference-the-central-connection-of-the-pyrenees\\\/#primaryimage\"},\"thumbnailUrl\":\"https:\\\/\\\/distracted-northcutt.31-24-154-105.plesk.page\\\/wp-content\\\/uploads\\\/2026\\\/02\\\/conexion-central-pirineos-1.jpg\",\"datePublished\":\"2026-02-11T10:17:45+00:00\",\"dateModified\":\"2026-04-15T12:33:54+00:00\",\"author\":{\"@id\":\"https:\\\/\\\/distracted-northcutt.31-24-154-105.plesk.page\\\/en\\\/#\\\/schema\\\/person\\\/bed177a72fa56765778e748fb312d115\"},\"breadcrumb\":{\"@id\":\"https:\\\/\\\/distracted-northcutt.31-24-154-105.plesk.page\\\/en\\\/conference-the-central-connection-of-the-pyrenees\\\/#breadcrumb\"},\"inLanguage\":\"en-US\",\"potentialAction\":[{\"@type\":\"ReadAction\",\"target\":[\"https:\\\/\\\/distracted-northcutt.31-24-154-105.plesk.page\\\/en\\\/conference-the-central-connection-of-the-pyrenees\\\/\"]}]},{\"@type\":\"ImageObject\",\"inLanguage\":\"en-US\",\"@id\":\"https:\\\/\\\/distracted-northcutt.31-24-154-105.plesk.page\\\/en\\\/conference-the-central-connection-of-the-pyrenees\\\/#primaryimage\",\"url\":\"https:\\\/\\\/distracted-northcutt.31-24-154-105.plesk.page\\\/wp-content\\\/uploads\\\/2026\\\/02\\\/conexion-central-pirineos-1.jpg\",\"contentUrl\":\"https:\\\/\\\/distracted-northcutt.31-24-154-105.plesk.page\\\/wp-content\\\/uploads\\\/2026\\\/02\\\/conexion-central-pirineos-1.jpg\",\"width\":795,\"height\":552},{\"@type\":\"BreadcrumbList\",\"@id\":\"https:\\\/\\\/distracted-northcutt.31-24-154-105.plesk.page\\\/en\\\/conference-the-central-connection-of-the-pyrenees\\\/#breadcrumb\",\"itemListElement\":[{\"@type\":\"ListItem\",\"position\":1,\"name\":\"Portada\",\"item\":\"https:\\\/\\\/distracted-northcutt.31-24-154-105.plesk.page\\\/en\\\/\"},{\"@type\":\"ListItem\",\"position\":2,\"name\":\"Conference &#8220;The central connection of the Pyrenees&#8221;.\"}]},{\"@type\":\"WebSite\",\"@id\":\"https:\\\/\\\/distracted-northcutt.31-24-154-105.plesk.page\\\/en\\\/#website\",\"url\":\"https:\\\/\\\/distracted-northcutt.31-24-154-105.plesk.page\\\/en\\\/\",\"name\":\"Transpirenaica\",\"description\":\"Cooperaci\u00f3n y desarrollo sostenible  en Arag\u00f3n\",\"potentialAction\":[{\"@type\":\"SearchAction\",\"target\":{\"@type\":\"EntryPoint\",\"urlTemplate\":\"https:\\\/\\\/distracted-northcutt.31-24-154-105.plesk.page\\\/en\\\/?s={search_term_string}\"},\"query-input\":{\"@type\":\"PropertyValueSpecification\",\"valueRequired\":true,\"valueName\":\"search_term_string\"}}],\"inLanguage\":\"en-US\"},{\"@type\":\"Person\",\"@id\":\"https:\\\/\\\/distracted-northcutt.31-24-154-105.plesk.page\\\/en\\\/#\\\/schema\\\/person\\\/bed177a72fa56765778e748fb312d115\",\"name\":\"Transpirinaica\",\"image\":{\"@type\":\"ImageObject\",\"inLanguage\":\"en-US\",\"@id\":\"https:\\\/\\\/secure.gravatar.com\\\/avatar\\\/fe35d32b21526b39d15dea6c5d2aa09c1db6c901548f987afe7ac21cea36d758?s=96&d=mm&r=g\",\"url\":\"https:\\\/\\\/secure.gravatar.com\\\/avatar\\\/fe35d32b21526b39d15dea6c5d2aa09c1db6c901548f987afe7ac21cea36d758?s=96&d=mm&r=g\",\"contentUrl\":\"https:\\\/\\\/secure.gravatar.com\\\/avatar\\\/fe35d32b21526b39d15dea6c5d2aa09c1db6c901548f987afe7ac21cea36d758?s=96&d=mm&r=g\",\"caption\":\"Transpirinaica\"},\"url\":\"https:\\\/\\\/distracted-northcutt.31-24-154-105.plesk.page\\\/en\\\/author\\\/o10mediab\\\/\"}]}<\/script>\n<!-- \/ Yoast SEO plugin. -->","yoast_head_json":{"title":"Conference \"The central connection of the Pyrenees\". - Transpirenaica","robots":{"index":"noindex","follow":"follow","max-snippet":"max-snippet:-1","max-image-preview":"max-image-preview:large","max-video-preview":"max-video-preview:-1"},"og_locale":"en_US","og_type":"article","og_title":"Conference \"The central connection of the Pyrenees\". - Transpirenaica","og_description":"Conference \"The central connection of the Pyrenees\", infrastructure of the future to advance in a sustainable development. The Colegio Mayor Universitario Miraflores and the Ibercaja [&hellip;]","og_url":"https:\/\/distracted-northcutt.31-24-154-105.plesk.page\/en\/conference-the-central-connection-of-the-pyrenees\/","og_site_name":"Transpirenaica","article_published_time":"2026-02-11T10:17:45+00:00","article_modified_time":"2026-04-15T12:33:54+00:00","og_image":[{"width":795,"height":552,"url":"https:\/\/priceless-carson.188-95-114-7.plesk.page\/wp-content\/uploads\/2026\/02\/conexion-central-pirineos-1.jpg","type":"image\/jpeg"}],"author":"Transpirinaica","twitter_card":"summary_large_image","twitter_misc":{"Written by":"Transpirinaica","Est. reading time":"3 minutes"},"schema":{"@context":"https:\/\/schema.org","@graph":[{"@type":"Article","@id":"https:\/\/distracted-northcutt.31-24-154-105.plesk.page\/en\/conference-the-central-connection-of-the-pyrenees\/#article","isPartOf":{"@id":"https:\/\/distracted-northcutt.31-24-154-105.plesk.page\/en\/conference-the-central-connection-of-the-pyrenees\/"},"author":{"name":"Transpirinaica","@id":"https:\/\/distracted-northcutt.31-24-154-105.plesk.page\/en\/#\/schema\/person\/bed177a72fa56765778e748fb312d115"},"headline":"Conference &#8220;The central connection of the Pyrenees&#8221;.","datePublished":"2026-02-11T10:17:45+00:00","dateModified":"2026-04-15T12:33:54+00:00","mainEntityOfPage":{"@id":"https:\/\/distracted-northcutt.31-24-154-105.plesk.page\/en\/conference-the-central-connection-of-the-pyrenees\/"},"wordCount":626,"commentCount":0,"image":{"@id":"https:\/\/distracted-northcutt.31-24-154-105.plesk.page\/en\/conference-the-central-connection-of-the-pyrenees\/#primaryimage"},"thumbnailUrl":"https:\/\/distracted-northcutt.31-24-154-105.plesk.page\/wp-content\/uploads\/2026\/02\/conexion-central-pirineos-1.jpg","articleSection":["Sin categorizar"],"inLanguage":"en-US","potentialAction":[{"@type":"CommentAction","name":"Comment","target":["https:\/\/distracted-northcutt.31-24-154-105.plesk.page\/en\/conference-the-central-connection-of-the-pyrenees\/#respond"]}]},{"@type":"WebPage","@id":"https:\/\/distracted-northcutt.31-24-154-105.plesk.page\/en\/conference-the-central-connection-of-the-pyrenees\/","url":"https:\/\/distracted-northcutt.31-24-154-105.plesk.page\/en\/conference-the-central-connection-of-the-pyrenees\/","name":"Conference \"The central connection of the Pyrenees\". - Transpirenaica","isPartOf":{"@id":"https:\/\/distracted-northcutt.31-24-154-105.plesk.page\/en\/#website"},"primaryImageOfPage":{"@id":"https:\/\/distracted-northcutt.31-24-154-105.plesk.page\/en\/conference-the-central-connection-of-the-pyrenees\/#primaryimage"},"image":{"@id":"https:\/\/distracted-northcutt.31-24-154-105.plesk.page\/en\/conference-the-central-connection-of-the-pyrenees\/#primaryimage"},"thumbnailUrl":"https:\/\/distracted-northcutt.31-24-154-105.plesk.page\/wp-content\/uploads\/2026\/02\/conexion-central-pirineos-1.jpg","datePublished":"2026-02-11T10:17:45+00:00","dateModified":"2026-04-15T12:33:54+00:00","author":{"@id":"https:\/\/distracted-northcutt.31-24-154-105.plesk.page\/en\/#\/schema\/person\/bed177a72fa56765778e748fb312d115"},"breadcrumb":{"@id":"https:\/\/distracted-northcutt.31-24-154-105.plesk.page\/en\/conference-the-central-connection-of-the-pyrenees\/#breadcrumb"},"inLanguage":"en-US","potentialAction":[{"@type":"ReadAction","target":["https:\/\/distracted-northcutt.31-24-154-105.plesk.page\/en\/conference-the-central-connection-of-the-pyrenees\/"]}]},{"@type":"ImageObject","inLanguage":"en-US","@id":"https:\/\/distracted-northcutt.31-24-154-105.plesk.page\/en\/conference-the-central-connection-of-the-pyrenees\/#primaryimage","url":"https:\/\/distracted-northcutt.31-24-154-105.plesk.page\/wp-content\/uploads\/2026\/02\/conexion-central-pirineos-1.jpg","contentUrl":"https:\/\/distracted-northcutt.31-24-154-105.plesk.page\/wp-content\/uploads\/2026\/02\/conexion-central-pirineos-1.jpg","width":795,"height":552},{"@type":"BreadcrumbList","@id":"https:\/\/distracted-northcutt.31-24-154-105.plesk.page\/en\/conference-the-central-connection-of-the-pyrenees\/#breadcrumb","itemListElement":[{"@type":"ListItem","position":1,"name":"Portada","item":"https:\/\/distracted-northcutt.31-24-154-105.plesk.page\/en\/"},{"@type":"ListItem","position":2,"name":"Conference &#8220;The central connection of the Pyrenees&#8221;."}]},{"@type":"WebSite","@id":"https:\/\/distracted-northcutt.31-24-154-105.plesk.page\/en\/#website","url":"https:\/\/distracted-northcutt.31-24-154-105.plesk.page\/en\/","name":"Transpirenaica","description":"Cooperaci\u00f3n y desarrollo sostenible  en Arag\u00f3n","potentialAction":[{"@type":"SearchAction","target":{"@type":"EntryPoint","urlTemplate":"https:\/\/distracted-northcutt.31-24-154-105.plesk.page\/en\/?s={search_term_string}"},"query-input":{"@type":"PropertyValueSpecification","valueRequired":true,"valueName":"search_term_string"}}],"inLanguage":"en-US"},{"@type":"Person","@id":"https:\/\/distracted-northcutt.31-24-154-105.plesk.page\/en\/#\/schema\/person\/bed177a72fa56765778e748fb312d115","name":"Transpirinaica","image":{"@type":"ImageObject","inLanguage":"en-US","@id":"https:\/\/secure.gravatar.com\/avatar\/fe35d32b21526b39d15dea6c5d2aa09c1db6c901548f987afe7ac21cea36d758?s=96&d=mm&r=g","url":"https:\/\/secure.gravatar.com\/avatar\/fe35d32b21526b39d15dea6c5d2aa09c1db6c901548f987afe7ac21cea36d758?s=96&d=mm&r=g","contentUrl":"https:\/\/secure.gravatar.com\/avatar\/fe35d32b21526b39d15dea6c5d2aa09c1db6c901548f987afe7ac21cea36d758?s=96&d=mm&r=g","caption":"Transpirinaica"},"url":"https:\/\/distracted-northcutt.31-24-154-105.plesk.page\/en\/author\/o10mediab\/"}]}},"_links":{"self":[{"href":"https:\/\/distracted-northcutt.31-24-154-105.plesk.page\/en\/wp-json\/wp\/v2\/posts\/231140","targetHints":{"allow":["GET"]}}],"collection":[{"href":"https:\/\/distracted-northcutt.31-24-154-105.plesk.page\/en\/wp-json\/wp\/v2\/posts"}],"about":[{"href":"https:\/\/distracted-northcutt.31-24-154-105.plesk.page\/en\/wp-json\/wp\/v2\/types\/post"}],"author":[{"embeddable":true,"href":"https:\/\/distracted-northcutt.31-24-154-105.plesk.page\/en\/wp-json\/wp\/v2\/users\/2"}],"replies":[{"embeddable":true,"href":"https:\/\/distracted-northcutt.31-24-154-105.plesk.page\/en\/wp-json\/wp\/v2\/comments?post=231140"}],"version-history":[{"count":1,"href":"https:\/\/distracted-northcutt.31-24-154-105.plesk.page\/en\/wp-json\/wp\/v2\/posts\/231140\/revisions"}],"predecessor-version":[{"id":231148,"href":"https:\/\/distracted-northcutt.31-24-154-105.plesk.page\/en\/wp-json\/wp\/v2\/posts\/231140\/revisions\/231148"}],"wp:featuredmedia":[{"embeddable":true,"href":"https:\/\/distracted-northcutt.31-24-154-105.plesk.page\/en\/wp-json\/wp\/v2\/media\/231144"}],"wp:attachment":[{"href":"https:\/\/distracted-northcutt.31-24-154-105.plesk.page\/en\/wp-json\/wp\/v2\/media?parent=231140"}],"wp:term":[{"taxonomy":"category","embeddable":true,"href":"https:\/\/distracted-northcutt.31-24-154-105.plesk.page\/en\/wp-json\/wp\/v2\/categories?post=231140"},{"taxonomy":"post_tag","embeddable":true,"href":"https:\/\/distracted-northcutt.31-24-154-105.plesk.page\/en\/wp-json\/wp\/v2\/tags?post=231140"}],"curies":[{"name":"wp","href":"https:\/\/api.w.org\/{rel}","templated":true}]}}