{"id":230890,"date":"2025-11-18T09:31:43","date_gmt":"2025-11-18T09:31:43","guid":{"rendered":"https:\/\/priceless-carson.188-95-114-7.plesk.page\/cantabrico-mediterraneo-corridor-zaragoza\/"},"modified":"2026-04-15T12:29:36","modified_gmt":"2026-04-15T12:29:36","slug":"cantabrico-mediterraneo-corridor-zaragoza","status":"publish","type":"post","link":"https:\/\/distracted-northcutt.31-24-154-105.plesk.page\/en\/cantabrico-mediterraneo-corridor-zaragoza\/","title":{"rendered":"CANT\u00c1BRICO -MEDITERR\u00c1NEO CORRIDOR. Zaragoza"},"content":{"rendered":"<p>[et_pb_section fb_built=&#8221;1&#8243; admin_label=&#8221;section&#8221; _builder_version=&#8221;4.16&#8243; custom_padding=&#8221;9px|||||&#8221; global_colors_info=&#8221;{}&#8221;][et_pb_row admin_label=&#8221;row&#8221; _builder_version=&#8221;4.16&#8243; background_size=&#8221;initial&#8221; background_position=&#8221;top_left&#8221; background_repeat=&#8221;repeat&#8221; custom_padding=&#8221;11px|||||&#8221; global_colors_info=&#8221;{}&#8221;][et_pb_column type=&#8221;4_4&#8243; _builder_version=&#8221;4.16&#8243; custom_padding=&#8221;|||&#8221; global_colors_info=&#8221;{}&#8221; custom_padding__hover=&#8221;|||&#8221;][et_pb_text _builder_version=&#8221;4.27.4&#8243; _module_preset=&#8221;default&#8221; global_colors_info=&#8221;{}&#8221;]<\/p>\n<p>On December 18, a conference on the Cantabrian-Mediterranean Corridor was organized by the PERI\u00d3DICO DE ARAG\u00d3N and Prensa Ib\u00e9rica in the Sala de la Corona of the Pignatelli Building.<\/p>\n<p>Institutional authorities from several Autonomous Communities and business representatives agreed on the need to strengthen railway connections and demanded that the central government implement a &#8220;fast, complete and electrified&#8221; line that will increase the competitiveness of companies and provide a backbone for the land it crosses.<\/p>\n<p><strong><a href=\"https:\/\/www.elperiodicodearagon.com\/aragon\/2025\/11\/19\/aragon-aspira-impulsar-proyecto-unico-123894607.html\" target=\"_blank\" rel=\"noopener\">News Peri\u00f3dico de Arag\u00f3n<\/a><\/strong><br \/><strong><a href=\"https:\/\/www.diariodeteruel.es\/teruel\/el-cantabrico-mediterraneo-se-hara-cuando-los-gobiernos-se-comporten-como-si-estuviesen-en-la-oposicion\" target=\"_blank\" rel=\"noopener\">News Diario de Teruel<\/a><\/strong><\/p>\n<p>[\/et_pb_text][\/et_pb_column][\/et_pb_row][\/et_pb_section]<\/p>\n","protected":false},"excerpt":{"rendered":"<p>On December 18, a conference on the Cantabrian-Mediterranean Corridor was organized by the PERI\u00d3DICO DE ARAG\u00d3N and Prensa Ib\u00e9rica in the Sala de la Corona [&hellip;]<\/p>\n","protected":false},"author":2,"featured_media":230891,"comment_status":"open","ping_status":"open","sticky":false,"template":"","format":"standard","meta":{"_et_pb_use_builder":"on","_et_pb_old_content":"","_et_gb_content_width":"","footnotes":""},"categories":[1],"tags":[],"class_list":["post-230890","post","type-post","status-publish","format-standard","has-post-thumbnail","hentry","category-sin-categorizar"],"yoast_head":"<!-- This site is optimized with the Yoast SEO plugin v27.4 - https:\/\/yoast.com\/product\/yoast-seo-wordpress\/ -->\n<title>CANT\u00c1BRICO -MEDITERR\u00c1NEO CORRIDOR. Zaragoza - Transpirenaica<\/title>\n<meta name=\"robots\" content=\"noindex, follow, max-snippet:-1, max-image-preview:large, max-video-preview:-1\" \/>\n<meta property=\"og:locale\" content=\"en_US\" \/>\n<meta property=\"og:type\" content=\"article\" \/>\n<meta property=\"og:title\" content=\"CANT\u00c1BRICO -MEDITERR\u00c1NEO CORRIDOR. Zaragoza - Transpirenaica\" \/>\n<meta property=\"og:description\" content=\"On December 18, a conference on the Cantabrian-Mediterranean Corridor was organized by the PERI\u00d3DICO DE ARAG\u00d3N and Prensa Ib\u00e9rica in the Sala de la Corona [&hellip;]\" \/>\n<meta property=\"og:url\" content=\"https:\/\/distracted-northcutt.31-24-154-105.plesk.page\/en\/cantabrico-mediterraneo-corridor-zaragoza\/\" \/>\n<meta property=\"og:site_name\" content=\"Transpirenaica\" \/>\n<meta property=\"article:published_time\" content=\"2025-11-18T09:31:43+00:00\" \/>\n<meta property=\"article:modified_time\" content=\"2026-04-15T12:29:36+00:00\" \/>\n<meta property=\"og:image\" content=\"https:\/\/priceless-carson.188-95-114-7.plesk.page\/wp-content\/uploads\/2026\/03\/jornada-corredor-1.jpg\" \/>\n\t<meta property=\"og:image:width\" content=\"795\" \/>\n\t<meta property=\"og:image:height\" content=\"552\" \/>\n\t<meta property=\"og:image:type\" content=\"image\/jpeg\" \/>\n<meta name=\"author\" content=\"Transpirinaica\" \/>\n<meta name=\"twitter:card\" content=\"summary_large_image\" \/>\n<meta name=\"twitter:label1\" content=\"Written by\" \/>\n\t<meta name=\"twitter:data1\" content=\"Transpirinaica\" \/>\n\t<meta name=\"twitter:label2\" content=\"Est. reading time\" \/>\n\t<meta name=\"twitter:data2\" content=\"1 minute\" \/>\n<script type=\"application\/ld+json\" class=\"yoast-schema-graph\">{\"@context\":\"https:\\\/\\\/schema.org\",\"@graph\":[{\"@type\":\"Article\",\"@id\":\"https:\\\/\\\/distracted-northcutt.31-24-154-105.plesk.page\\\/en\\\/cantabrico-mediterraneo-corridor-zaragoza\\\/#article\",\"isPartOf\":{\"@id\":\"https:\\\/\\\/distracted-northcutt.31-24-154-105.plesk.page\\\/en\\\/cantabrico-mediterraneo-corridor-zaragoza\\\/\"},\"author\":{\"name\":\"Transpirinaica\",\"@id\":\"https:\\\/\\\/distracted-northcutt.31-24-154-105.plesk.page\\\/en\\\/#\\\/schema\\\/person\\\/bed177a72fa56765778e748fb312d115\"},\"headline\":\"CANT\u00c1BRICO -MEDITERR\u00c1NEO CORRIDOR. Zaragoza\",\"datePublished\":\"2025-11-18T09:31:43+00:00\",\"dateModified\":\"2026-04-15T12:29:36+00:00\",\"mainEntityOfPage\":{\"@id\":\"https:\\\/\\\/distracted-northcutt.31-24-154-105.plesk.page\\\/en\\\/cantabrico-mediterraneo-corridor-zaragoza\\\/\"},\"wordCount\":170,\"commentCount\":0,\"image\":{\"@id\":\"https:\\\/\\\/distracted-northcutt.31-24-154-105.plesk.page\\\/en\\\/cantabrico-mediterraneo-corridor-zaragoza\\\/#primaryimage\"},\"thumbnailUrl\":\"https:\\\/\\\/distracted-northcutt.31-24-154-105.plesk.page\\\/wp-content\\\/uploads\\\/2026\\\/03\\\/jornada-corredor-1.jpg\",\"articleSection\":[\"Sin categorizar\"],\"inLanguage\":\"en-US\",\"potentialAction\":[{\"@type\":\"CommentAction\",\"name\":\"Comment\",\"target\":[\"https:\\\/\\\/distracted-northcutt.31-24-154-105.plesk.page\\\/en\\\/cantabrico-mediterraneo-corridor-zaragoza\\\/#respond\"]}]},{\"@type\":\"WebPage\",\"@id\":\"https:\\\/\\\/distracted-northcutt.31-24-154-105.plesk.page\\\/en\\\/cantabrico-mediterraneo-corridor-zaragoza\\\/\",\"url\":\"https:\\\/\\\/distracted-northcutt.31-24-154-105.plesk.page\\\/en\\\/cantabrico-mediterraneo-corridor-zaragoza\\\/\",\"name\":\"CANT\u00c1BRICO -MEDITERR\u00c1NEO CORRIDOR. Zaragoza - Transpirenaica\",\"isPartOf\":{\"@id\":\"https:\\\/\\\/distracted-northcutt.31-24-154-105.plesk.page\\\/en\\\/#website\"},\"primaryImageOfPage\":{\"@id\":\"https:\\\/\\\/distracted-northcutt.31-24-154-105.plesk.page\\\/en\\\/cantabrico-mediterraneo-corridor-zaragoza\\\/#primaryimage\"},\"image\":{\"@id\":\"https:\\\/\\\/distracted-northcutt.31-24-154-105.plesk.page\\\/en\\\/cantabrico-mediterraneo-corridor-zaragoza\\\/#primaryimage\"},\"thumbnailUrl\":\"https:\\\/\\\/distracted-northcutt.31-24-154-105.plesk.page\\\/wp-content\\\/uploads\\\/2026\\\/03\\\/jornada-corredor-1.jpg\",\"datePublished\":\"2025-11-18T09:31:43+00:00\",\"dateModified\":\"2026-04-15T12:29:36+00:00\",\"author\":{\"@id\":\"https:\\\/\\\/distracted-northcutt.31-24-154-105.plesk.page\\\/en\\\/#\\\/schema\\\/person\\\/bed177a72fa56765778e748fb312d115\"},\"breadcrumb\":{\"@id\":\"https:\\\/\\\/distracted-northcutt.31-24-154-105.plesk.page\\\/en\\\/cantabrico-mediterraneo-corridor-zaragoza\\\/#breadcrumb\"},\"inLanguage\":\"en-US\",\"potentialAction\":[{\"@type\":\"ReadAction\",\"target\":[\"https:\\\/\\\/distracted-northcutt.31-24-154-105.plesk.page\\\/en\\\/cantabrico-mediterraneo-corridor-zaragoza\\\/\"]}]},{\"@type\":\"ImageObject\",\"inLanguage\":\"en-US\",\"@id\":\"https:\\\/\\\/distracted-northcutt.31-24-154-105.plesk.page\\\/en\\\/cantabrico-mediterraneo-corridor-zaragoza\\\/#primaryimage\",\"url\":\"https:\\\/\\\/distracted-northcutt.31-24-154-105.plesk.page\\\/wp-content\\\/uploads\\\/2026\\\/03\\\/jornada-corredor-1.jpg\",\"contentUrl\":\"https:\\\/\\\/distracted-northcutt.31-24-154-105.plesk.page\\\/wp-content\\\/uploads\\\/2026\\\/03\\\/jornada-corredor-1.jpg\",\"width\":795,\"height\":552},{\"@type\":\"BreadcrumbList\",\"@id\":\"https:\\\/\\\/distracted-northcutt.31-24-154-105.plesk.page\\\/en\\\/cantabrico-mediterraneo-corridor-zaragoza\\\/#breadcrumb\",\"itemListElement\":[{\"@type\":\"ListItem\",\"position\":1,\"name\":\"Portada\",\"item\":\"https:\\\/\\\/distracted-northcutt.31-24-154-105.plesk.page\\\/en\\\/\"},{\"@type\":\"ListItem\",\"position\":2,\"name\":\"CANT\u00c1BRICO -MEDITERR\u00c1NEO CORRIDOR. Zaragoza\"}]},{\"@type\":\"WebSite\",\"@id\":\"https:\\\/\\\/distracted-northcutt.31-24-154-105.plesk.page\\\/en\\\/#website\",\"url\":\"https:\\\/\\\/distracted-northcutt.31-24-154-105.plesk.page\\\/en\\\/\",\"name\":\"Transpirenaica\",\"description\":\"Cooperaci\u00f3n y desarrollo sostenible  en Arag\u00f3n\",\"potentialAction\":[{\"@type\":\"SearchAction\",\"target\":{\"@type\":\"EntryPoint\",\"urlTemplate\":\"https:\\\/\\\/distracted-northcutt.31-24-154-105.plesk.page\\\/en\\\/?s={search_term_string}\"},\"query-input\":{\"@type\":\"PropertyValueSpecification\",\"valueRequired\":true,\"valueName\":\"search_term_string\"}}],\"inLanguage\":\"en-US\"},{\"@type\":\"Person\",\"@id\":\"https:\\\/\\\/distracted-northcutt.31-24-154-105.plesk.page\\\/en\\\/#\\\/schema\\\/person\\\/bed177a72fa56765778e748fb312d115\",\"name\":\"Transpirinaica\",\"image\":{\"@type\":\"ImageObject\",\"inLanguage\":\"en-US\",\"@id\":\"https:\\\/\\\/secure.gravatar.com\\\/avatar\\\/fe35d32b21526b39d15dea6c5d2aa09c1db6c901548f987afe7ac21cea36d758?s=96&d=mm&r=g\",\"url\":\"https:\\\/\\\/secure.gravatar.com\\\/avatar\\\/fe35d32b21526b39d15dea6c5d2aa09c1db6c901548f987afe7ac21cea36d758?s=96&d=mm&r=g\",\"contentUrl\":\"https:\\\/\\\/secure.gravatar.com\\\/avatar\\\/fe35d32b21526b39d15dea6c5d2aa09c1db6c901548f987afe7ac21cea36d758?s=96&d=mm&r=g\",\"caption\":\"Transpirinaica\"},\"url\":\"https:\\\/\\\/distracted-northcutt.31-24-154-105.plesk.page\\\/en\\\/author\\\/o10mediab\\\/\"}]}<\/script>\n<!-- \/ Yoast SEO plugin. -->","yoast_head_json":{"title":"CANT\u00c1BRICO -MEDITERR\u00c1NEO CORRIDOR. Zaragoza - Transpirenaica","robots":{"index":"noindex","follow":"follow","max-snippet":"max-snippet:-1","max-image-preview":"max-image-preview:large","max-video-preview":"max-video-preview:-1"},"og_locale":"en_US","og_type":"article","og_title":"CANT\u00c1BRICO -MEDITERR\u00c1NEO CORRIDOR. Zaragoza - Transpirenaica","og_description":"On December 18, a conference on the Cantabrian-Mediterranean Corridor was organized by the PERI\u00d3DICO DE ARAG\u00d3N and Prensa Ib\u00e9rica in the Sala de la Corona [&hellip;]","og_url":"https:\/\/distracted-northcutt.31-24-154-105.plesk.page\/en\/cantabrico-mediterraneo-corridor-zaragoza\/","og_site_name":"Transpirenaica","article_published_time":"2025-11-18T09:31:43+00:00","article_modified_time":"2026-04-15T12:29:36+00:00","og_image":[{"width":795,"height":552,"url":"https:\/\/priceless-carson.188-95-114-7.plesk.page\/wp-content\/uploads\/2026\/03\/jornada-corredor-1.jpg","type":"image\/jpeg"}],"author":"Transpirinaica","twitter_card":"summary_large_image","twitter_misc":{"Written by":"Transpirinaica","Est. reading time":"1 minute"},"schema":{"@context":"https:\/\/schema.org","@graph":[{"@type":"Article","@id":"https:\/\/distracted-northcutt.31-24-154-105.plesk.page\/en\/cantabrico-mediterraneo-corridor-zaragoza\/#article","isPartOf":{"@id":"https:\/\/distracted-northcutt.31-24-154-105.plesk.page\/en\/cantabrico-mediterraneo-corridor-zaragoza\/"},"author":{"name":"Transpirinaica","@id":"https:\/\/distracted-northcutt.31-24-154-105.plesk.page\/en\/#\/schema\/person\/bed177a72fa56765778e748fb312d115"},"headline":"CANT\u00c1BRICO -MEDITERR\u00c1NEO CORRIDOR. Zaragoza","datePublished":"2025-11-18T09:31:43+00:00","dateModified":"2026-04-15T12:29:36+00:00","mainEntityOfPage":{"@id":"https:\/\/distracted-northcutt.31-24-154-105.plesk.page\/en\/cantabrico-mediterraneo-corridor-zaragoza\/"},"wordCount":170,"commentCount":0,"image":{"@id":"https:\/\/distracted-northcutt.31-24-154-105.plesk.page\/en\/cantabrico-mediterraneo-corridor-zaragoza\/#primaryimage"},"thumbnailUrl":"https:\/\/distracted-northcutt.31-24-154-105.plesk.page\/wp-content\/uploads\/2026\/03\/jornada-corredor-1.jpg","articleSection":["Sin categorizar"],"inLanguage":"en-US","potentialAction":[{"@type":"CommentAction","name":"Comment","target":["https:\/\/distracted-northcutt.31-24-154-105.plesk.page\/en\/cantabrico-mediterraneo-corridor-zaragoza\/#respond"]}]},{"@type":"WebPage","@id":"https:\/\/distracted-northcutt.31-24-154-105.plesk.page\/en\/cantabrico-mediterraneo-corridor-zaragoza\/","url":"https:\/\/distracted-northcutt.31-24-154-105.plesk.page\/en\/cantabrico-mediterraneo-corridor-zaragoza\/","name":"CANT\u00c1BRICO -MEDITERR\u00c1NEO CORRIDOR. Zaragoza - Transpirenaica","isPartOf":{"@id":"https:\/\/distracted-northcutt.31-24-154-105.plesk.page\/en\/#website"},"primaryImageOfPage":{"@id":"https:\/\/distracted-northcutt.31-24-154-105.plesk.page\/en\/cantabrico-mediterraneo-corridor-zaragoza\/#primaryimage"},"image":{"@id":"https:\/\/distracted-northcutt.31-24-154-105.plesk.page\/en\/cantabrico-mediterraneo-corridor-zaragoza\/#primaryimage"},"thumbnailUrl":"https:\/\/distracted-northcutt.31-24-154-105.plesk.page\/wp-content\/uploads\/2026\/03\/jornada-corredor-1.jpg","datePublished":"2025-11-18T09:31:43+00:00","dateModified":"2026-04-15T12:29:36+00:00","author":{"@id":"https:\/\/distracted-northcutt.31-24-154-105.plesk.page\/en\/#\/schema\/person\/bed177a72fa56765778e748fb312d115"},"breadcrumb":{"@id":"https:\/\/distracted-northcutt.31-24-154-105.plesk.page\/en\/cantabrico-mediterraneo-corridor-zaragoza\/#breadcrumb"},"inLanguage":"en-US","potentialAction":[{"@type":"ReadAction","target":["https:\/\/distracted-northcutt.31-24-154-105.plesk.page\/en\/cantabrico-mediterraneo-corridor-zaragoza\/"]}]},{"@type":"ImageObject","inLanguage":"en-US","@id":"https:\/\/distracted-northcutt.31-24-154-105.plesk.page\/en\/cantabrico-mediterraneo-corridor-zaragoza\/#primaryimage","url":"https:\/\/distracted-northcutt.31-24-154-105.plesk.page\/wp-content\/uploads\/2026\/03\/jornada-corredor-1.jpg","contentUrl":"https:\/\/distracted-northcutt.31-24-154-105.plesk.page\/wp-content\/uploads\/2026\/03\/jornada-corredor-1.jpg","width":795,"height":552},{"@type":"BreadcrumbList","@id":"https:\/\/distracted-northcutt.31-24-154-105.plesk.page\/en\/cantabrico-mediterraneo-corridor-zaragoza\/#breadcrumb","itemListElement":[{"@type":"ListItem","position":1,"name":"Portada","item":"https:\/\/distracted-northcutt.31-24-154-105.plesk.page\/en\/"},{"@type":"ListItem","position":2,"name":"CANT\u00c1BRICO -MEDITERR\u00c1NEO CORRIDOR. Zaragoza"}]},{"@type":"WebSite","@id":"https:\/\/distracted-northcutt.31-24-154-105.plesk.page\/en\/#website","url":"https:\/\/distracted-northcutt.31-24-154-105.plesk.page\/en\/","name":"Transpirenaica","description":"Cooperaci\u00f3n y desarrollo sostenible  en Arag\u00f3n","potentialAction":[{"@type":"SearchAction","target":{"@type":"EntryPoint","urlTemplate":"https:\/\/distracted-northcutt.31-24-154-105.plesk.page\/en\/?s={search_term_string}"},"query-input":{"@type":"PropertyValueSpecification","valueRequired":true,"valueName":"search_term_string"}}],"inLanguage":"en-US"},{"@type":"Person","@id":"https:\/\/distracted-northcutt.31-24-154-105.plesk.page\/en\/#\/schema\/person\/bed177a72fa56765778e748fb312d115","name":"Transpirinaica","image":{"@type":"ImageObject","inLanguage":"en-US","@id":"https:\/\/secure.gravatar.com\/avatar\/fe35d32b21526b39d15dea6c5d2aa09c1db6c901548f987afe7ac21cea36d758?s=96&d=mm&r=g","url":"https:\/\/secure.gravatar.com\/avatar\/fe35d32b21526b39d15dea6c5d2aa09c1db6c901548f987afe7ac21cea36d758?s=96&d=mm&r=g","contentUrl":"https:\/\/secure.gravatar.com\/avatar\/fe35d32b21526b39d15dea6c5d2aa09c1db6c901548f987afe7ac21cea36d758?s=96&d=mm&r=g","caption":"Transpirinaica"},"url":"https:\/\/distracted-northcutt.31-24-154-105.plesk.page\/en\/author\/o10mediab\/"}]}},"_links":{"self":[{"href":"https:\/\/distracted-northcutt.31-24-154-105.plesk.page\/en\/wp-json\/wp\/v2\/posts\/230890","targetHints":{"allow":["GET"]}}],"collection":[{"href":"https:\/\/distracted-northcutt.31-24-154-105.plesk.page\/en\/wp-json\/wp\/v2\/posts"}],"about":[{"href":"https:\/\/distracted-northcutt.31-24-154-105.plesk.page\/en\/wp-json\/wp\/v2\/types\/post"}],"author":[{"embeddable":true,"href":"https:\/\/distracted-northcutt.31-24-154-105.plesk.page\/en\/wp-json\/wp\/v2\/users\/2"}],"replies":[{"embeddable":true,"href":"https:\/\/distracted-northcutt.31-24-154-105.plesk.page\/en\/wp-json\/wp\/v2\/comments?post=230890"}],"version-history":[{"count":2,"href":"https:\/\/distracted-northcutt.31-24-154-105.plesk.page\/en\/wp-json\/wp\/v2\/posts\/230890\/revisions"}],"predecessor-version":[{"id":230893,"href":"https:\/\/distracted-northcutt.31-24-154-105.plesk.page\/en\/wp-json\/wp\/v2\/posts\/230890\/revisions\/230893"}],"wp:featuredmedia":[{"embeddable":true,"href":"https:\/\/distracted-northcutt.31-24-154-105.plesk.page\/en\/wp-json\/wp\/v2\/media\/230891"}],"wp:attachment":[{"href":"https:\/\/distracted-northcutt.31-24-154-105.plesk.page\/en\/wp-json\/wp\/v2\/media?parent=230890"}],"wp:term":[{"taxonomy":"category","embeddable":true,"href":"https:\/\/distracted-northcutt.31-24-154-105.plesk.page\/en\/wp-json\/wp\/v2\/categories?post=230890"},{"taxonomy":"post_tag","embeddable":true,"href":"https:\/\/distracted-northcutt.31-24-154-105.plesk.page\/en\/wp-json\/wp\/v2\/tags?post=230890"}],"curies":[{"name":"wp","href":"https:\/\/api.w.org\/{rel}","templated":true}]}}